{"id":92183,"date":"2008-11-17T19:17:36","date_gmt":"2008-11-17T19:17:36","guid":{"rendered":"http:\/\/diariodominicano.ddns.net\/?p=92183"},"modified":"2008-11-17T19:17:36","modified_gmt":"2008-11-17T19:17:36","slug":"despues-del-pecado-viene-el-cuerpo-del-deseo","status":"publish","type":"post","link":"https:\/\/diariodominicano.com\/?p=92183","title":{"rendered":"Despu\u00e9s del \u201cPecado\u201d, viene El Cuerpo del Deseo"},"content":{"rendered":"<p><body><\/p>\n<p align=\"justify\"><strong class=\"titulogrande1\">Despu\u00e9s del \u201cPecado\u201d, viene El Cuerpo  del Deseo<\/strong><br \/>&#13;<br \/>\n  <br \/>&#13;<br \/>\n    <span class=\"text1noticias\"><img loading=\"lazy\" decoding=\"async\" src=\"http:\/\/localhost:8080\/gente\/img\/novel dom.jpg\" width=\"375\" height=\"745\" hspace=\"4\" align=\"left\" \/>Santo  Domingo, 17 de noviembre de 2008.- Luego del gran \u00e9xito de la novela Pecados  Ajenos,\u00a0 en el\u00a0 horario de la 1 p.m., a partir del\u00a0 lunes 8 de diciembre, Teleantillas trae a su  pantalla El Cuerpo del Deseo,\u00a0 con la  misma protagonista de Pecados Ajenos, Lorena Rojas y el gal\u00e1n de la exitosa  novela Pasi\u00f3n de Gavilanes, \u00a0Mario  Cimarro.<br \/>&#13;<br \/>\n    <br \/>&#13;<br \/>\n    Con un elenco de altura encabezado por Andr\u00e9s Garc\u00eda y Mart\u00edn  Karpan. El Cuerpo del Deseo es la historia de un hombre que vuelve de la muerte, en otro cuerpo, a  cobrar venganza.<br \/>&#13;<br \/>\n    <br \/>&#13;<br \/>\n    Pedro  Jos\u00e9 Donoso (Andr\u00e9s Garc\u00eda), es un millonario, que encuentra el amor en Isabel  Arroyo (Lorena Rojas), una joven perfecta en apariencia, pero que a su vez  mantiene una relaci\u00f3n con Andr\u00e9s Corona (Mart\u00edn Karpan), hombre de confianza  del empresario. Corona planea que casarse con Isabel y \u00a0que ella envenene a Donoso, para quedarse  ambos con su fortuna.<br \/>&#13;<br \/>\n    <br \/>&#13;<br \/>\n    Pedro  Jos\u00e9 Donoso muere a la vez que Salvador Cerinza (Mario Cimarro), un campesino  ignorante, cuya vida cambiar\u00e1 despu\u00e9s de su muerte y desencadenar\u00e1 esta  candente historia.<br \/>&#13;<br \/>\n    <br \/>&#13;<br \/>\nNo  te pierdas esta nueva producci\u00f3n que te trae Teleantillas \u00a1TV\u00a0 como eres t\u00fa!<\/span><\/p>\n<p>&#13;<\/p>\n<h6> 2008-11-17 19:17:36 <\/h6>\n<p><!--\n<link rel=\"stylesheet\" href=\"css\/bootstrap.min.css\">\n\n\n<ul class=\"pagination\">\n\t    \n\t\n\n<li >\n\t<a href='?page_no=20804'>Previous<\/a>\n\t<\/li>\n\n\n       \n    \n\n<li><a href='?page_no=1'>1<\/a><\/li>\n\n\n\n<li><a href='?page_no=2'>2<\/a><\/li>\n\n\n\n<li><a>...<\/a><\/li>\n\n\n\n<li><a href='?page_no=20803'>20803<\/a><\/li>\n\n\n\n<li><a href='?page_no=20804'>20804<\/a><\/li>\n\n\n\n<li class='active'><a>20805<\/a><\/li>\n\n\n\n<li><a href='?page_no=20806'>20806<\/a><\/li>\n\n\n\n<li><a href='?page_no=20807'>20807<\/a><\/li>\n\n\n\n<li><a>...<\/a><\/li>\n\n\n\n<li><a href='?page_no=22522'>22522<\/a><\/li>\n\n\n\n<li><a href='?page_no=22523'>22523<\/a><\/li>\n\n    \n\t\n\n<li >\n\t<a href='?page_no=20806'>Next<\/a>\n\t<\/li>\n\n\n    \n\n<li><a href='?page_no=22523'>Last &rsaquo;&rsaquo;<\/a><\/li>\n\n<\/ul>\n\n\n--><br \/>\n<\/body><\/p>\n","protected":false},"excerpt":{"rendered":"<p>Despu\u00e9s del \u201cPecado\u201d, viene El Cuerpo del Deseo&#13; &#13; Santo Domingo, 17 de noviembre de 2008.- Luego del gran \u00e9xito de la novela Pecados Ajenos,\u00a0 en el\u00a0 horario de la 1 p.m., a partir del\u00a0 lunes 8 de diciembre, Teleantillas trae a su pantalla El Cuerpo del Deseo,\u00a0 con la misma protagonista de Pecados Ajenos, [&hellip;]<\/p>\n","protected":false},"author":3,"featured_media":0,"comment_status":"open","ping_status":"open","sticky":false,"template":"","format":"standard","meta":{"footnotes":""},"categories":[25],"tags":[],"class_list":["post-92183","post","type-post","status-publish","format-standard","hentry","category-gente"],"_links":{"self":[{"href":"https:\/\/diariodominicano.com\/index.php?rest_route=\/wp\/v2\/posts\/92183","targetHints":{"allow":["GET"]}}],"collection":[{"href":"https:\/\/diariodominicano.com\/index.php?rest_route=\/wp\/v2\/posts"}],"about":[{"href":"https:\/\/diariodominicano.com\/index.php?rest_route=\/wp\/v2\/types\/post"}],"author":[{"embeddable":true,"href":"https:\/\/diariodominicano.com\/index.php?rest_route=\/wp\/v2\/users\/3"}],"replies":[{"embeddable":true,"href":"https:\/\/diariodominicano.com\/index.php?rest_route=%2Fwp%2Fv2%2Fcomments&post=92183"}],"version-history":[{"count":0,"href":"https:\/\/diariodominicano.com\/index.php?rest_route=\/wp\/v2\/posts\/92183\/revisions"}],"wp:attachment":[{"href":"https:\/\/diariodominicano.com\/index.php?rest_route=%2Fwp%2Fv2%2Fmedia&parent=92183"}],"wp:term":[{"taxonomy":"category","embeddable":true,"href":"https:\/\/diariodominicano.com\/index.php?rest_route=%2Fwp%2Fv2%2Fcategories&post=92183"},{"taxonomy":"post_tag","embeddable":true,"href":"https:\/\/diariodominicano.com\/index.php?rest_route=%2Fwp%2Fv2%2Ftags&post=92183"}],"curies":[{"name":"wp","href":"https:\/\/api.w.org\/{rel}","templated":true}]}}