{"id":92181,"date":"2008-11-17T20:28:50","date_gmt":"2008-11-17T20:28:50","guid":{"rendered":"http:\/\/diariodominicano.ddns.net\/?p=92181"},"modified":"2008-11-17T20:28:50","modified_gmt":"2008-11-17T20:28:50","slug":"casa-morel-celebra-30-anos-de-existos","status":"publish","type":"post","link":"https:\/\/diariodominicano.com\/?p=92181","title":{"rendered":"CASA MOREL CELEBRA 30 A\u00d1OS DE EXISTOS"},"content":{"rendered":"<p><body><\/p>\n<p align=\"center\" class=\"titulogrande1\"><strong>CASA MOREL CELEBRA 30 A\u00d1OS DE EXISTOS<\/strong><\/p>\n<p>&#13;<\/p>\n<p align=\"justify\" class=\"text1noticias\"><img loading=\"lazy\" decoding=\"async\" src=\"http:\/\/localhost:8080\/gente\/img\/cas dom.jpg\" width=\"375\" height=\"821\" hspace=\"4\" align=\"left\" \/>Santiago. Casa Mobel  ofreci\u00f3 una recepci\u00f3n para festejar sus treinta a\u00f1os de calidad\u00a0 para el mercado nacional e internacional,  siendo una empresa de gran prestigio que ofrece los m\u00e1s esmerados\u00a0 servicios para residencias, oficinas, villas  , hoteles\u00a0 restaurantes, tanto en la  Rep\u00fablicas dominicana, como el exterior.<\/p>\n<p>&#13;<\/p>\n<p align=\"justify\" class=\"text1noticias\">Las palabras  centrales fueron pronunciadas por Mauricio Perell\u00f3, presidente de Corporaci\u00f3n  Mobel, quien destac\u00f3 la trayectoria de la empresa, hasta convertirse hoy en una  corporaci\u00f3n que, a parte de la fabricaci\u00f3n, exporta e importa muebles hacia  distintos continentes.<\/p>\n<p>&#13;<\/p>\n<p align=\"justify\" class=\"text1noticias\">\u201cEn aquel entonces  nos destacamos por el af\u00e1n por la perfecci\u00f3n, por la calidad y un gran respeto  por nuestros clientes, siempre apegados al trabajo arduo, la constancia y el  esp\u00edritu empresarial. Desde aquel momento, siempre asumimos nuevos retos,  nuevos cambios, trabajando con valores empresariales duraderos, ofertando al  mercado innovaci\u00f3n y creatividad constante\u201d, dijo Perell\u00f3.<\/p>\n<p>&#13;<\/p>\n<p align=\"justify\" class=\"text1noticias\">Asimismo, expres\u00f3  que Mobel ha completado m\u00e1s de 34 mil habitantes de hoteles nacionales,  contribuyendo con ello al desarrollo del sector tur\u00edstico y de la fabricaci\u00f3n e  muebles. Hoy las instalaciones superan los 70 mil pies cuadrados, donde se  producen\u00a0 piezas \u00fanicas para el mercado  nacional y extranjero.<\/p>\n<p>&#13;<\/p>\n<p align=\"justify\" class=\"text1noticias\">\u201cCasa Mobel no es  s\u00f3lo una tienda de muebles, es un centro de dise\u00f1o, es la f\u00e1brica de muebles y  carpinter\u00eda m\u00e1s diversificada y moderna del Caribe. Tambi\u00e9n es un gran equipo  de profesionales que sienten pasi\u00f3n por su trabajo diario y orgullo de crear y  desarrollar nuevas propuestas todos los d\u00edas\u201d, indic\u00f3.<\/p>\n<p>&#13;<\/p>\n<p align=\"justify\" class=\"text1noticias\"> Durante la actividad,  fue presentada la nueva identidad corporativa y nueva p\u00e1gina electr\u00f3nica de  Casa\u00a0 Mobel. Luego del acto formal, los  anfitriones acompa\u00f1aron a los invitados para recorrer los espacios de Casa  Mobel y luego disfrutar de un brindis, por los treinta a\u00f1os de la empresa.<\/p>\n<p>&#13;<\/p>\n<p align=\"justify\" class=\"text1noticias\"><strong>SOBRE  CASA MOBEL<\/strong>.<\/p>\n<p>&#13;<\/p>\n<p align=\"justify\" class=\"text1noticias\">Establecidos\u00a0 hace m\u00e1s de treinta a\u00f1os en el mercado  nacional e internacional, con una firme valoraci\u00f3n de lo esencial y lo pausado,  a trav\u00e9s de sus creaciones, Casa Mobel es una\u00a0  s\u00f3lida industria apegada al respeto del medio ambiente, con gran  experiencia y a la vanguardia en el uso de alta tecnolog\u00eda para la elaboraci\u00f3n  de muebles.<\/p>\n<p>&#13;<\/p>\n<p align=\"justify\" class=\"text1noticias\">Adem\u00e1s de la  fabricaci\u00f3n de muebles, que exporta a distintos destinos en los cinco  continentes, se dedica tambi\u00e9n a la importaci\u00f3n y exportaci\u00f3n de mobiliario, a  trav\u00e9s de sus uniones estrat\u00e9gicas con las firmas Sati, de Espa\u00f1a;\u00a0 Gruppo Setten\/record Cucine y Societa  Tecnol\u00f3gica de Italia; Asia Rattan, e Singapur, JG Edelen en los Estados Unidos  y Graha Jiwa de Indonesia.<\/p>\n<p>&#13;<\/p>\n<p align=\"justify\" class=\"text1noticias\">Con un profundo  respeto al medio ambiente, han desarrollado una empresa donde los artesanos dan  vida a las ideas de los dise\u00f1adores que, a trav\u00e9s de sus obras, ofrecen un  mueble de gran estilo, calidad y confort, como s\u00f3lo Casa Mobel puede ofrecerlo.<\/p>\n<p>&#13;<\/p>\n<p align=\"justify\" class=\"text1noticias\">Dedicada a la  exportaci\u00f3n e importaci\u00f3n de productos, cuenta con una planta que supera los  53,000 pies cuadrados de construcci\u00f3n. La empresa\u00a0 tambi\u00e9n ofrece el servicio denominado  \u201cProyecto con llave en mano\u201d, el m\u00e1s id\u00f3neo programa de dise\u00f1o y fabricaci\u00f3n de  mobiliario en serie para oficinas, villas, hoteles, centro de salud y  restaurantes.<\/p>\n<p>&#13;<\/p>\n<p align=\"justify\" class=\"text1noticias\">Los dise\u00f1os son  realizados por magn\u00edficos dise\u00f1adores que se auxilian de la m\u00e1s moderna  tecnolog\u00eda para ofrecer al mercado nacional e internacional mobiliario y  accesorios de alta durabilidad, resistencia, belleza y distinci\u00f3n.<\/p>\n<p>&#13;<\/p>\n<p align=\"justify\" class=\"text1noticias\">Un s\u00f3lido nombre  presente en los m\u00e1s importantes proyectos inmobiliarios y tur\u00edsticos del pa\u00eds,  as\u00ed como a una amplia cartera de importantes clientes que les han confiado sus  sue\u00f1os.<\/p>\n<p>&#13;<\/p>\n<h6> 2008-11-17 20:28:50 <\/h6>\n<p><!--\n<link rel=\"stylesheet\" href=\"css\/bootstrap.min.css\">\n\n\n<ul class=\"pagination\">\n\t    \n\t\n\n<li >\n\t<a href='?page_no=20802'>Previous<\/a>\n\t<\/li>\n\n\n       \n    \n\n<li><a href='?page_no=1'>1<\/a><\/li>\n\n\n\n<li><a href='?page_no=2'>2<\/a><\/li>\n\n\n\n<li><a>...<\/a><\/li>\n\n\n\n<li><a href='?page_no=20801'>20801<\/a><\/li>\n\n\n\n<li><a href='?page_no=20802'>20802<\/a><\/li>\n\n\n\n<li class='active'><a>20803<\/a><\/li>\n\n\n\n<li><a href='?page_no=20804'>20804<\/a><\/li>\n\n\n\n<li><a href='?page_no=20805'>20805<\/a><\/li>\n\n\n\n<li><a>...<\/a><\/li>\n\n\n\n<li><a href='?page_no=22522'>22522<\/a><\/li>\n\n\n\n<li><a href='?page_no=22523'>22523<\/a><\/li>\n\n    \n\t\n\n<li >\n\t<a href='?page_no=20804'>Next<\/a>\n\t<\/li>\n\n\n    \n\n<li><a href='?page_no=22523'>Last &rsaquo;&rsaquo;<\/a><\/li>\n\n<\/ul>\n\n\n--><br \/>\n<\/body><\/p>\n","protected":false},"excerpt":{"rendered":"<p>CASA MOREL CELEBRA 30 A\u00d1OS DE EXISTOS &#13; Santiago. Casa Mobel ofreci\u00f3 una recepci\u00f3n para festejar sus treinta a\u00f1os de calidad\u00a0 para el mercado nacional e internacional, siendo una empresa de gran prestigio que ofrece los m\u00e1s esmerados\u00a0 servicios para residencias, oficinas, villas , hoteles\u00a0 restaurantes, tanto en la Rep\u00fablicas dominicana, como el exterior. &#13; [&hellip;]<\/p>\n","protected":false},"author":3,"featured_media":0,"comment_status":"open","ping_status":"open","sticky":false,"template":"","format":"standard","meta":{"footnotes":""},"categories":[25],"tags":[],"class_list":["post-92181","post","type-post","status-publish","format-standard","hentry","category-gente"],"_links":{"self":[{"href":"https:\/\/diariodominicano.com\/index.php?rest_route=\/wp\/v2\/posts\/92181","targetHints":{"allow":["GET"]}}],"collection":[{"href":"https:\/\/diariodominicano.com\/index.php?rest_route=\/wp\/v2\/posts"}],"about":[{"href":"https:\/\/diariodominicano.com\/index.php?rest_route=\/wp\/v2\/types\/post"}],"author":[{"embeddable":true,"href":"https:\/\/diariodominicano.com\/index.php?rest_route=\/wp\/v2\/users\/3"}],"replies":[{"embeddable":true,"href":"https:\/\/diariodominicano.com\/index.php?rest_route=%2Fwp%2Fv2%2Fcomments&post=92181"}],"version-history":[{"count":0,"href":"https:\/\/diariodominicano.com\/index.php?rest_route=\/wp\/v2\/posts\/92181\/revisions"}],"wp:attachment":[{"href":"https:\/\/diariodominicano.com\/index.php?rest_route=%2Fwp%2Fv2%2Fmedia&parent=92181"}],"wp:term":[{"taxonomy":"category","embeddable":true,"href":"https:\/\/diariodominicano.com\/index.php?rest_route=%2Fwp%2Fv2%2Fcategories&post=92181"},{"taxonomy":"post_tag","embeddable":true,"href":"https:\/\/diariodominicano.com\/index.php?rest_route=%2Fwp%2Fv2%2Ftags&post=92181"}],"curies":[{"name":"wp","href":"https:\/\/api.w.org\/{rel}","templated":true}]}}