{"id":92180,"date":"2008-11-17T22:13:30","date_gmt":"2008-11-17T22:13:30","guid":{"rendered":"http:\/\/diariodominicano.ddns.net\/?p=92180"},"modified":"2008-11-17T22:13:30","modified_gmt":"2008-11-17T22:13:30","slug":"estudiantes-de-la-pucmm-realizaran-expo-cultura-2008","status":"publish","type":"post","link":"https:\/\/diariodominicano.com\/?p=92180","title":{"rendered":"Estudiantes de la PUCMM realizar\u00e1n \u201cExpo-Cultura 2008\u201d"},"content":{"rendered":"<p><body><\/p>\n<p class=\"titulogrande1\"><strong>Estudiantes  de la PUCMM realizar\u00e1n \u201cExpo-Cultura 2008\u201d<\/strong><\/p>\n<p>&#13;<\/p>\n<p align=\"justify\"><span class=\"text1noticias\">En el marco de la celebraci\u00f3n de la semana cultural de la  Pontificia Universidad Cat\u00f3lica Madre y Maestra, PUCMM, los estudiantes del 7mo  semestre de Administraci\u00f3n Hotelera, menci\u00f3n mercadeo, que cursan la asignatura  de Ventas hoteleras\u00a0 de la PUCMM, realizar\u00e1n  la 8va feria de Ventas hotelera <strong>\u201cEXPO-CULTURA 2008\u201d<\/strong> con la intenci\u00f3n de  promover el turismo cultural de los principales polos tur\u00edsticos de nuestro  pa\u00eds.<br \/>&#13;<br \/>\n  <br \/>&#13;<br \/>\n La actividad se llevar\u00e1 a cabo en el Sal\u00f3n Ejecutivo de la  PUCMM de la Avenida Abraham Lincoln esquina. R\u00f3mulo Betancourt, los d\u00edas 19 y  20 de noviembre a partir de las 4:00 PM.<br \/>&#13;<br \/>\n <br \/>&#13;<br \/>\n Adem\u00e1s, la feria contar\u00e1 con la participaci\u00f3n del Ballet  Folkl\u00f3rico y El Perico Ripiao de la SECTUR, as\u00ed como rifas de 6 fines de semana  en hoteles del pa\u00eds, cenas, almuerzos en restaurantes reconocidos, brindis,  degustaciones, charlas y muchas otras sorpresas.<\/span><\/p>\n<p>&#13;<\/p>\n<h6> 2008-11-17 22:13:30 <\/h6>\n<p><!--\n<link rel=\"stylesheet\" href=\"css\/bootstrap.min.css\">\n\n\n<ul class=\"pagination\">\n\t    \n\t\n\n<li >\n\t<a href='?page_no=20801'>Previous<\/a>\n\t<\/li>\n\n\n       \n    \n\n<li><a href='?page_no=1'>1<\/a><\/li>\n\n\n\n<li><a href='?page_no=2'>2<\/a><\/li>\n\n\n\n<li><a>...<\/a><\/li>\n\n\n\n<li><a href='?page_no=20800'>20800<\/a><\/li>\n\n\n\n<li><a href='?page_no=20801'>20801<\/a><\/li>\n\n\n\n<li class='active'><a>20802<\/a><\/li>\n\n\n\n<li><a href='?page_no=20803'>20803<\/a><\/li>\n\n\n\n<li><a href='?page_no=20804'>20804<\/a><\/li>\n\n\n\n<li><a>...<\/a><\/li>\n\n\n\n<li><a href='?page_no=22522'>22522<\/a><\/li>\n\n\n\n<li><a href='?page_no=22523'>22523<\/a><\/li>\n\n    \n\t\n\n<li >\n\t<a href='?page_no=20803'>Next<\/a>\n\t<\/li>\n\n\n    \n\n<li><a href='?page_no=22523'>Last &rsaquo;&rsaquo;<\/a><\/li>\n\n<\/ul>\n\n\n--><br \/>\n<\/body><\/p>\n","protected":false},"excerpt":{"rendered":"<p>Estudiantes de la PUCMM realizar\u00e1n \u201cExpo-Cultura 2008\u201d &#13; En el marco de la celebraci\u00f3n de la semana cultural de la Pontificia Universidad Cat\u00f3lica Madre y Maestra, PUCMM, los estudiantes del 7mo semestre de Administraci\u00f3n Hotelera, menci\u00f3n mercadeo, que cursan la asignatura de Ventas hoteleras\u00a0 de la PUCMM, realizar\u00e1n la 8va feria de Ventas hotelera \u201cEXPO-CULTURA [&hellip;]<\/p>\n","protected":false},"author":3,"featured_media":0,"comment_status":"open","ping_status":"open","sticky":false,"template":"","format":"standard","meta":{"footnotes":""},"categories":[25],"tags":[],"class_list":["post-92180","post","type-post","status-publish","format-standard","hentry","category-gente"],"_links":{"self":[{"href":"https:\/\/diariodominicano.com\/index.php?rest_route=\/wp\/v2\/posts\/92180","targetHints":{"allow":["GET"]}}],"collection":[{"href":"https:\/\/diariodominicano.com\/index.php?rest_route=\/wp\/v2\/posts"}],"about":[{"href":"https:\/\/diariodominicano.com\/index.php?rest_route=\/wp\/v2\/types\/post"}],"author":[{"embeddable":true,"href":"https:\/\/diariodominicano.com\/index.php?rest_route=\/wp\/v2\/users\/3"}],"replies":[{"embeddable":true,"href":"https:\/\/diariodominicano.com\/index.php?rest_route=%2Fwp%2Fv2%2Fcomments&post=92180"}],"version-history":[{"count":0,"href":"https:\/\/diariodominicano.com\/index.php?rest_route=\/wp\/v2\/posts\/92180\/revisions"}],"wp:attachment":[{"href":"https:\/\/diariodominicano.com\/index.php?rest_route=%2Fwp%2Fv2%2Fmedia&parent=92180"}],"wp:term":[{"taxonomy":"category","embeddable":true,"href":"https:\/\/diariodominicano.com\/index.php?rest_route=%2Fwp%2Fv2%2Fcategories&post=92180"},{"taxonomy":"post_tag","embeddable":true,"href":"https:\/\/diariodominicano.com\/index.php?rest_route=%2Fwp%2Fv2%2Ftags&post=92180"}],"curies":[{"name":"wp","href":"https:\/\/api.w.org\/{rel}","templated":true}]}}