{"id":92177,"date":"2008-11-17T22:27:13","date_gmt":"2008-11-17T22:27:13","guid":{"rendered":"http:\/\/diariodominicano.ddns.net\/?p=92177"},"modified":"2008-11-17T22:27:13","modified_gmt":"2008-11-17T22:27:13","slug":"los-mexicanos-jannymarco-con-sonido-de-bachata-pop","status":"publish","type":"post","link":"https:\/\/diariodominicano.com\/?p=92177","title":{"rendered":"Los mexicanos JannyMarco con sonido de bachata pop"},"content":{"rendered":"<p><body><\/p>\n<p class=\"titulogrande1\">Los mexicanos JannyMarco con sonido de bachata pop<\/p>\n<p>&#13;<\/p>\n<p align=\"justify\" class=\"text1noticias\"><img loading=\"lazy\" decoding=\"async\" src=\"http:\/\/localhost:8080\/gente\/img\/mexi don.jpg\" width=\"375\" height=\"259\" hspace=\"4\" align=\"left\" \/>Miami, FL, 17 de noviembre del 2008.- <strong>Janny<\/strong> y <strong>Marco <\/strong>son dos  j\u00f3venes latinos que vienen a conquistar el continente. Estos dos talentosos  hermanos nacidos, en Baja California Norte, son los primeros artistas con  ascendencia mexicana en fusionar la bachata y el pop. El d\u00fao se llama <strong>JannyMarco<\/strong> y en las pr\u00f3ximas semanas  estrenan su nuevo disco \u201cLa Historia de los Dos\u201d.<br \/>&#13;<br \/>\n  <br \/>&#13;<br \/>\n  \u201cHacemos una mezcla que la gente va a disfrutar\u201d, dice  Janny, anticip\u00e1ndose a las sorpresas que incluye el \u00e1lbum. Una de ellas es \u201cLa  Historia de los Dos\u201d, el primer sencillo que da nombre al disco y que comenzar\u00e1  a sonar en los pr\u00f3ximos d\u00edas en las radios de todo el pa\u00eds.<br \/>&#13;<br \/>\n  <br \/>&#13;<br \/>\n  Marco dice ya sentir las ansias de llegar a M\u00e9xico y  Rep\u00fablica Dominicana. \u201cQueremos hacer una sola Latinoam\u00e9rica con nuestra  m\u00fasica\u201d, asegura el artista dispuesto a romper barreras y unir los latinos con  sus canciones.<br \/>&#13;<br \/>\n  <br \/>&#13;<br \/>\n  \u201cEl p\u00fablico quedar\u00e1 encantado con lo que escuchar\u00e1n\u201d,  anticipa <strong>Henry Jim\u00e9nez<\/strong>, productor  musical de la grabaci\u00f3n, quien ya ha trabajado con artistas de la estatura de <strong>Milly Quezada, El Jeffrey, To\u00f1o Rosario,  Johnny Ventura<\/strong>, entre otros.<br \/>&#13;<br \/>\n  <br \/>&#13;<br \/>\n  Justamente, la reina del merengue dominicano participa del  disco. Milly Quesada canta con Janny y Marco el tema navide\u00f1o \u201cEl ni\u00f1o del  tambor\u201d, un bonus track del disco que le pone aun m\u00e1s color a la obra.<br \/>&#13;<br \/>\n  <br \/>&#13;<br \/>\n  Con una agenda completa de viajes y presentaciones para lo  que resta del a\u00f1o, JannyMarco comienzan una gira de promoci\u00f3n que recorrer\u00e1 las  principales ciudades de Estados Unidos para luego partir a Latinoam\u00e9rica.<br \/>&#13;<br \/>\n  <br \/>&#13;<br \/>\n  \u201cLa Historia de los Dos\u201d es un lanzamiento de CR Records y  muy pronto llega a las tiendas.<\/p>\n<p>&#13;<\/p>\n<h6> 2008-11-17 22:27:13 <\/h6>\n<p><!--\n<link rel=\"stylesheet\" href=\"css\/bootstrap.min.css\">\n\n\n<ul class=\"pagination\">\n\t    \n\t\n\n<li >\n\t<a href='?page_no=20798'>Previous<\/a>\n\t<\/li>\n\n\n       \n    \n\n<li><a href='?page_no=1'>1<\/a><\/li>\n\n\n\n<li><a href='?page_no=2'>2<\/a><\/li>\n\n\n\n<li><a>...<\/a><\/li>\n\n\n\n<li><a href='?page_no=20797'>20797<\/a><\/li>\n\n\n\n<li><a href='?page_no=20798'>20798<\/a><\/li>\n\n\n\n<li class='active'><a>20799<\/a><\/li>\n\n\n\n<li><a href='?page_no=20800'>20800<\/a><\/li>\n\n\n\n<li><a href='?page_no=20801'>20801<\/a><\/li>\n\n\n\n<li><a>...<\/a><\/li>\n\n\n\n<li><a href='?page_no=22522'>22522<\/a><\/li>\n\n\n\n<li><a href='?page_no=22523'>22523<\/a><\/li>\n\n    \n\t\n\n<li >\n\t<a href='?page_no=20800'>Next<\/a>\n\t<\/li>\n\n\n    \n\n<li><a href='?page_no=22523'>Last &rsaquo;&rsaquo;<\/a><\/li>\n\n<\/ul>\n\n\n--><br \/>\n<\/body><\/p>\n","protected":false},"excerpt":{"rendered":"<p>Los mexicanos JannyMarco con sonido de bachata pop &#13; Miami, FL, 17 de noviembre del 2008.- Janny y Marco son dos j\u00f3venes latinos que vienen a conquistar el continente. Estos dos talentosos hermanos nacidos, en Baja California Norte, son los primeros artistas con ascendencia mexicana en fusionar la bachata y el pop. El d\u00fao se [&hellip;]<\/p>\n","protected":false},"author":3,"featured_media":0,"comment_status":"open","ping_status":"open","sticky":false,"template":"","format":"standard","meta":{"footnotes":""},"categories":[25],"tags":[],"class_list":["post-92177","post","type-post","status-publish","format-standard","hentry","category-gente"],"_links":{"self":[{"href":"https:\/\/diariodominicano.com\/index.php?rest_route=\/wp\/v2\/posts\/92177","targetHints":{"allow":["GET"]}}],"collection":[{"href":"https:\/\/diariodominicano.com\/index.php?rest_route=\/wp\/v2\/posts"}],"about":[{"href":"https:\/\/diariodominicano.com\/index.php?rest_route=\/wp\/v2\/types\/post"}],"author":[{"embeddable":true,"href":"https:\/\/diariodominicano.com\/index.php?rest_route=\/wp\/v2\/users\/3"}],"replies":[{"embeddable":true,"href":"https:\/\/diariodominicano.com\/index.php?rest_route=%2Fwp%2Fv2%2Fcomments&post=92177"}],"version-history":[{"count":0,"href":"https:\/\/diariodominicano.com\/index.php?rest_route=\/wp\/v2\/posts\/92177\/revisions"}],"wp:attachment":[{"href":"https:\/\/diariodominicano.com\/index.php?rest_route=%2Fwp%2Fv2%2Fmedia&parent=92177"}],"wp:term":[{"taxonomy":"category","embeddable":true,"href":"https:\/\/diariodominicano.com\/index.php?rest_route=%2Fwp%2Fv2%2Fcategories&post=92177"},{"taxonomy":"post_tag","embeddable":true,"href":"https:\/\/diariodominicano.com\/index.php?rest_route=%2Fwp%2Fv2%2Ftags&post=92177"}],"curies":[{"name":"wp","href":"https:\/\/api.w.org\/{rel}","templated":true}]}}