{"id":92173,"date":"2008-11-18T21:30:16","date_gmt":"2008-11-18T21:30:16","guid":{"rendered":"http:\/\/diariodominicano.ddns.net\/?p=92173"},"modified":"2008-11-18T21:30:16","modified_gmt":"2008-11-18T21:30:16","slug":"julio-bevione-hablara-de-los-cambios-del-mundo-en-barcelona","status":"publish","type":"post","link":"https:\/\/diariodominicano.com\/?p=92173","title":{"rendered":"Julio Bevione hablar\u00e1  de los cambios del mundo en Barcelona"},"content":{"rendered":"<p><body><\/p>\n<p align=\"justify\"><span class=\"titulogrande1\">Julio Bevione  hablar\u00e1\u00a0 de los cambios del mundo en  Barcelona<\/span><br \/>&#13;<br \/>\n  <br \/>&#13;<br \/>\n    <span class=\"text1noticias\"><img loading=\"lazy\" decoding=\"async\" src=\"http:\/\/localhost:8080\/gente\/img\/bevi mia.jpg\" width=\"375\" height=\"289\" hspace=\"4\" align=\"left\" \/>Miami, FL, 18 de  noviembre del 2008.- <strong>Julio Bevione<\/strong> es el conferencista internacional invitado a la XXII Feria Magic de Barcelona,  la feria espiritual y de terapias alternativas m\u00e1s grande de Europa. El autor  de \u201cVivir en La Zona\u201d ofrecer\u00e1 una conferencia en la clausura del encuentro que  convoca a cientos de profesionales de diferentes disciplinas del continente  europeo.<br \/>&#13;<br \/>\n    <br \/>&#13;<br \/>\n\u201cEl mundo est\u00e1  viviendo un cambio hacia una nueva conciencia y eso se refleja desde la  pol\u00edtica hasta las financias. Esta crisis econ\u00f3mica es una clara muestra del  fin de una etapa y el comienzo de una nueva manera de vivir con principios m\u00e1s  cercanos a la espiritualidad como nunca antes hab\u00edamos visto\u201d, dice Bevione,  quien es consultado en estos d\u00edas por profesionales y medios de comunicaci\u00f3n de  Espa\u00f1a para comprender el proceso por el que est\u00e1 pasando el planeta.<br \/>&#13;<br \/>\n<br \/>&#13;<br \/>\nEl autor ofrecer\u00e1 su  conferencia el domingo 30 de noviembre a las 4:30 p.m. en los salones de la  Fira Barcelona frente a las Fuentes Luminosas de Montjuic. La Feria Magic ha  creado este a\u00f1o un inter\u00e9s especial ante los repentinos cambios y fen\u00f3menos  sociales, pol\u00edticos y econ\u00f3micos ocurridos en los \u00faltimos meses.<br \/>&#13;<br \/>\n<br \/>&#13;<br \/>\nJulio Bevione es el  autor de los libros \u201cVivir en La Zona\u201d, \u201c52 Semanas para Vivir en La Zona\u201d y  \u201c\u00a1Qu\u00e9 Maravilla! Mis primeros pasos en la espiritualidad\u201d, este ultimo dedicado  al p\u00fablico infantil. Adem\u00e1s, es le\u00eddo por millones de lectores en Latinoam\u00e9rica  y Espa\u00f1a a trav\u00e9s de su columna en la revista Selecciones del Reader\u2019s Digest.<\/span><\/p>\n<p>&#13;<\/p>\n<h6> 2008-11-18 21:30:16 <\/h6>\n<p><!--\n<link rel=\"stylesheet\" href=\"css\/bootstrap.min.css\">\n\n\n<ul class=\"pagination\">\n\t    \n\t\n\n<li >\n\t<a href='?page_no=20794'>Previous<\/a>\n\t<\/li>\n\n\n       \n    \n\n<li><a href='?page_no=1'>1<\/a><\/li>\n\n\n\n<li><a href='?page_no=2'>2<\/a><\/li>\n\n\n\n<li><a>...<\/a><\/li>\n\n\n\n<li><a href='?page_no=20793'>20793<\/a><\/li>\n\n\n\n<li><a href='?page_no=20794'>20794<\/a><\/li>\n\n\n\n<li class='active'><a>20795<\/a><\/li>\n\n\n\n<li><a href='?page_no=20796'>20796<\/a><\/li>\n\n\n\n<li><a href='?page_no=20797'>20797<\/a><\/li>\n\n\n\n<li><a>...<\/a><\/li>\n\n\n\n<li><a href='?page_no=22522'>22522<\/a><\/li>\n\n\n\n<li><a href='?page_no=22523'>22523<\/a><\/li>\n\n    \n\t\n\n<li >\n\t<a href='?page_no=20796'>Next<\/a>\n\t<\/li>\n\n\n    \n\n<li><a href='?page_no=22523'>Last &rsaquo;&rsaquo;<\/a><\/li>\n\n<\/ul>\n\n\n--><br \/>\n<\/body><\/p>\n","protected":false},"excerpt":{"rendered":"<p>Julio Bevione hablar\u00e1\u00a0 de los cambios del mundo en Barcelona&#13; &#13; Miami, FL, 18 de noviembre del 2008.- Julio Bevione es el conferencista internacional invitado a la XXII Feria Magic de Barcelona, la feria espiritual y de terapias alternativas m\u00e1s grande de Europa. El autor de \u201cVivir en La Zona\u201d ofrecer\u00e1 una conferencia en la [&hellip;]<\/p>\n","protected":false},"author":3,"featured_media":0,"comment_status":"open","ping_status":"open","sticky":false,"template":"","format":"standard","meta":{"footnotes":""},"categories":[25],"tags":[],"class_list":["post-92173","post","type-post","status-publish","format-standard","hentry","category-gente"],"_links":{"self":[{"href":"https:\/\/diariodominicano.com\/index.php?rest_route=\/wp\/v2\/posts\/92173","targetHints":{"allow":["GET"]}}],"collection":[{"href":"https:\/\/diariodominicano.com\/index.php?rest_route=\/wp\/v2\/posts"}],"about":[{"href":"https:\/\/diariodominicano.com\/index.php?rest_route=\/wp\/v2\/types\/post"}],"author":[{"embeddable":true,"href":"https:\/\/diariodominicano.com\/index.php?rest_route=\/wp\/v2\/users\/3"}],"replies":[{"embeddable":true,"href":"https:\/\/diariodominicano.com\/index.php?rest_route=%2Fwp%2Fv2%2Fcomments&post=92173"}],"version-history":[{"count":0,"href":"https:\/\/diariodominicano.com\/index.php?rest_route=\/wp\/v2\/posts\/92173\/revisions"}],"wp:attachment":[{"href":"https:\/\/diariodominicano.com\/index.php?rest_route=%2Fwp%2Fv2%2Fmedia&parent=92173"}],"wp:term":[{"taxonomy":"category","embeddable":true,"href":"https:\/\/diariodominicano.com\/index.php?rest_route=%2Fwp%2Fv2%2Fcategories&post=92173"},{"taxonomy":"post_tag","embeddable":true,"href":"https:\/\/diariodominicano.com\/index.php?rest_route=%2Fwp%2Fv2%2Ftags&post=92173"}],"curies":[{"name":"wp","href":"https:\/\/api.w.org\/{rel}","templated":true}]}}