{"id":92169,"date":"2008-11-19T19:42:55","date_gmt":"2008-11-19T19:42:55","guid":{"rendered":"http:\/\/diariodominicano.ddns.net\/?p=92169"},"modified":"2008-11-19T19:42:55","modified_gmt":"2008-11-19T19:42:55","slug":"clasico-de-los-80-iran-al-maunaloa-el-23-de-diciembre","status":"publish","type":"post","link":"https:\/\/diariodominicano.com\/?p=92169","title":{"rendered":"Cl\u00e1sico de los 80 Ir\u00e1n al Maunaloa el 23 de diciembre"},"content":{"rendered":"<p><body><\/p>\n<p align=\"center\" class=\"titulogrande1\"><strong>Cl\u00e1sico  de los 80 Ir\u00e1n al Maunaloa el 23 de diciembre<\/strong><\/p>\n<p>&#13;<\/p>\n<p align=\"justify\" class=\"text1noticias\">La  directiva de Amucaba realizar\u00e1 un Show-Bailable pro-recaudaci\u00f3n de fondos para  su proyecto Escuela de M\u00fasica, para ni\u00f1os y ni\u00f1as que tienen el prop\u00f3sito de  estudiar y no cuentan con los recursos para desarrollar su talento y el plan  social de su membres\u00eda. <\/p>\n<p>&#13;<\/p>\n<p align=\"justify\" class=\"text1noticias\">Esta  actividad se llevar\u00e1 a cabo el Martes 23 de diciembre de 2008, en el <strong>Maunaloa Night Club &amp; Casino<\/strong> y  contar\u00e1 con un elenco art\u00edstico de los cl\u00e1sicos de los 80, estar\u00e1n en escena: <strong>Alex Bueno, Ram\u00f3n Orlando,<\/strong> <strong>Monchy Capricho, El Nazareno, Vicente Pacheco,  Charlie Rodr\u00edguez<\/strong> entre otros, bajo la producci\u00f3n asociada de <strong>Jes\u00fas Melo<\/strong>, y como productor musical: <strong>July Mateo (Rasput\u00edn).<\/strong> <\/p>\n<p>&#13;<\/p>\n<p align=\"justify\" class=\"text1noticias\"><strong>Armando Feliz<\/strong> presidente de Amucaba dijo que reina mucho entusiasmo  en la clase art\u00edstica por participar en un evento que como esta tiene un gran  significado por tratarse del desarrollo de los planes de la Escuela de M\u00fasica  del gremio y el Plan Social, exolt\u00f3 a los amigos y relacionados de Amucaba,  como tambi\u00e9n a los empresarios, comerciantes o instituciones\u00a0 que deseen colaborar y quieran\u00a0 apoyar esta iniciativa. <\/p>\n<p>&#13;<\/p>\n<p align=\"justify\" class=\"text1noticias\">Las  boletas estar\u00e1n de venta en el Maunaloa, en Amucaba y otros puntos que ser\u00e1n  se\u00f1alados m\u00e1s adelante, dijo que el p\u00fablico podr\u00e1 disfrutar de este grandioso  Show-Bailable a partir de las 9 de la noche, solicit\u00f3 el apoyo de los medios de  comunicaci\u00f3n y agradeci\u00f3 de ante mano la colaboraci\u00f3n de la prensa en general. <\/p>\n<p>&#13;<\/p>\n<h6> 2008-11-19 19:42:55 <\/h6>\n<p><!--\n<link rel=\"stylesheet\" href=\"css\/bootstrap.min.css\">\n\n\n<ul class=\"pagination\">\n\t    \n\t\n\n<li >\n\t<a href='?page_no=20790'>Previous<\/a>\n\t<\/li>\n\n\n       \n    \n\n<li><a href='?page_no=1'>1<\/a><\/li>\n\n\n\n<li><a href='?page_no=2'>2<\/a><\/li>\n\n\n\n<li><a>...<\/a><\/li>\n\n\n\n<li><a href='?page_no=20789'>20789<\/a><\/li>\n\n\n\n<li><a href='?page_no=20790'>20790<\/a><\/li>\n\n\n\n<li class='active'><a>20791<\/a><\/li>\n\n\n\n<li><a href='?page_no=20792'>20792<\/a><\/li>\n\n\n\n<li><a href='?page_no=20793'>20793<\/a><\/li>\n\n\n\n<li><a>...<\/a><\/li>\n\n\n\n<li><a href='?page_no=22522'>22522<\/a><\/li>\n\n\n\n<li><a href='?page_no=22523'>22523<\/a><\/li>\n\n    \n\t\n\n<li >\n\t<a href='?page_no=20792'>Next<\/a>\n\t<\/li>\n\n\n    \n\n<li><a href='?page_no=22523'>Last &rsaquo;&rsaquo;<\/a><\/li>\n\n<\/ul>\n\n\n--><br \/>\n<\/body><\/p>\n","protected":false},"excerpt":{"rendered":"<p>Cl\u00e1sico de los 80 Ir\u00e1n al Maunaloa el 23 de diciembre &#13; La directiva de Amucaba realizar\u00e1 un Show-Bailable pro-recaudaci\u00f3n de fondos para su proyecto Escuela de M\u00fasica, para ni\u00f1os y ni\u00f1as que tienen el prop\u00f3sito de estudiar y no cuentan con los recursos para desarrollar su talento y el plan social de su membres\u00eda. [&hellip;]<\/p>\n","protected":false},"author":3,"featured_media":0,"comment_status":"open","ping_status":"open","sticky":false,"template":"","format":"standard","meta":{"footnotes":""},"categories":[25],"tags":[],"class_list":["post-92169","post","type-post","status-publish","format-standard","hentry","category-gente"],"_links":{"self":[{"href":"https:\/\/diariodominicano.com\/index.php?rest_route=\/wp\/v2\/posts\/92169","targetHints":{"allow":["GET"]}}],"collection":[{"href":"https:\/\/diariodominicano.com\/index.php?rest_route=\/wp\/v2\/posts"}],"about":[{"href":"https:\/\/diariodominicano.com\/index.php?rest_route=\/wp\/v2\/types\/post"}],"author":[{"embeddable":true,"href":"https:\/\/diariodominicano.com\/index.php?rest_route=\/wp\/v2\/users\/3"}],"replies":[{"embeddable":true,"href":"https:\/\/diariodominicano.com\/index.php?rest_route=%2Fwp%2Fv2%2Fcomments&post=92169"}],"version-history":[{"count":0,"href":"https:\/\/diariodominicano.com\/index.php?rest_route=\/wp\/v2\/posts\/92169\/revisions"}],"wp:attachment":[{"href":"https:\/\/diariodominicano.com\/index.php?rest_route=%2Fwp%2Fv2%2Fmedia&parent=92169"}],"wp:term":[{"taxonomy":"category","embeddable":true,"href":"https:\/\/diariodominicano.com\/index.php?rest_route=%2Fwp%2Fv2%2Fcategories&post=92169"},{"taxonomy":"post_tag","embeddable":true,"href":"https:\/\/diariodominicano.com\/index.php?rest_route=%2Fwp%2Fv2%2Ftags&post=92169"}],"curies":[{"name":"wp","href":"https:\/\/api.w.org\/{rel}","templated":true}]}}