{"id":92168,"date":"2008-11-19T22:21:29","date_gmt":"2008-11-19T22:21:29","guid":{"rendered":"http:\/\/diariodominicano.ddns.net\/?p=92168"},"modified":"2008-11-19T22:21:29","modified_gmt":"2008-11-19T22:21:29","slug":"la-secta-allstar-presenta-su-nuevo-disco-fuego","status":"publish","type":"post","link":"https:\/\/diariodominicano.com\/?p=92168","title":{"rendered":"La Secta AllStar presenta su nuevo disco \u201cFuego\u201d"},"content":{"rendered":"<p><body><\/p>\n<p align=\"justify\"><span class=\"titulogrande1\">La Secta AllStar  presenta su nuevo disco \u201cFuego\u201d<\/span><br \/>&#13;<br \/>\n  <br \/>&#13;<br \/>\n    <span class=\"text1noticias\"><img loading=\"lazy\" decoding=\"async\" src=\"http:\/\/localhost:8080\/gente\/img\/secta dom.jpg\" width=\"375\" height=\"369\" hspace=\"4\" align=\"left\" \/>Miami, FL, 19 de  noviembre del 2008.- El nombre del nuevo disco de <strong>La Secta AllStar<\/strong> parece decirlo todo. Se titula \u201cFuego\u201d y los  m\u00fasicos puertorrique\u00f1os comenzaron ya a calentar el ambiente del rock latino  con\u00a0este lanzamiento programado para el pr\u00f3ximo 25 de noviembre.<br \/>&#13;<br \/>\n    <br \/>&#13;<br \/>\n    Desde hoy, el grupo  comienza un recorrido por su isla para dar a conocer las primicias a sus  fan\u00e1ticos. Este s\u00e1bado 22 de noviembre visitar\u00e1n la tienda Wal-Mart de Mayag\u00fcez  desde las 2:00 p.m., y al d\u00eda siguiente estar\u00e1n en\u00a0otra tienda de la misma  cadena en Humacao, donde har\u00e1n una presentaci\u00f3n musical desde la 1:00 p.m.<br \/>&#13;<br \/>\n    <br \/>&#13;<br \/>\n    El martes 25, d\u00eda  del lanzamiento del disco, se reunir\u00e1n con sus seguidores en la tienda Borders  de Plaza de las Am\u00e9ricas, a las 6:30 p.m. El mi\u00e9rcoles 26, en tanto, concluir\u00e1n  sus reuniones con sus fan\u00e1ticos en La Gran Discoteca, en el centro comercial Plaza  del Caribe de Ponce.<br \/>&#13;<br \/>\n    <br \/>&#13;<br \/>\n    En los pr\u00f3ximos  d\u00edas, un nuevo sencillo comenzar\u00e1 a levantar la temperatura de las radios. Se  trata de \u201cSiente el fuego\u201d, y los integrantes de La Secta AllStar est\u00e1n listos  para brindar otro bombazo musical.<br \/>&#13;<br \/>\n    <br \/>&#13;<br \/>\n\u201cLa pasi\u00f3n que le  queremos dar a este disco empieza por el nombre\u201d, dice John, su baterista,  asegurando que la intenci\u00f3n de cada tema es ser positivos ante un momento de  tantos cambios en el mundo. \u201cCon este disco buscamos la oportunidad de  renacer\u201d, concluye <strong>Mikey<\/strong>, encargado  de las guitarras.<br \/>&#13;<br \/>\n<br \/>&#13;<br \/>\n\u201cFuego\u201d es otro  lanzamiento exitoso de Sony BMG Latin.<\/span><\/p>\n<p>&#13;<\/p>\n<h6> 2008-11-19 22:21:29 <\/h6>\n<p><!--\n<link rel=\"stylesheet\" href=\"css\/bootstrap.min.css\">\n\n\n<ul class=\"pagination\">\n\t    \n\t\n\n<li >\n\t<a href='?page_no=20789'>Previous<\/a>\n\t<\/li>\n\n\n       \n    \n\n<li><a href='?page_no=1'>1<\/a><\/li>\n\n\n\n<li><a href='?page_no=2'>2<\/a><\/li>\n\n\n\n<li><a>...<\/a><\/li>\n\n\n\n<li><a href='?page_no=20788'>20788<\/a><\/li>\n\n\n\n<li><a href='?page_no=20789'>20789<\/a><\/li>\n\n\n\n<li class='active'><a>20790<\/a><\/li>\n\n\n\n<li><a href='?page_no=20791'>20791<\/a><\/li>\n\n\n\n<li><a href='?page_no=20792'>20792<\/a><\/li>\n\n\n\n<li><a>...<\/a><\/li>\n\n\n\n<li><a href='?page_no=22522'>22522<\/a><\/li>\n\n\n\n<li><a href='?page_no=22523'>22523<\/a><\/li>\n\n    \n\t\n\n<li >\n\t<a href='?page_no=20791'>Next<\/a>\n\t<\/li>\n\n\n    \n\n<li><a href='?page_no=22523'>Last &rsaquo;&rsaquo;<\/a><\/li>\n\n<\/ul>\n\n\n--><br \/>\n<\/body><\/p>\n","protected":false},"excerpt":{"rendered":"<p>La Secta AllStar presenta su nuevo disco \u201cFuego\u201d&#13; &#13; Miami, FL, 19 de noviembre del 2008.- El nombre del nuevo disco de La Secta AllStar parece decirlo todo. Se titula \u201cFuego\u201d y los m\u00fasicos puertorrique\u00f1os comenzaron ya a calentar el ambiente del rock latino con\u00a0este lanzamiento programado para el pr\u00f3ximo 25 de noviembre.&#13; &#13; Desde [&hellip;]<\/p>\n","protected":false},"author":3,"featured_media":0,"comment_status":"open","ping_status":"open","sticky":false,"template":"","format":"standard","meta":{"footnotes":""},"categories":[25],"tags":[],"class_list":["post-92168","post","type-post","status-publish","format-standard","hentry","category-gente"],"_links":{"self":[{"href":"https:\/\/diariodominicano.com\/index.php?rest_route=\/wp\/v2\/posts\/92168","targetHints":{"allow":["GET"]}}],"collection":[{"href":"https:\/\/diariodominicano.com\/index.php?rest_route=\/wp\/v2\/posts"}],"about":[{"href":"https:\/\/diariodominicano.com\/index.php?rest_route=\/wp\/v2\/types\/post"}],"author":[{"embeddable":true,"href":"https:\/\/diariodominicano.com\/index.php?rest_route=\/wp\/v2\/users\/3"}],"replies":[{"embeddable":true,"href":"https:\/\/diariodominicano.com\/index.php?rest_route=%2Fwp%2Fv2%2Fcomments&post=92168"}],"version-history":[{"count":0,"href":"https:\/\/diariodominicano.com\/index.php?rest_route=\/wp\/v2\/posts\/92168\/revisions"}],"wp:attachment":[{"href":"https:\/\/diariodominicano.com\/index.php?rest_route=%2Fwp%2Fv2%2Fmedia&parent=92168"}],"wp:term":[{"taxonomy":"category","embeddable":true,"href":"https:\/\/diariodominicano.com\/index.php?rest_route=%2Fwp%2Fv2%2Fcategories&post=92168"},{"taxonomy":"post_tag","embeddable":true,"href":"https:\/\/diariodominicano.com\/index.php?rest_route=%2Fwp%2Fv2%2Ftags&post=92168"}],"curies":[{"name":"wp","href":"https:\/\/api.w.org\/{rel}","templated":true}]}}