{"id":92165,"date":"2008-11-20T02:00:45","date_gmt":"2008-11-20T02:00:45","guid":{"rendered":"http:\/\/diariodominicano.ddns.net\/?p=92165"},"modified":"2008-11-20T02:00:45","modified_gmt":"2008-11-20T02:00:45","slug":"mercado-social-reconoce-personalidades","status":"publish","type":"post","link":"https:\/\/diariodominicano.com\/?p=92165","title":{"rendered":"Mercado Social reconoce personalidades"},"content":{"rendered":"<p><body><\/p>\n<p class=\"titulogrande1\"><strong>Mercado Social reconoce personalidades<\/strong><\/p>\n<p>&#13;<\/p>\n<p align=\"justify\" class=\"text1noticias\"><strong><img loading=\"lazy\" decoding=\"async\" src=\"http:\/\/localhost:8080\/gente\/img\/gri dom.jpg\" width=\"375\" height=\"3085\" hspace=\"4\" align=\"left\" \/>SANTO DOMINGO.-<\/strong> En el marco de la celebraci\u00f3n de su segundo  aniversario, la revista digital especializada en actividades sociales y  empresariales, MercadoSocial.com, reconoci\u00f3 a las empresas y personalidades que  atrajeron el mayor n\u00famero de visitas durante el \u00faltimo a\u00f1o.<\/p>\n<p>&#13;<\/p>\n<p align=\"justify\" class=\"text1noticias\">La actividad se realiz\u00f3 en las instalaciones de  Porter House Grill Restaurant, donde se dio cita un selecto grupo de  empresarios, clientes y personalidades del mundo social y comercial  dominicano.\u00a0 <\/p>\n<p>&#13;<\/p>\n<p align=\"justify\" class=\"text1noticias\">Las palabras centrales estuvieron a cargo de  Manuela Lora, editora general de la revista, quien agradeci\u00f3 a los presentes su  asistencia, as\u00ed como el apoyo recibido de parte de patrocinadores y, sobre  todo, de todos los que cada d\u00eda visitan el portal para estar al tanto de las  \u00faltimas informaciones del mundo empresarial y social dominicano. <\/p>\n<p>&#13;<\/p>\n<p align=\"justify\" class=\"text1noticias\">\u00abPara MercadoSocial esta  noche es importante por arribar a su segundo aniversario, gracias a Dios, pero  tambi\u00e9n lo es porque reconoceremos a aquellos que con sus noticias o  plataformas comunicacionales hicieron de sus empresas o productos un ente de  crecimiento en el mundo empresarial, sin dejar de mencionar nuestra entrevista  m\u00e1s le\u00edda, que nos motivo a que dej\u00e1ramos los negocios a un lado, toc\u00e1ramos  tierra y dej\u00e1ramos pasar al amor\u00bb, expres\u00f3 Lora.\u00a0 <\/p>\n<p>&#13;<\/p>\n<p align=\"justify\" class=\"text1noticias\">Durante la celebraci\u00f3n se  entregaron placas de reconocimiento a Cervecer\u00eda Nacional Dominicana por su  plataforma \u00abVerano Presidente 2008\u00bb, la m\u00e1xima en atracci\u00f3n de  visitas a la p\u00e1gina; a MercaSID y su marca de aceite Crisol por su plataforma  comunicacional de amor y solidaridad \u00abCaminantes por la Vida 2008\u00bb; a  la actividad m\u00e1s elegante, que fue la \u00abTarde de t\u00e9 inglesa\u00bb,  organizada por la C\u00e1mara Brit\u00e1nica de Comercio de Santo Domingo; el  reconocimiento a la actividad m\u00e1s glamurosa lo obtuvo Costasur Dominicana y  Casa\u00a0 de\u00a0  Campo con la celebraci\u00f3n de \u00abDue\u00f1os 2008\u00bb; mientras que el  galard\u00f3n a la entrevista m\u00e1s le\u00edda durante el a\u00f1o se lo llevaron Jean Carlos  Beras y Pamela Sued, con \u00abDos gotas de amor en camino a fusionarse\u00bb,  y la Joyer\u00eda y Relojer\u00eda  Bentrani se llev\u00f3 el reconocimiento en la categor\u00eda \u00abLanzamientos\u00bb  con su presentaci\u00f3n del reloj \u00abBallon Blue de Cartier\u00bb. Estas  empresas, productos y\/o personalidades fueron responsables de generar la mayor  cantidad de entradas a la p\u00e1gina durante el periodo Noviembre 2007\/2008.<\/p>\n<p>&#13;<\/p>\n<p align=\"justify\" class=\"text1noticias\">La actividad recibi\u00f3 el apoyo de  Porter House Grill Restaurant, Lendof &amp; Asociados, El Catador, Atabey  Producciones, Corad\u00edn y Asociados, Dulce Arias Hair Style, Vinos S.A., Activa  Group, Grabo Estilo, GNova y Asociados y CICOM.<\/p>\n<p>&#13;<\/p>\n<h6> 2008-11-20 02:00:45 <\/h6>\n<p><!--\n<link rel=\"stylesheet\" href=\"css\/bootstrap.min.css\">\n\n\n<ul class=\"pagination\">\n\t    \n\t\n\n<li >\n\t<a href='?page_no=20786'>Previous<\/a>\n\t<\/li>\n\n\n       \n    \n\n<li><a href='?page_no=1'>1<\/a><\/li>\n\n\n\n<li><a href='?page_no=2'>2<\/a><\/li>\n\n\n\n<li><a>...<\/a><\/li>\n\n\n\n<li><a href='?page_no=20785'>20785<\/a><\/li>\n\n\n\n<li><a href='?page_no=20786'>20786<\/a><\/li>\n\n\n\n<li class='active'><a>20787<\/a><\/li>\n\n\n\n<li><a href='?page_no=20788'>20788<\/a><\/li>\n\n\n\n<li><a href='?page_no=20789'>20789<\/a><\/li>\n\n\n\n<li><a>...<\/a><\/li>\n\n\n\n<li><a href='?page_no=22522'>22522<\/a><\/li>\n\n\n\n<li><a href='?page_no=22523'>22523<\/a><\/li>\n\n    \n\t\n\n<li >\n\t<a href='?page_no=20788'>Next<\/a>\n\t<\/li>\n\n\n    \n\n<li><a href='?page_no=22523'>Last &rsaquo;&rsaquo;<\/a><\/li>\n\n<\/ul>\n\n\n--><br \/>\n<\/body><\/p>\n","protected":false},"excerpt":{"rendered":"<p>Mercado Social reconoce personalidades &#13; SANTO DOMINGO.- En el marco de la celebraci\u00f3n de su segundo aniversario, la revista digital especializada en actividades sociales y empresariales, MercadoSocial.com, reconoci\u00f3 a las empresas y personalidades que atrajeron el mayor n\u00famero de visitas durante el \u00faltimo a\u00f1o. &#13; La actividad se realiz\u00f3 en las instalaciones de Porter House [&hellip;]<\/p>\n","protected":false},"author":3,"featured_media":0,"comment_status":"open","ping_status":"open","sticky":false,"template":"","format":"standard","meta":{"footnotes":""},"categories":[25],"tags":[],"class_list":["post-92165","post","type-post","status-publish","format-standard","hentry","category-gente"],"_links":{"self":[{"href":"https:\/\/diariodominicano.com\/index.php?rest_route=\/wp\/v2\/posts\/92165","targetHints":{"allow":["GET"]}}],"collection":[{"href":"https:\/\/diariodominicano.com\/index.php?rest_route=\/wp\/v2\/posts"}],"about":[{"href":"https:\/\/diariodominicano.com\/index.php?rest_route=\/wp\/v2\/types\/post"}],"author":[{"embeddable":true,"href":"https:\/\/diariodominicano.com\/index.php?rest_route=\/wp\/v2\/users\/3"}],"replies":[{"embeddable":true,"href":"https:\/\/diariodominicano.com\/index.php?rest_route=%2Fwp%2Fv2%2Fcomments&post=92165"}],"version-history":[{"count":0,"href":"https:\/\/diariodominicano.com\/index.php?rest_route=\/wp\/v2\/posts\/92165\/revisions"}],"wp:attachment":[{"href":"https:\/\/diariodominicano.com\/index.php?rest_route=%2Fwp%2Fv2%2Fmedia&parent=92165"}],"wp:term":[{"taxonomy":"category","embeddable":true,"href":"https:\/\/diariodominicano.com\/index.php?rest_route=%2Fwp%2Fv2%2Fcategories&post=92165"},{"taxonomy":"post_tag","embeddable":true,"href":"https:\/\/diariodominicano.com\/index.php?rest_route=%2Fwp%2Fv2%2Ftags&post=92165"}],"curies":[{"name":"wp","href":"https:\/\/api.w.org\/{rel}","templated":true}]}}