{"id":92153,"date":"2008-11-21T16:49:56","date_gmt":"2008-11-21T16:49:56","guid":{"rendered":"http:\/\/diariodominicano.ddns.net\/?p=92153"},"modified":"2008-11-21T16:49:56","modified_gmt":"2008-11-21T16:49:56","slug":"manuel-y-hermes-con-reallity-show-musical-sobre-prevencion-del-hiv-sida","status":"publish","type":"post","link":"https:\/\/diariodominicano.com\/?p=92153","title":{"rendered":"Manuel y Hermes con Reallity Show musical  sobre prevenci\u00f3n del HIV\/SIDA"},"content":{"rendered":"<p><body><\/p>\n<p align=\"justify\"><span class=\"titulogrande1\">Manuel y Hermes con Reallity Show  musical\u00a0 sobre prevenci\u00f3n del HIV\/SIDA<\/span><br \/>&#13;<br \/>\n  \u00a0<br \/>&#13;<br \/>\n  <span class=\"text1noticias\"><img loading=\"lazy\" decoding=\"async\" src=\"http:\/\/localhost:8080\/gente\/img\/herme dom.jpg\" width=\"375\" height=\"1011\" hspace=\"4\" align=\"left\" \/>Santo Domingo.\/ El Programa Juvenil En  Acci\u00f3n con Manuel y Hermes presenta por 7mo\u00a0  A\u00f1o El Concurso Nacional de Canciones en prevenci\u00f3n del HIV\/SIDA en esta  ocasi\u00f3n convertido en un Reallity Show con\u00a0  una\u00a0 participaci\u00f3n\u00a0 masiva a nivel Nacional. Durante\u00a0 los preparativos se recibieron las aplicaciones de\u00a0 todos los j\u00f3venes\u00a0 interesados a\u00a0  nivel\u00a0 nacional, luego se  realizo\u00a0 una\u00a0 preselecci\u00f3n de las 12\u00a0 mejores\u00a0  canciones y en\u00a0 la\u00a0 presentaci\u00f3n\u00a0  final\u00a0 de este Reallity se\u00a0 elige a las 3\u00a0  mejores\u00a0 composiciones quienes  obtienen miles de pesos en premios y art\u00edculos tecnol\u00f3gicos.<br \/>&#13;<br \/>\n  <br \/>&#13;<br \/>\n  Con\u00a0  las 12\u00a0 preseleccionadas se  realiza\u00a0 un CD que ser\u00e1 distribuido  en\u00a0 colegios, liceos y joven interesados.<br \/>&#13;<br \/>\n  \u00a0<br \/>&#13;<br \/>\n  En Cada\u00a0  presentaci\u00f3n se tiene\u00a0 como\u00a0 invitados\u00a0  a\u00a0 figuras\u00a0 estelares de nuestra sociedad\u00a0 como\u00a0  los 5\u00a0 primeros\u00a0 a\u00f1os\u00a0  el\u00a0 invitado\u00a0 central\u00a0  fue\u00a0 el\u00a0 Ex Embajador de los Estados Unidos Hans  Hertelle y en el 6to\u00a0 A\u00f1o\u00a0 La Primera\u00a0 Dama  Dra. Margarita Cede\u00f1o de Fern\u00e1ndez.<br \/>&#13;<br \/>\n  \u00a0<br \/>&#13;<br \/>\n  \u00a0<br \/>&#13;<br \/>\n  Como\u00a0  es\u00a0 realizado\u00a0 el Concurso de Canciones<br \/>&#13;<br \/>\n  \u00a0<br \/>&#13;<br \/>\n  Objetivos <br \/>&#13;<br \/>\n  \u00a0<br \/>&#13;<br \/>\n  Incentiva el\u00a0 desarrollo de la capacidad creativa de\u00a0 los y\u00a0  las\u00a0 j\u00f3venes dominicanas a trav\u00e9s  de la creaci\u00f3n de temas\u00a0 musicales sobre  Salud Sexual y Reproductiva y prevenci\u00f3n de ITS, HIV\/SIDA.<br \/>&#13;<br \/>\n  \u00a0<br \/>&#13;<br \/>\n  Disemina Informaci\u00f3n sobre\u00a0 la salud Sexual y Reproductiva y las  Infecciones de Transmisi\u00f3n Sexual y el HIV\/SIDA de los y las j\u00f3venes a trav\u00e9s  de canciones en diferentes g\u00e9neros musicales de manera permanente, por\u00a0 todos los medios de\u00a0 comunicaci\u00f3n y otros espacios de Convivencia.<br \/>&#13;<br \/>\n\u00a0\u00a0\u00a0\u00a0\u00a0\u00a0\u00a0\u00a0\u00a0\u00a0\u00a0\u00a0\u00a0\u00a0\u00a0\u00a0\u00a0\u00a0\u00a0\u00a0\u00a0 <br \/>&#13;<br \/>\n  Criterios a considerar<br \/>&#13;<br \/>\n  \u00a0<br \/>&#13;<br \/>\n  Las\u00a0  canciones\u00a0\u00a0 deben\u00a0 tener menos de 5\u00a0 minutos de\u00a0  duraci\u00f3n<br \/>&#13;<br \/>\n  \u00a0<br \/>&#13;<br \/>\n  El contenido de los temas propuestos  no\u00a0 puede tener\u00a0 contenido\u00a0  denigrantes ni vulgares.<br \/>&#13;<br \/>\n  \u00a0<br \/>&#13;<br \/>\n  Deben\u00a0  enviar las letras y una\u00a0 grabaci\u00f3n  del\u00a0 tema\u00a0\u00a0 con\u00a0  su\u00a0 int\u00e9rprete<br \/>&#13;<br \/>\n  \u00a0<br \/>&#13;<br \/>\n  \u00a0<br \/>&#13;<br \/>\n  Pueden\u00a0  participar las\u00a0 edades\u00a0 correspondientes\u00a0 desde 8\u00a0  a\u00a0 35\u00a0 a\u00f1os.<br \/>&#13;<br \/>\n  \u00a0<br \/>&#13;<br \/>\n  \u00a0<br \/>&#13;<br \/>\n  Este concurso se realizara dentro de la  plataforma de producci\u00f3n masiva Del D\u00eda Mundial de la lucha contra El Sida.<br \/>&#13;<br \/>\n  \u00a0<br \/>&#13;<br \/>\n  Este Reallity Show iniciara el 1ero de  Diciembre del 2008 y concluir\u00e1 el 1 de de Febrero del 2009.<br \/>&#13;<br \/>\n  \u00a0<br \/>&#13;<br \/>\n  Como programa L\u00edder de la Juventud nos sentimos  comprometidos con producciones que apoyen el desarrollo y el cuidado de nuestra  juventud.<br \/>&#13;<br \/>\n  \u00a0<br \/>&#13;<br \/>\nEn Acci\u00f3n es transmitido de Lunes a  Viernes de 5:00 a 6: oo PM\u00a0 por CERTV  canal 4 y Dominica Wiew para los Estados Unidos.<\/span><\/p>\n<p>&#13;<\/p>\n<h6> 2008-11-21 16:49:56 <\/h6>\n<p><!--\n<link rel=\"stylesheet\" href=\"css\/bootstrap.min.css\">\n\n\n<ul class=\"pagination\">\n\t    \n\t\n\n<li >\n\t<a href='?page_no=20774'>Previous<\/a>\n\t<\/li>\n\n\n       \n    \n\n<li><a href='?page_no=1'>1<\/a><\/li>\n\n\n\n<li><a href='?page_no=2'>2<\/a><\/li>\n\n\n\n<li><a>...<\/a><\/li>\n\n\n\n<li><a href='?page_no=20773'>20773<\/a><\/li>\n\n\n\n<li><a href='?page_no=20774'>20774<\/a><\/li>\n\n\n\n<li class='active'><a>20775<\/a><\/li>\n\n\n\n<li><a href='?page_no=20776'>20776<\/a><\/li>\n\n\n\n<li><a href='?page_no=20777'>20777<\/a><\/li>\n\n\n\n<li><a>...<\/a><\/li>\n\n\n\n<li><a href='?page_no=22522'>22522<\/a><\/li>\n\n\n\n<li><a href='?page_no=22523'>22523<\/a><\/li>\n\n    \n\t\n\n<li >\n\t<a href='?page_no=20776'>Next<\/a>\n\t<\/li>\n\n\n    \n\n<li><a href='?page_no=22523'>Last &rsaquo;&rsaquo;<\/a><\/li>\n\n<\/ul>\n\n\n--><br \/>\n<\/body><\/p>\n","protected":false},"excerpt":{"rendered":"<p>Manuel y Hermes con Reallity Show musical\u00a0 sobre prevenci\u00f3n del HIV\/SIDA&#13; \u00a0&#13; Santo Domingo.\/ El Programa Juvenil En Acci\u00f3n con Manuel y Hermes presenta por 7mo\u00a0 A\u00f1o El Concurso Nacional de Canciones en prevenci\u00f3n del HIV\/SIDA en esta ocasi\u00f3n convertido en un Reallity Show con\u00a0 una\u00a0 participaci\u00f3n\u00a0 masiva a nivel Nacional. Durante\u00a0 los preparativos se [&hellip;]<\/p>\n","protected":false},"author":3,"featured_media":0,"comment_status":"open","ping_status":"open","sticky":false,"template":"","format":"standard","meta":{"footnotes":""},"categories":[25],"tags":[],"class_list":["post-92153","post","type-post","status-publish","format-standard","hentry","category-gente"],"_links":{"self":[{"href":"https:\/\/diariodominicano.com\/index.php?rest_route=\/wp\/v2\/posts\/92153","targetHints":{"allow":["GET"]}}],"collection":[{"href":"https:\/\/diariodominicano.com\/index.php?rest_route=\/wp\/v2\/posts"}],"about":[{"href":"https:\/\/diariodominicano.com\/index.php?rest_route=\/wp\/v2\/types\/post"}],"author":[{"embeddable":true,"href":"https:\/\/diariodominicano.com\/index.php?rest_route=\/wp\/v2\/users\/3"}],"replies":[{"embeddable":true,"href":"https:\/\/diariodominicano.com\/index.php?rest_route=%2Fwp%2Fv2%2Fcomments&post=92153"}],"version-history":[{"count":0,"href":"https:\/\/diariodominicano.com\/index.php?rest_route=\/wp\/v2\/posts\/92153\/revisions"}],"wp:attachment":[{"href":"https:\/\/diariodominicano.com\/index.php?rest_route=%2Fwp%2Fv2%2Fmedia&parent=92153"}],"wp:term":[{"taxonomy":"category","embeddable":true,"href":"https:\/\/diariodominicano.com\/index.php?rest_route=%2Fwp%2Fv2%2Fcategories&post=92153"},{"taxonomy":"post_tag","embeddable":true,"href":"https:\/\/diariodominicano.com\/index.php?rest_route=%2Fwp%2Fv2%2Ftags&post=92153"}],"curies":[{"name":"wp","href":"https:\/\/api.w.org\/{rel}","templated":true}]}}