{"id":92150,"date":"2008-11-24T18:44:39","date_gmt":"2008-11-24T18:44:39","guid":{"rendered":"http:\/\/diariodominicano.ddns.net\/?p=92150"},"modified":"2008-11-24T18:44:39","modified_gmt":"2008-11-24T18:44:39","slug":"milly-quezada-enciende-la-navidad-este-lunes-primero-en-jet-set","status":"publish","type":"post","link":"https:\/\/diariodominicano.com\/?p=92150","title":{"rendered":"Milly Quezada enciende la navidad este lunes primero en Jet Set"},"content":{"rendered":"<p><body><\/p>\n<p class=\"titulogrande1\"><strong>Milly Quezada enciende la  navidad este lunes primero en Jet Set<\/strong><\/p>\n<p>&#13;<\/p>\n<p align=\"justify\" class=\"text1noticias\"><strong><img loading=\"lazy\" decoding=\"async\" src=\"http:\/\/localhost:8080\/gente\/img\/mili dom.jpg\" width=\"375\" height=\"333\" hspace=\"4\" align=\"left\" \/>Santo Domingo, Rep\u00fablica Dominicana.- <\/strong>Milly Quezada enciende la Navidad este lunes  primero de diciembre en la discoteca Jet Set con una fiesta de apaga y v\u00e1monos,  bajo los auspicios de Orange, Cerveza Presidente y Brugal.<\/p>\n<p>&#13;<\/p>\n<p align=\"justify\" class=\"text1noticias\">A las diez de la noche La Reina del Merengue  sube a la tarima de la discoteca m\u00e1s exclusiva de la capital dominicana tras un  a\u00f1o sin presentarse all\u00ed, para dar inicio oficial a la navidad de Santo  Domingo. <\/p>\n<p>&#13;<\/p>\n<p align=\"justify\" class=\"text1noticias\">La dos veces ganadora del premio Grammy,  interpretar\u00e1 canciones como \u00abAmanecemos\u00bb, \u00abPara darte mi  vida\u00bb, \u00abY ya pa&#8217; que\u00bb, \u00abP\u00eddeme&#8217;, \u00abVive!\u00bb,  \u00abLo mio es mio\u00bb, \u00abLa guacherna y el himno de las navidades \u00abVolvi\u00f3  Juanita\u00bb.<\/p>\n<p>&#13;<\/p>\n<p align=\"justify\" class=\"text1noticias\">La composici\u00f3n de la colombiana Ester Forero,  estrenada en 1981 por la dominicana cuando formaba parte de la agrupaci\u00f3n Los  Vecinos, ha sido el ep\u00edtome de las canciones navide\u00f1as y celebra sus  veintisiete a\u00f1os este lunes en Jet Set.<\/p>\n<p>&#13;<\/p>\n<p align=\"justify\" class=\"text1noticias\">Canciones nuevas como \u00abCheque al  Portador\u00bb o \u00abYo Te Olvido\u00bb, que actualmente los usuarios de  Orange pueden adquirir al comprar una tarjeta telef\u00f3nica; y \u00abS\u00f3lo faltas  tu\u00bb, tema de la campa\u00f1a Caminantes por la Vida de Aceite Crisol, tambi\u00e9n  ser\u00e1n interpretadas esa noche.<\/p>\n<p>&#13;<\/p>\n<p align=\"justify\" class=\"text1noticias\">Miguel V\u00e1zquez, hijo de la Reina del  Merengue, aparte de acompa\u00f1ar en algunos d\u00faos a su madre, har\u00e1 un mosaico con  merengues que pondr\u00e1n en tono navide\u00f1o a la concurrencia.<\/p>\n<p>&#13;<\/p>\n<p align=\"justify\" class=\"text1noticias\">En esa direcci\u00f3n Pedrito N\u00fa\u00f1ez, manager de  Milly, inform\u00f3 que se esperan grandes sorpresas durante la presentaci\u00f3n de  Quezada, con artistas amigos de La Reina, que dir\u00e1n presente en la discoteca  para entonar algunas canciones junto a ella.<\/p>\n<p>&#13;<\/p>\n<p align=\"justify\" class=\"text1noticias\">\u00abSer\u00e1 el inicio oficial de las navidades  dominicanas con una guacherna que inicia a las diez y termina cuando el p\u00fablico  decida\u00bb.<\/p>\n<p>&#13;<\/p>\n<p align=\"justify\" class=\"text1noticias\">Milly, se har\u00e1 acompa\u00f1ar de una orquesta de  maestros compuesta por 12 instrumentistas y tres coristas que junto a su hijo  har\u00e1n la parranda navide\u00f1a del 2008.<\/p>\n<p>&#13;<\/p>\n<h6> 2008-11-24 18:44:39 <\/h6>\n<p><!--\n<link rel=\"stylesheet\" href=\"css\/bootstrap.min.css\">\n\n\n<ul class=\"pagination\">\n\t    \n\t\n\n<li >\n\t<a href='?page_no=20771'>Previous<\/a>\n\t<\/li>\n\n\n       \n    \n\n<li><a href='?page_no=1'>1<\/a><\/li>\n\n\n\n<li><a href='?page_no=2'>2<\/a><\/li>\n\n\n\n<li><a>...<\/a><\/li>\n\n\n\n<li><a href='?page_no=20770'>20770<\/a><\/li>\n\n\n\n<li><a href='?page_no=20771'>20771<\/a><\/li>\n\n\n\n<li class='active'><a>20772<\/a><\/li>\n\n\n\n<li><a href='?page_no=20773'>20773<\/a><\/li>\n\n\n\n<li><a href='?page_no=20774'>20774<\/a><\/li>\n\n\n\n<li><a>...<\/a><\/li>\n\n\n\n<li><a href='?page_no=22522'>22522<\/a><\/li>\n\n\n\n<li><a href='?page_no=22523'>22523<\/a><\/li>\n\n    \n\t\n\n<li >\n\t<a href='?page_no=20773'>Next<\/a>\n\t<\/li>\n\n\n    \n\n<li><a href='?page_no=22523'>Last &rsaquo;&rsaquo;<\/a><\/li>\n\n<\/ul>\n\n\n--><br \/>\n<\/body><\/p>\n","protected":false},"excerpt":{"rendered":"<p>Milly Quezada enciende la navidad este lunes primero en Jet Set &#13; Santo Domingo, Rep\u00fablica Dominicana.- Milly Quezada enciende la Navidad este lunes primero de diciembre en la discoteca Jet Set con una fiesta de apaga y v\u00e1monos, bajo los auspicios de Orange, Cerveza Presidente y Brugal. &#13; A las diez de la noche La [&hellip;]<\/p>\n","protected":false},"author":3,"featured_media":0,"comment_status":"open","ping_status":"open","sticky":false,"template":"","format":"standard","meta":{"footnotes":""},"categories":[25],"tags":[],"class_list":["post-92150","post","type-post","status-publish","format-standard","hentry","category-gente"],"_links":{"self":[{"href":"https:\/\/diariodominicano.com\/index.php?rest_route=\/wp\/v2\/posts\/92150","targetHints":{"allow":["GET"]}}],"collection":[{"href":"https:\/\/diariodominicano.com\/index.php?rest_route=\/wp\/v2\/posts"}],"about":[{"href":"https:\/\/diariodominicano.com\/index.php?rest_route=\/wp\/v2\/types\/post"}],"author":[{"embeddable":true,"href":"https:\/\/diariodominicano.com\/index.php?rest_route=\/wp\/v2\/users\/3"}],"replies":[{"embeddable":true,"href":"https:\/\/diariodominicano.com\/index.php?rest_route=%2Fwp%2Fv2%2Fcomments&post=92150"}],"version-history":[{"count":0,"href":"https:\/\/diariodominicano.com\/index.php?rest_route=\/wp\/v2\/posts\/92150\/revisions"}],"wp:attachment":[{"href":"https:\/\/diariodominicano.com\/index.php?rest_route=%2Fwp%2Fv2%2Fmedia&parent=92150"}],"wp:term":[{"taxonomy":"category","embeddable":true,"href":"https:\/\/diariodominicano.com\/index.php?rest_route=%2Fwp%2Fv2%2Fcategories&post=92150"},{"taxonomy":"post_tag","embeddable":true,"href":"https:\/\/diariodominicano.com\/index.php?rest_route=%2Fwp%2Fv2%2Ftags&post=92150"}],"curies":[{"name":"wp","href":"https:\/\/api.w.org\/{rel}","templated":true}]}}