{"id":92148,"date":"2008-11-25T20:58:01","date_gmt":"2008-11-25T20:58:01","guid":{"rendered":"http:\/\/diariodominicano.ddns.net\/?p=92148"},"modified":"2008-11-25T20:58:01","modified_gmt":"2008-11-25T20:58:01","slug":"tapizarte-abre-su-temporada-navidena","status":"publish","type":"post","link":"https:\/\/diariodominicano.com\/?p=92148","title":{"rendered":"Tapizarte abre su temporada navide\u00f1a"},"content":{"rendered":"<p><body><\/p>\n<p class=\"titulogrande1\">Tapizarte abre su temporada navide\u00f1a<\/p>\n<p>&#13;<\/p>\n<p><strong>Por  Marilyn Ventura<\/strong><\/p>\n<p>&#13;<\/p>\n<p align=\"justify\" class=\"text1noticias\"><img loading=\"lazy\" decoding=\"async\" src=\"http:\/\/localhost:8080\/gente\/img\/es dom.jpg\" width=\"375\" height=\"1582\" hspace=\"4\" align=\"left\" \/>Clientes, amigos  y relacionados llegaron hasta los espacios de la tienda de muebles Tapizarte  para conocer su nueva colecci\u00f3n de mercanc\u00eda para esta temporada navide\u00f1a<br \/>&#13;<br \/>\n  <br \/>&#13;<br \/>\n  Adornos, detalles  y un mobiliario de primera forma parte de la fina l\u00ednea de art\u00edculos que se  encuentran en el establecimiento, localizado en esta ciudad de Santiago.<br \/>&#13;<br \/>\n  <br \/>&#13;<br \/>\n  Tambi\u00e9n forman  parte de la exhibici\u00f3n l\u00e1mparas, centros de mesas, cojines decorativos, borlas  y otros accesorios en colores modernos y tradicionales, los cuales forman parte  de la tendencia para este fin de a\u00f1o.<br \/>&#13;<br \/>\n  <br \/>&#13;<br \/>\n  Esta tienda desde  sus inicios se ha caracterizado por tener\u00a0  gran variedad de dise\u00f1os de muebles al estilo cl\u00e1sico, vanguardista y de  corte minimalista, como tanto se est\u00e1 llevando en estos momentos.<br \/>&#13;<br \/>\n  <br \/>&#13;<br \/>\n  Los hermanos Jos\u00e9  Ernesto y Juan Carlos Grull\u00f3n, propietarios de Tapizarte, dispensaron esmeradas  atenciones a todos los invitados y como buenos anfitriones ofrecieron  informaci\u00f3n sobre la nueva colecci\u00f3n de muebles del establecimiento.<br \/>&#13;<br \/>\n  <br \/>&#13;<br \/>\n  Arelis Rodr\u00edguez, gerente de la tienda, ofreci\u00f3 las palabras  de bienvenida y agradeci\u00f3 el apoyo y respaldo de cada uno de los presentes, al  tiempo que aprovech\u00f3 la ocasi\u00f3n para desearles unas felices fiestas navide\u00f1as.<br \/>&#13;<br \/>\n  <br \/>&#13;<br \/>\n  El \u00e1gape\u00a0 se desarroll\u00f3 en un ambiente donde los  convidados disfrutaron de un momento especial, mientras conversaban e  intercambiaban impresiones sobre diferentes t\u00f3picos.<\/p>\n<p>&#13;<\/p>\n<h6> 2008-11-25 20:58:01 <\/h6>\n<p><!--\n<link rel=\"stylesheet\" href=\"css\/bootstrap.min.css\">\n\n\n<ul class=\"pagination\">\n\t    \n\t\n\n<li >\n\t<a href='?page_no=20769'>Previous<\/a>\n\t<\/li>\n\n\n       \n    \n\n<li><a href='?page_no=1'>1<\/a><\/li>\n\n\n\n<li><a href='?page_no=2'>2<\/a><\/li>\n\n\n\n<li><a>...<\/a><\/li>\n\n\n\n<li><a href='?page_no=20768'>20768<\/a><\/li>\n\n\n\n<li><a href='?page_no=20769'>20769<\/a><\/li>\n\n\n\n<li class='active'><a>20770<\/a><\/li>\n\n\n\n<li><a href='?page_no=20771'>20771<\/a><\/li>\n\n\n\n<li><a href='?page_no=20772'>20772<\/a><\/li>\n\n\n\n<li><a>...<\/a><\/li>\n\n\n\n<li><a href='?page_no=22522'>22522<\/a><\/li>\n\n\n\n<li><a href='?page_no=22523'>22523<\/a><\/li>\n\n    \n\t\n\n<li >\n\t<a href='?page_no=20771'>Next<\/a>\n\t<\/li>\n\n\n    \n\n<li><a href='?page_no=22523'>Last &rsaquo;&rsaquo;<\/a><\/li>\n\n<\/ul>\n\n\n--><br \/>\n<\/body><\/p>\n","protected":false},"excerpt":{"rendered":"<p>Tapizarte abre su temporada navide\u00f1a &#13; Por Marilyn Ventura &#13; Clientes, amigos y relacionados llegaron hasta los espacios de la tienda de muebles Tapizarte para conocer su nueva colecci\u00f3n de mercanc\u00eda para esta temporada navide\u00f1a&#13; &#13; Adornos, detalles y un mobiliario de primera forma parte de la fina l\u00ednea de art\u00edculos que se encuentran en [&hellip;]<\/p>\n","protected":false},"author":3,"featured_media":0,"comment_status":"open","ping_status":"open","sticky":false,"template":"","format":"standard","meta":{"footnotes":""},"categories":[25],"tags":[],"class_list":["post-92148","post","type-post","status-publish","format-standard","hentry","category-gente"],"_links":{"self":[{"href":"https:\/\/diariodominicano.com\/index.php?rest_route=\/wp\/v2\/posts\/92148","targetHints":{"allow":["GET"]}}],"collection":[{"href":"https:\/\/diariodominicano.com\/index.php?rest_route=\/wp\/v2\/posts"}],"about":[{"href":"https:\/\/diariodominicano.com\/index.php?rest_route=\/wp\/v2\/types\/post"}],"author":[{"embeddable":true,"href":"https:\/\/diariodominicano.com\/index.php?rest_route=\/wp\/v2\/users\/3"}],"replies":[{"embeddable":true,"href":"https:\/\/diariodominicano.com\/index.php?rest_route=%2Fwp%2Fv2%2Fcomments&post=92148"}],"version-history":[{"count":0,"href":"https:\/\/diariodominicano.com\/index.php?rest_route=\/wp\/v2\/posts\/92148\/revisions"}],"wp:attachment":[{"href":"https:\/\/diariodominicano.com\/index.php?rest_route=%2Fwp%2Fv2%2Fmedia&parent=92148"}],"wp:term":[{"taxonomy":"category","embeddable":true,"href":"https:\/\/diariodominicano.com\/index.php?rest_route=%2Fwp%2Fv2%2Fcategories&post=92148"},{"taxonomy":"post_tag","embeddable":true,"href":"https:\/\/diariodominicano.com\/index.php?rest_route=%2Fwp%2Fv2%2Ftags&post=92148"}],"curies":[{"name":"wp","href":"https:\/\/api.w.org\/{rel}","templated":true}]}}