{"id":92147,"date":"2008-11-25T22:24:09","date_gmt":"2008-11-25T22:24:09","guid":{"rendered":"http:\/\/diariodominicano.ddns.net\/?p=92147"},"modified":"2008-11-25T22:24:09","modified_gmt":"2008-11-25T22:24:09","slug":"janeiro-matos-niega-que-contactara-a-aybar-para-su-programa","status":"publish","type":"post","link":"https:\/\/diariodominicano.com\/?p=92147","title":{"rendered":"Janeiro Matos niega que contactara a Aybar para su programa"},"content":{"rendered":"<p><body><\/p>\n<p align=\"center\" class=\"titulogrande1\"><strong>Janeiro  Matos niega que contactara a Aybar para su programa<\/strong><\/p>\n<p>&#13;<\/p>\n<p align=\"justify\" class=\"text1noticias\"><img loading=\"lazy\" decoding=\"async\" src=\"http:\/\/localhost:8080\/gente\/img\/jane.jpg\" width=\"375\" height=\"560\" hspace=\"4\" align=\"left\" \/>El locutor Janeiro Matos, anfitri\u00f3n  del programa \u201c\u00c1rea 809\u201d,  que se difunde cada s\u00e1bado por Mega 97.9 FM de Nueva York, neg\u00f3 como se ha  publicado, que haya estado en los aprestos de adquirir los servicios del  periodista Jos\u00e9 Antonio Aybar para una segmento de comentarios art\u00edsticos.<br \/>&#13;<br \/>\n  <br \/>&#13;<br \/>\n  Matos dijo que aunque conoce de la  gran calidad y el nivel de profesionalismo de Aybar, no es su estilo tratar de  reclutar personal de otros espacios \u201cporque estamos muy bien con lo que tenemos  y somos los l\u00edderes en la radio\u201d.<br \/>&#13;<br \/>\n  <br \/>&#13;<br \/>\n  Refiri\u00f3 que dentro del staff de \u201c\u00c1rea 809\u201d cuentan con la  participaci\u00f3n del destacado \u201ceditorialista\u201d del espect\u00e1culo Joseph C\u00e1ceres,  quien maneja la parte period\u00edstica con sus reportes desde Rep\u00fablica Dominicana  y que debido a los niveles de audiencia (rating) que ofrece el comunicador su  contrato ser\u00e1 renovado por el programa y la estaci\u00f3n de radio.<br \/>&#13;<br \/>\n  <br \/>&#13;<br \/>\n  En tanto afirm\u00f3 que la \u00fanica  adquisici\u00f3n nueva que han hecho es la del periodista Juan Carlos Jim\u00e9nez, quien  se suma al equipo informativo con una secci\u00f3n llamada \u201cFuego a la lata\u201d,  inspirada en el portal que maneja en la red y que enfocar\u00e1 las noticias de la  far\u00e1ndula con un tono de picard\u00eda. <br \/>&#13;<br \/>\n  <br \/>&#13;<br \/>\n  \u201cHemos  aprendido que lo que da \u00e9xito en radio no se cambia, y si somos el show de m\u00e1s  audiencia, facturaci\u00f3n y respeto por qu\u00e9 cambiar\u201d, proclam\u00f3 Janeiro Matos.<\/p>\n<p>&#13;<\/p>\n<h6> 2008-11-25 22:24:09 <\/h6>\n<p><!--\n<link rel=\"stylesheet\" href=\"css\/bootstrap.min.css\">\n\n\n<ul class=\"pagination\">\n\t    \n\t\n\n<li >\n\t<a href='?page_no=20768'>Previous<\/a>\n\t<\/li>\n\n\n       \n    \n\n<li><a href='?page_no=1'>1<\/a><\/li>\n\n\n\n<li><a href='?page_no=2'>2<\/a><\/li>\n\n\n\n<li><a>...<\/a><\/li>\n\n\n\n<li><a href='?page_no=20767'>20767<\/a><\/li>\n\n\n\n<li><a href='?page_no=20768'>20768<\/a><\/li>\n\n\n\n<li class='active'><a>20769<\/a><\/li>\n\n\n\n<li><a href='?page_no=20770'>20770<\/a><\/li>\n\n\n\n<li><a href='?page_no=20771'>20771<\/a><\/li>\n\n\n\n<li><a>...<\/a><\/li>\n\n\n\n<li><a href='?page_no=22522'>22522<\/a><\/li>\n\n\n\n<li><a href='?page_no=22523'>22523<\/a><\/li>\n\n    \n\t\n\n<li >\n\t<a href='?page_no=20770'>Next<\/a>\n\t<\/li>\n\n\n    \n\n<li><a href='?page_no=22523'>Last &rsaquo;&rsaquo;<\/a><\/li>\n\n<\/ul>\n\n\n--><br \/>\n<\/body><\/p>\n","protected":false},"excerpt":{"rendered":"<p>Janeiro Matos niega que contactara a Aybar para su programa &#13; El locutor Janeiro Matos, anfitri\u00f3n del programa \u201c\u00c1rea 809\u201d, que se difunde cada s\u00e1bado por Mega 97.9 FM de Nueva York, neg\u00f3 como se ha publicado, que haya estado en los aprestos de adquirir los servicios del periodista Jos\u00e9 Antonio Aybar para una segmento [&hellip;]<\/p>\n","protected":false},"author":3,"featured_media":0,"comment_status":"open","ping_status":"open","sticky":false,"template":"","format":"standard","meta":{"footnotes":""},"categories":[25],"tags":[],"class_list":["post-92147","post","type-post","status-publish","format-standard","hentry","category-gente"],"_links":{"self":[{"href":"https:\/\/diariodominicano.com\/index.php?rest_route=\/wp\/v2\/posts\/92147","targetHints":{"allow":["GET"]}}],"collection":[{"href":"https:\/\/diariodominicano.com\/index.php?rest_route=\/wp\/v2\/posts"}],"about":[{"href":"https:\/\/diariodominicano.com\/index.php?rest_route=\/wp\/v2\/types\/post"}],"author":[{"embeddable":true,"href":"https:\/\/diariodominicano.com\/index.php?rest_route=\/wp\/v2\/users\/3"}],"replies":[{"embeddable":true,"href":"https:\/\/diariodominicano.com\/index.php?rest_route=%2Fwp%2Fv2%2Fcomments&post=92147"}],"version-history":[{"count":0,"href":"https:\/\/diariodominicano.com\/index.php?rest_route=\/wp\/v2\/posts\/92147\/revisions"}],"wp:attachment":[{"href":"https:\/\/diariodominicano.com\/index.php?rest_route=%2Fwp%2Fv2%2Fmedia&parent=92147"}],"wp:term":[{"taxonomy":"category","embeddable":true,"href":"https:\/\/diariodominicano.com\/index.php?rest_route=%2Fwp%2Fv2%2Fcategories&post=92147"},{"taxonomy":"post_tag","embeddable":true,"href":"https:\/\/diariodominicano.com\/index.php?rest_route=%2Fwp%2Fv2%2Ftags&post=92147"}],"curies":[{"name":"wp","href":"https:\/\/api.w.org\/{rel}","templated":true}]}}