{"id":92146,"date":"2008-11-25T22:56:48","date_gmt":"2008-11-25T22:56:48","guid":{"rendered":"http:\/\/diariodominicano.ddns.net\/?p=92146"},"modified":"2008-11-25T22:56:48","modified_gmt":"2008-11-25T22:56:48","slug":"sbs-empresa-del-espectaculo-celebra-25-anos-de-fundada","status":"publish","type":"post","link":"https:\/\/diariodominicano.com\/?p=92146","title":{"rendered":"SBS, empresa del espect\u00e1culo, celebra 25 a\u00f1os de fundada"},"content":{"rendered":"<p><body><\/p>\n<p class=\"titulogrande1\">SBS, empresa del espect\u00e1culo, celebra  25 a\u00f1os de fundada<\/p>\n<p>&#13;<\/p>\n<p align=\"justify\" class=\"text1noticias\">Miami, FL.- Spanish  Broadcasting System (\u201cSBS\u201d) (Nasdaq: SBSA) anunci\u00f3 el d\u00eda de hoy que a todo lo  alto y con la presencia del mejor talento de la m\u00fasica latina, la cadena  celebr\u00f3 sus 25 a\u00f1os de su fundaci\u00f3n con un mega concierto que se llev\u00f3 a cabo  el pasado viernes 21 de noviembre, a casa, llena en el American Airlines Arenas  de la ciudad de Miami.<br \/>&#13;<br \/>\n  \u00a0<br \/>&#13;<br \/>\n  En una noche muy especial  donde cada segundo que pasaba las emociones iban alcanzado nuevos niveles de  frenes\u00ed, el p\u00fablico pudo disfrutar de las maravillosas interpretaciones de Luis  Fonsi, Carlos Vives, Chayanne, Cabas, Fanny Lu, Marco Antonio Sol\u00eds y Alejandro  Sanz. El conductor de la noche fue el comediante, presentador y actor cubano  Alexis Vald\u00e9s. <br \/>&#13;<br \/>\n  \u00a0<br \/>&#13;<br \/>\n  La velada tambi\u00e9n mostr\u00f3 un  momento de recordaci\u00f3n para el gran art\u00edfice de la conformaci\u00f3n de SBS, Ra\u00fal  Alarc\u00f3n Sr., quien recibi\u00f3 un emotivo homenaje p\u00f3stumo por parte de la Academia Latina de  la Grabaci\u00f3n  presentado por Alejandro Sanz, Shakira y el Senador por Nueva Jersey, Robert  Men\u00e9ndez.<br \/>&#13;<br \/>\n  \u00a0<br \/>&#13;<br \/>\n  El reconocimiento a Ra\u00fal  Alarc\u00f3n fue recibido por su hijo, y actual presidente de SBS, Ra\u00fal Alarc\u00f3n Jr.,  quien agradeci\u00f3 \u201cmantener la memoria de mi padre en alto\u201d.<br \/>&#13;<br \/>\n  \u00a0<br \/>&#13;<br \/>\n  Adem\u00e1s, en el momento del  homenaje se mostr\u00f3 el cartel con el nombramiento de la calle \u201cPablo Ra\u00fal  Alarc\u00f3n Way\u201d, localizado en la 77 avenida del NW entre la 70 y 72 Calle, en la  ciudad de Miami.<br \/>&#13;<br \/>\n  \u00a0<br \/>&#13;<br \/>\n  Spanish Broadcasting System  (SBS), es propietaria y operadora de 21 radios situadas en los principales  mercados hispanos de Nueva York, Los \u00c1ngeles, Miami, Chicago, San Francisco y  Puerto Rico, incluyendo la primera estaci\u00f3n de radio de habla hispana en los  Estados Unidos, WSKQ-FM.<br \/>&#13;<br \/>\n  \u00a0<br \/>&#13;<br \/>\n  Sobre Spanish Broadcasting System, Inc. <br \/>&#13;<br \/>\n  \u00a0<br \/>&#13;<br \/>\n  Spanish Broadcasting System,  Inc. es la mayor empresa del mundo del espect\u00e1culo y de medios de comunicaci\u00f3n  de los EE.UU. p\u00fablicamente controlada por hispanos. SBS es propietaria y\/u  operadora de 21 radioemisoras situadas en los principales mercados hispanos de  Nueva York, Los \u00c1ngeles, Miami, Chicago, San Francisco y Puerto Rico,  incluyendo la primera estaci\u00f3n radial de habla hispana en los Estados Unidos,  WSKQ-FM en la ciudad de Nueva York, como tambi\u00e9n 4 de las 8 emisoras radiales  m\u00e1s sintonizadas en los g\u00e9neros tropical, mexicano regional, adulto  contempor\u00e1neo en espa\u00f1ol y formato urbano. As\u00ed mismo, SBS opera y es  propietaria de Mega TV, la cual tiene una estaci\u00f3n propia en el mercado de  Miami-Ft. Lauderdale (WSBS Canal 22) y una afiliada en West Palm Beach, FL (Canal  57\/Comcast 231). Adem\u00e1s, se distribuye a nivel nacional a trav\u00e9s de DIRECTV M\u00e1s  (Canal 405) y se puede ver en Puerto Rico a trav\u00e9s de DIRECTV (Canal 169) y por  una afiliaci\u00f3n con WSJU (Canal 30). SBS tambi\u00e9n produce conciertos en vivo y  eventos a lo largo de Estados Unidos, incluyendo Puerto Rico. Adem\u00e1s, la  compa\u00f1\u00eda opera www.lamusica.com, un portal biling\u00fce de Internet que provee  contenidos de m\u00fasica latina, entretenimiento, noticias y cultura. La p\u00e1gina Web  corporativa de la empresa se puede visitar en www.spanishbroadcasting.com<\/p>\n<p>&#13;<\/p>\n<h6> 2008-11-25 22:56:48 <\/h6>\n<p><!--\n<link rel=\"stylesheet\" href=\"css\/bootstrap.min.css\">\n\n\n<ul class=\"pagination\">\n\t    \n\t\n\n<li >\n\t<a href='?page_no=20767'>Previous<\/a>\n\t<\/li>\n\n\n       \n    \n\n<li><a href='?page_no=1'>1<\/a><\/li>\n\n\n\n<li><a href='?page_no=2'>2<\/a><\/li>\n\n\n\n<li><a>...<\/a><\/li>\n\n\n\n<li><a href='?page_no=20766'>20766<\/a><\/li>\n\n\n\n<li><a href='?page_no=20767'>20767<\/a><\/li>\n\n\n\n<li class='active'><a>20768<\/a><\/li>\n\n\n\n<li><a href='?page_no=20769'>20769<\/a><\/li>\n\n\n\n<li><a href='?page_no=20770'>20770<\/a><\/li>\n\n\n\n<li><a>...<\/a><\/li>\n\n\n\n<li><a href='?page_no=22522'>22522<\/a><\/li>\n\n\n\n<li><a href='?page_no=22523'>22523<\/a><\/li>\n\n    \n\t\n\n<li >\n\t<a href='?page_no=20769'>Next<\/a>\n\t<\/li>\n\n\n    \n\n<li><a href='?page_no=22523'>Last &rsaquo;&rsaquo;<\/a><\/li>\n\n<\/ul>\n\n\n--><br \/>\n<\/body><\/p>\n","protected":false},"excerpt":{"rendered":"<p>SBS, empresa del espect\u00e1culo, celebra 25 a\u00f1os de fundada &#13; Miami, FL.- Spanish Broadcasting System (\u201cSBS\u201d) (Nasdaq: SBSA) anunci\u00f3 el d\u00eda de hoy que a todo lo alto y con la presencia del mejor talento de la m\u00fasica latina, la cadena celebr\u00f3 sus 25 a\u00f1os de su fundaci\u00f3n con un mega concierto que se llev\u00f3 [&hellip;]<\/p>\n","protected":false},"author":3,"featured_media":0,"comment_status":"open","ping_status":"open","sticky":false,"template":"","format":"standard","meta":{"footnotes":""},"categories":[25],"tags":[],"class_list":["post-92146","post","type-post","status-publish","format-standard","hentry","category-gente"],"_links":{"self":[{"href":"https:\/\/diariodominicano.com\/index.php?rest_route=\/wp\/v2\/posts\/92146","targetHints":{"allow":["GET"]}}],"collection":[{"href":"https:\/\/diariodominicano.com\/index.php?rest_route=\/wp\/v2\/posts"}],"about":[{"href":"https:\/\/diariodominicano.com\/index.php?rest_route=\/wp\/v2\/types\/post"}],"author":[{"embeddable":true,"href":"https:\/\/diariodominicano.com\/index.php?rest_route=\/wp\/v2\/users\/3"}],"replies":[{"embeddable":true,"href":"https:\/\/diariodominicano.com\/index.php?rest_route=%2Fwp%2Fv2%2Fcomments&post=92146"}],"version-history":[{"count":0,"href":"https:\/\/diariodominicano.com\/index.php?rest_route=\/wp\/v2\/posts\/92146\/revisions"}],"wp:attachment":[{"href":"https:\/\/diariodominicano.com\/index.php?rest_route=%2Fwp%2Fv2%2Fmedia&parent=92146"}],"wp:term":[{"taxonomy":"category","embeddable":true,"href":"https:\/\/diariodominicano.com\/index.php?rest_route=%2Fwp%2Fv2%2Fcategories&post=92146"},{"taxonomy":"post_tag","embeddable":true,"href":"https:\/\/diariodominicano.com\/index.php?rest_route=%2Fwp%2Fv2%2Ftags&post=92146"}],"curies":[{"name":"wp","href":"https:\/\/api.w.org\/{rel}","templated":true}]}}