{"id":92145,"date":"2008-11-26T19:26:47","date_gmt":"2008-11-26T19:26:47","guid":{"rendered":"http:\/\/diariodominicano.ddns.net\/?p=92145"},"modified":"2008-11-26T19:26:47","modified_gmt":"2008-11-26T19:26:47","slug":"pavel-inicia-este-jueves-su-gira-de-bares-y-restaurantes","status":"publish","type":"post","link":"https:\/\/diariodominicano.com\/?p=92145","title":{"rendered":"Pavel inicia este jueves su gira de Bares y Restaurantes"},"content":{"rendered":"<p><body><\/p>\n<p class=\"titulogrande1\"><strong>Pavel inicia este jueves su gira de Bares y Restaurantes<\/strong><\/p>\n<p>&#13;<\/p>\n<p align=\"justify\" class=\"text1noticias\"><strong><img loading=\"lazy\" decoding=\"async\" src=\"http:\/\/localhost:8080\/gente\/img\/pave dom1.jpg\" width=\"375\" height=\"252\" hspace=\"4\" align=\"left\" \/>Santo  Domingo, Rep\u00fablica Dominicana.- <\/strong>Pavel N\u00fa\u00f1ez, se presenta este jueves 27  de noviembre en Casa de Teatro a partir de las 9:00 de la noche, para dar  inicio oficial a su primera gira de bares y restaurantes auspiciada por Brugal.<\/p>\n<p>&#13;<\/p>\n<p align=\"justify\" class=\"text1noticias\">El Tercer  Tour realizado por el cantante este a\u00f1o incluye quince conciertos alrededor del  pa\u00eds donde tiene contemplado brindar lo mejor de su repertorio, haciendo una  selecci\u00f3n de sus mejores composiciones<\/p>\n<p>&#13;<\/p>\n<p align=\"justify\" class=\"text1noticias\">Entre las localidades  previstas se cuentan La Vega (Lite Lounge), Puerto Plata (Hemingway), Bonao  (Caf\u00e9 Montecarlo) Santiago (Dicoteca Dolce y Calle 12), San Crist\u00f3bal  (Mezzanote), San Francisco de Macor\u00eds(Luffero Caf\u00e9), B\u00e1varo (Jelly Fish) y  Santo Domingo (Casa de Teatro y Hard Rock Caf\u00e9).<\/p>\n<p>&#13;<\/p>\n<p align=\"justify\" class=\"text1noticias\">Larissa  Mart\u00ednez, manager del compositor, indic\u00f3 que ser\u00e1n incluidas otras\u00a0fechas  por lo que el tour puede que se extienda hasta entrada las navidades.<\/p>\n<p>&#13;<\/p>\n<p align=\"justify\" class=\"text1noticias\">Con esto  Pavel cierra el a\u00f1o como el cantautor de mayor proyecci\u00f3n durante un 2008 que  sin dudas art\u00edsticamente ha sido suyo.<\/p>\n<p>&#13;<\/p>\n<p align=\"justify\" class=\"text1noticias\">Comenzando  con la presentaci\u00f3n en febrero de su concierto Big Band N\u00fa\u00f1ez, en el Teatro  Nacional, seguido de la gira de verano de Juan Lu\u00eds Guerra por Espa\u00f1a donde fue  Telonero de 440, continuando con la firma de un contrato como imagen de la  marca de celulares Motorola para promover el modelo RKR, primera vez que ocurre  con un artista dominicano; realizaci\u00f3n\u00a0del s\u00e9ptima\u00a0tour universitario  y finalmente la primera gira Brugal de Bares y Restaurantes que lo lleva por  varias ciudades del pa\u00eds durante noviembre y diciembre.<\/p>\n<p>&#13;<\/p>\n<p align=\"justify\" class=\"text1noticias\">\u00abMe  siento contento, satisfecho y agradecido por lo que ha pasado este a\u00f1o, que sin  dudas es el m\u00e1s productivo de mi carrera\u00bb, indica\u00a0 Pavel N\u00fa\u00f1ez, al  referirse a todo el apoyo recibido tanto de su p\u00fablico como de empresas de gran  envergadura que reconocieron en su talento a un gran artista dominicano.<\/p>\n<p>&#13;<\/p>\n<p align=\"justify\" class=\"text1noticias\">Durante los shows que Brugal montar\u00e1  para Pavel, se podr\u00e1 disfrutar sobre el escenario de\u00a0una propuesta  innovadora y adecuada a los lugares de cada presentaci\u00f3n como forma de variar  las entregas y captar el p\u00fablico que se persigue.\u00a0 <\/p>\n<p>&#13;<\/p>\n<h6> 2008-11-26 19:26:47 <\/h6>\n<p><!--\n<link rel=\"stylesheet\" href=\"css\/bootstrap.min.css\">\n\n\n<ul class=\"pagination\">\n\t    \n\t\n\n<li >\n\t<a href='?page_no=20766'>Previous<\/a>\n\t<\/li>\n\n\n       \n    \n\n<li><a href='?page_no=1'>1<\/a><\/li>\n\n\n\n<li><a href='?page_no=2'>2<\/a><\/li>\n\n\n\n<li><a>...<\/a><\/li>\n\n\n\n<li><a href='?page_no=20765'>20765<\/a><\/li>\n\n\n\n<li><a href='?page_no=20766'>20766<\/a><\/li>\n\n\n\n<li class='active'><a>20767<\/a><\/li>\n\n\n\n<li><a href='?page_no=20768'>20768<\/a><\/li>\n\n\n\n<li><a href='?page_no=20769'>20769<\/a><\/li>\n\n\n\n<li><a>...<\/a><\/li>\n\n\n\n<li><a href='?page_no=22522'>22522<\/a><\/li>\n\n\n\n<li><a href='?page_no=22523'>22523<\/a><\/li>\n\n    \n\t\n\n<li >\n\t<a href='?page_no=20768'>Next<\/a>\n\t<\/li>\n\n\n    \n\n<li><a href='?page_no=22523'>Last &rsaquo;&rsaquo;<\/a><\/li>\n\n<\/ul>\n\n\n--><br \/>\n<\/body><\/p>\n","protected":false},"excerpt":{"rendered":"<p>Pavel inicia este jueves su gira de Bares y Restaurantes &#13; Santo Domingo, Rep\u00fablica Dominicana.- Pavel N\u00fa\u00f1ez, se presenta este jueves 27 de noviembre en Casa de Teatro a partir de las 9:00 de la noche, para dar inicio oficial a su primera gira de bares y restaurantes auspiciada por Brugal. &#13; El Tercer Tour [&hellip;]<\/p>\n","protected":false},"author":3,"featured_media":0,"comment_status":"open","ping_status":"open","sticky":false,"template":"","format":"standard","meta":{"footnotes":""},"categories":[25],"tags":[],"class_list":["post-92145","post","type-post","status-publish","format-standard","hentry","category-gente"],"_links":{"self":[{"href":"https:\/\/diariodominicano.com\/index.php?rest_route=\/wp\/v2\/posts\/92145","targetHints":{"allow":["GET"]}}],"collection":[{"href":"https:\/\/diariodominicano.com\/index.php?rest_route=\/wp\/v2\/posts"}],"about":[{"href":"https:\/\/diariodominicano.com\/index.php?rest_route=\/wp\/v2\/types\/post"}],"author":[{"embeddable":true,"href":"https:\/\/diariodominicano.com\/index.php?rest_route=\/wp\/v2\/users\/3"}],"replies":[{"embeddable":true,"href":"https:\/\/diariodominicano.com\/index.php?rest_route=%2Fwp%2Fv2%2Fcomments&post=92145"}],"version-history":[{"count":0,"href":"https:\/\/diariodominicano.com\/index.php?rest_route=\/wp\/v2\/posts\/92145\/revisions"}],"wp:attachment":[{"href":"https:\/\/diariodominicano.com\/index.php?rest_route=%2Fwp%2Fv2%2Fmedia&parent=92145"}],"wp:term":[{"taxonomy":"category","embeddable":true,"href":"https:\/\/diariodominicano.com\/index.php?rest_route=%2Fwp%2Fv2%2Fcategories&post=92145"},{"taxonomy":"post_tag","embeddable":true,"href":"https:\/\/diariodominicano.com\/index.php?rest_route=%2Fwp%2Fv2%2Ftags&post=92145"}],"curies":[{"name":"wp","href":"https:\/\/api.w.org\/{rel}","templated":true}]}}