{"id":92142,"date":"2008-11-27T18:24:51","date_gmt":"2008-11-27T18:24:51","guid":{"rendered":"http:\/\/diariodominicano.ddns.net\/?p=92142"},"modified":"2008-11-27T18:24:51","modified_gmt":"2008-11-27T18:24:51","slug":"en-su-primera-visita-al-pais-adriana-macias-emociona-al-publico","status":"publish","type":"post","link":"https:\/\/diariodominicano.com\/?p=92142","title":{"rendered":"En su primera visita al pa\u00eds Adriana Mac\u00edas emociona al p\u00fablico"},"content":{"rendered":"<p><body><\/p>\n<p class=\"titulogrande1\">En su primera visita al pa\u00eds Adriana Mac\u00edas emociona al  p\u00fablico <\/p>\n<p>&#13;<\/p>\n<p align=\"justify\" class=\"text1noticias\">La abogada mexicana dict\u00f3 una conferencia ante cientos de  dominicanos que salieron regocijados con las vivencias de Adriana <br \/>&#13;<br \/>\n  \u00a0<br \/>&#13;<br \/>\n  \u00a0<br \/>&#13;<br \/>\n  <strong><img loading=\"lazy\" decoding=\"async\" src=\"http:\/\/localhost:8080\/gente\/img\/maci don.jpg\" width=\"375\" height=\"1041\" hspace=\"4\" align=\"left\" \/>Santo Domingo.-<\/strong> Esta joven y hermosa mujer de apenas 30 a\u00f1os demuestra con su vida, su  presencia y sus palabras, que lo \u00fanico que el ser humano necesita es  determinaci\u00f3n. En su caso particular, Adriana Mac\u00edas se propuso llegar a ser  una persona plena y feliz a pesar de que naci\u00f3 sin sus dos brazos. Sustituy\u00f3  sus brazos por sus piernas y aliment\u00f3 su propia determinaci\u00f3n con el apoyo  incondicional de su familia.<br \/>&#13;<br \/>\n  \u00a0<br \/>&#13;<br \/>\n  El mensaje lleg\u00f3 abierto, preciso y lleno de humor y  emociones positivas a un auditorio que escuchaba y ve\u00eda \u00e1vido de conocer los  detalles de la historia de Adriana Mac\u00edas, quien fue desgranando su  pensamiento, su filosof\u00eda de vida, el significado de su familia y la forma en  que se decidi\u00f3 a aceptar el reto de haber nacido sin brazos.<br \/>&#13;<br \/>\n  \u00a0<br \/>&#13;<br \/>\n  Mexicana residente en Guadalaja, esta hoy felizmente casada,  graduada en Derecho con Postgrado en Recursos Humanos es autora de los libros  \u00abAbrazar el \u00c9xito\u00bb su biograf\u00eda donde cuenta su vida y filosof\u00eda  y\u00a0 \u00abLa Fuerza de un Guerrero\u00bb  una hermosa f\u00e1bula donde invita a desafiar nuestros l\u00edmites para alcanzar nuestros  sue\u00f1os.<br \/>&#13;<br \/>\n  \u00a0<br \/>&#13;<br \/>\n  Adriana Mac\u00edas ofreci\u00f3 su primera conferencia en la Rep\u00fablica Dominicana  el pasado martes a sal\u00f3n lleno en el Anacaona del hotel Jaragua y en el  desarrollo de la misma utiliz\u00f3 con tal naturalidad y habilidad sus piernas que  parec\u00eda tener sus brazos y entonces uno se olvida de si tiene o no brazos o si  esos hermosos dedos son de su pies, pues toda la riqueza emana de sus palabras  y de su actitud al reconocer \u00b4\u00b4la posibilidad inmensa que me regal\u00f3 Dios de  cambiar mi forma de ver las cosas y llegar a ser feliz. Ser feliz es una  decisi\u00f3n que depende de cada uno de nosotros\u00b4\u00b4.<br \/>&#13;<br \/>\n  \u00a0<br \/>&#13;<br \/>\n  Adriana Mac\u00edas, invitada por Bellarey S. A., agot\u00f3 un  programa de dos d\u00edas en los que adem\u00e1s de la conferencia asisti\u00f3 a un coctel en  la Asociaci\u00f3n   Nacional de Discapacitados, firm\u00f3 libros en la Librer\u00eda Cuesta,  tuvo un encuentro digital con lectores del List\u00edn Diario y realiz\u00f3 una  entrevista exclusiva con Tania B\u00e1ez para Hola Gente, que se pasar\u00e1 en los  horarios regulares de este programa.<\/p>\n<p>&#13;<\/p>\n<h6> 2008-11-27 18:24:51 <\/h6>\n<p><!--\n<link rel=\"stylesheet\" href=\"css\/bootstrap.min.css\">\n\n\n<ul class=\"pagination\">\n\t    \n\t\n\n<li >\n\t<a href='?page_no=20763'>Previous<\/a>\n\t<\/li>\n\n\n       \n    \n\n<li><a href='?page_no=1'>1<\/a><\/li>\n\n\n\n<li><a href='?page_no=2'>2<\/a><\/li>\n\n\n\n<li><a>...<\/a><\/li>\n\n\n\n<li><a href='?page_no=20762'>20762<\/a><\/li>\n\n\n\n<li><a href='?page_no=20763'>20763<\/a><\/li>\n\n\n\n<li class='active'><a>20764<\/a><\/li>\n\n\n\n<li><a href='?page_no=20765'>20765<\/a><\/li>\n\n\n\n<li><a href='?page_no=20766'>20766<\/a><\/li>\n\n\n\n<li><a>...<\/a><\/li>\n\n\n\n<li><a href='?page_no=22522'>22522<\/a><\/li>\n\n\n\n<li><a href='?page_no=22523'>22523<\/a><\/li>\n\n    \n\t\n\n<li >\n\t<a href='?page_no=20765'>Next<\/a>\n\t<\/li>\n\n\n    \n\n<li><a href='?page_no=22523'>Last &rsaquo;&rsaquo;<\/a><\/li>\n\n<\/ul>\n\n\n--><br \/>\n<\/body><\/p>\n","protected":false},"excerpt":{"rendered":"<p>En su primera visita al pa\u00eds Adriana Mac\u00edas emociona al p\u00fablico &#13; La abogada mexicana dict\u00f3 una conferencia ante cientos de dominicanos que salieron regocijados con las vivencias de Adriana &#13; \u00a0&#13; \u00a0&#13; Santo Domingo.- Esta joven y hermosa mujer de apenas 30 a\u00f1os demuestra con su vida, su presencia y sus palabras, que lo [&hellip;]<\/p>\n","protected":false},"author":3,"featured_media":0,"comment_status":"open","ping_status":"open","sticky":false,"template":"","format":"standard","meta":{"footnotes":""},"categories":[25],"tags":[],"class_list":["post-92142","post","type-post","status-publish","format-standard","hentry","category-gente"],"_links":{"self":[{"href":"https:\/\/diariodominicano.com\/index.php?rest_route=\/wp\/v2\/posts\/92142","targetHints":{"allow":["GET"]}}],"collection":[{"href":"https:\/\/diariodominicano.com\/index.php?rest_route=\/wp\/v2\/posts"}],"about":[{"href":"https:\/\/diariodominicano.com\/index.php?rest_route=\/wp\/v2\/types\/post"}],"author":[{"embeddable":true,"href":"https:\/\/diariodominicano.com\/index.php?rest_route=\/wp\/v2\/users\/3"}],"replies":[{"embeddable":true,"href":"https:\/\/diariodominicano.com\/index.php?rest_route=%2Fwp%2Fv2%2Fcomments&post=92142"}],"version-history":[{"count":0,"href":"https:\/\/diariodominicano.com\/index.php?rest_route=\/wp\/v2\/posts\/92142\/revisions"}],"wp:attachment":[{"href":"https:\/\/diariodominicano.com\/index.php?rest_route=%2Fwp%2Fv2%2Fmedia&parent=92142"}],"wp:term":[{"taxonomy":"category","embeddable":true,"href":"https:\/\/diariodominicano.com\/index.php?rest_route=%2Fwp%2Fv2%2Fcategories&post=92142"},{"taxonomy":"post_tag","embeddable":true,"href":"https:\/\/diariodominicano.com\/index.php?rest_route=%2Fwp%2Fv2%2Ftags&post=92142"}],"curies":[{"name":"wp","href":"https:\/\/api.w.org\/{rel}","templated":true}]}}