{"id":92141,"date":"2008-11-27T21:17:27","date_gmt":"2008-11-27T21:17:27","guid":{"rendered":"http:\/\/diariodominicano.ddns.net\/?p=92141"},"modified":"2008-11-27T21:17:27","modified_gmt":"2008-11-27T21:17:27","slug":"los-mejores-animadores-para-el-festival-de-santo-domingo","status":"publish","type":"post","link":"https:\/\/diariodominicano.com\/?p=92141","title":{"rendered":"Los mejores animadores para el Festival de Santo Domingo"},"content":{"rendered":"<p><body><\/p>\n<p align=\"center\" class=\"titulogrande1\"><strong>Los mejores animadores para el  Festival de Santo Domingo<\/strong><\/p>\n<p>&#13;<\/p>\n<p align=\"justify\" class=\"text1noticias\"><img loading=\"lazy\" decoding=\"async\" src=\"http:\/\/localhost:8080\/gente\/img\/male don.jpg\" width=\"375\" height=\"486\" hspace=\"4\" align=\"left\" \/>El  segundo Festival de Santo Domingo entra en su etapa final de montaje y con ello  las expectativas y entusiasmo que ha generado garantiza desde ya el \u00e9xito del  mismo. <br \/>&#13;<br \/>\n  <br \/>&#13;<br \/>\n  La  jornada musical en la que converger\u00e1n todos los ritmos tropicales, se realizar\u00e1  este domingo 30 de este mes, a todo lo largo y ancho del malec\u00f3n de capital  dominicana, con la producci\u00f3n de Luis Medrano y la anuencia del Ayuntamiento  del Distrito Nacional.<br \/>&#13;<br \/>\n  <br \/>&#13;<br \/>\n  Y  como todo evento de este nivel necesita de una buena animaci\u00f3n, se han elegido  parte de los mejores presentadores del pa\u00eds y el exterior para conducir al  p\u00fablico por la ruta de un estallido emociones. <br \/>&#13;<br \/>\n  <br \/>&#13;<br \/>\n  Y  la lista de animadores la integran desde Nueva York Janeiro Matos, Frederick  Mart\u00ednez \u00abEl Pach\u00e1\u00bb, Roberto Ger\u00f3nimo y Jessie Ram\u00edrez. <br \/>&#13;<br \/>\n  <br \/>&#13;<br \/>\n  En  tanto del pa\u00eds estar\u00e1n Santiago -Pito- Acevedo, Roberto del Castillo, Rubio  Charlie, Milton Cordero \u00abLechuga\u00bb, Jes\u00fas Gil \u00abMasa\u00bb, \u00a0  Emilio \u00c1ngeles, Yoryi Castillo, La Condesa, Sharmin D\u00edaz, Yelid\u00e1, Venya  Carolina, Mar\u00eda Mar\u00eda.<br \/>&#13;<br \/>\n  <br \/>&#13;<br \/>\n  Asimismo  Joseph Tav\u00e1rez, Luis Henr\u00edquez, El Vinil, Joel A\u00f1ico, Julio Cesar P\u00e9rez,  Reynaldo S\u00e1nchez, Braddy Abr\u00e9u, entre otros.<br \/>&#13;<br \/>\n  <br \/>&#13;<br \/>\n  Por  otro lado, con el apoyo de los miembros especializados en el manejo de  multitudes y con log\u00edstica de plano de transito y auxilio de emergencia,  \u00a0el Festival de Santo Domingo de ser\u00e1 como la primera versi\u00f3n, un \u00e9xito  tambi\u00e9n en seguridad.<br \/>&#13;\n<\/p>\n<p>&#13;<\/p>\n<h6> 2008-11-27 21:17:27 <\/h6>\n<p><!--\n<link rel=\"stylesheet\" href=\"css\/bootstrap.min.css\">\n\n\n<ul class=\"pagination\">\n\t    \n\t\n\n<li >\n\t<a href='?page_no=20762'>Previous<\/a>\n\t<\/li>\n\n\n       \n    \n\n<li><a href='?page_no=1'>1<\/a><\/li>\n\n\n\n<li><a href='?page_no=2'>2<\/a><\/li>\n\n\n\n<li><a>...<\/a><\/li>\n\n\n\n<li><a href='?page_no=20761'>20761<\/a><\/li>\n\n\n\n<li><a href='?page_no=20762'>20762<\/a><\/li>\n\n\n\n<li class='active'><a>20763<\/a><\/li>\n\n\n\n<li><a href='?page_no=20764'>20764<\/a><\/li>\n\n\n\n<li><a href='?page_no=20765'>20765<\/a><\/li>\n\n\n\n<li><a>...<\/a><\/li>\n\n\n\n<li><a href='?page_no=22522'>22522<\/a><\/li>\n\n\n\n<li><a href='?page_no=22523'>22523<\/a><\/li>\n\n    \n\t\n\n<li >\n\t<a href='?page_no=20764'>Next<\/a>\n\t<\/li>\n\n\n    \n\n<li><a href='?page_no=22523'>Last &rsaquo;&rsaquo;<\/a><\/li>\n\n<\/ul>\n\n\n--><br \/>\n<\/body><\/p>\n","protected":false},"excerpt":{"rendered":"<p>Los mejores animadores para el Festival de Santo Domingo &#13; El segundo Festival de Santo Domingo entra en su etapa final de montaje y con ello las expectativas y entusiasmo que ha generado garantiza desde ya el \u00e9xito del mismo. &#13; &#13; La jornada musical en la que converger\u00e1n todos los ritmos tropicales, se realizar\u00e1 [&hellip;]<\/p>\n","protected":false},"author":3,"featured_media":0,"comment_status":"open","ping_status":"open","sticky":false,"template":"","format":"standard","meta":{"footnotes":""},"categories":[25],"tags":[],"class_list":["post-92141","post","type-post","status-publish","format-standard","hentry","category-gente"],"_links":{"self":[{"href":"https:\/\/diariodominicano.com\/index.php?rest_route=\/wp\/v2\/posts\/92141","targetHints":{"allow":["GET"]}}],"collection":[{"href":"https:\/\/diariodominicano.com\/index.php?rest_route=\/wp\/v2\/posts"}],"about":[{"href":"https:\/\/diariodominicano.com\/index.php?rest_route=\/wp\/v2\/types\/post"}],"author":[{"embeddable":true,"href":"https:\/\/diariodominicano.com\/index.php?rest_route=\/wp\/v2\/users\/3"}],"replies":[{"embeddable":true,"href":"https:\/\/diariodominicano.com\/index.php?rest_route=%2Fwp%2Fv2%2Fcomments&post=92141"}],"version-history":[{"count":0,"href":"https:\/\/diariodominicano.com\/index.php?rest_route=\/wp\/v2\/posts\/92141\/revisions"}],"wp:attachment":[{"href":"https:\/\/diariodominicano.com\/index.php?rest_route=%2Fwp%2Fv2%2Fmedia&parent=92141"}],"wp:term":[{"taxonomy":"category","embeddable":true,"href":"https:\/\/diariodominicano.com\/index.php?rest_route=%2Fwp%2Fv2%2Fcategories&post=92141"},{"taxonomy":"post_tag","embeddable":true,"href":"https:\/\/diariodominicano.com\/index.php?rest_route=%2Fwp%2Fv2%2Ftags&post=92141"}],"curies":[{"name":"wp","href":"https:\/\/api.w.org\/{rel}","templated":true}]}}