{"id":92140,"date":"2008-11-28T19:06:16","date_gmt":"2008-11-28T19:06:16","guid":{"rendered":"http:\/\/diariodominicano.ddns.net\/?p=92140"},"modified":"2008-11-28T19:06:16","modified_gmt":"2008-11-28T19:06:16","slug":"el-capitan-memo-llena-de-recuerdos-hard-rock-cafe-santo-domingo","status":"publish","type":"post","link":"https:\/\/diariodominicano.com\/?p=92140","title":{"rendered":"El Capit\u00e1n Memo llena de recuerdos Hard Rock Caf\u00e9 Santo Domingo"},"content":{"rendered":"<p><body><\/p>\n<p class=\"titulogrande1\"><strong>El Capit\u00e1n Memo llena de recuerdos Hard Rock Caf\u00e9 Santo Domingo<\/strong><\/p>\n<p>&#13;<\/p>\n<p align=\"justify\" class=\"text1noticias\"><strong><img loading=\"lazy\" decoding=\"async\" src=\"http:\/\/localhost:8080\/gente\/img\/memo don.jpg\" width=\"375\" height=\"504\" hspace=\"4\" align=\"left\" \/>Santo  Domingo, Rep\u00fablica Dominicana.-<\/strong> El Capit\u00e1n Memo se present\u00f3 por primera  vez en Hard Rock Caf\u00e9 Santo Domingo con un concierto memorable en el cual la  multitud asistente se despoj\u00f3 de su adultez para dejar salir al ni\u00f1o que  llevaba dentro. <\/p>\n<p>&#13;<\/p>\n<p align=\"justify\" class=\"text1noticias\">Con una  presencia masiva, el p\u00fablico lo aplaudi\u00f3 de principio a fin durante la hora y  media del concierto, en el que este chileno hizo un repaso por una discograf\u00eda  llena de recuerdos.<\/p>\n<p>&#13;<\/p>\n<p align=\"justify\" class=\"text1noticias\">Canciones  como \u00abEl Vengador\u00bb, \u00abEl Gal\u00e1ctico\u00bb y \u00abLa Peque\u00f1a  Lulu\u00bb, sirvieron para transportar en el tiempo a varias generaciones que  vieron en las canciones de esa noche lo mejor de su ni\u00f1ez vivida en los  ochenta.<\/p>\n<p>&#13;<\/p>\n<p align=\"justify\" class=\"text1noticias\"> Un p\u00fablico  adulto joven, b\u00e1sicamente nacido en el primer lustro de esa d\u00e9cada, predomin\u00f3  frente a la tarima que sin dudas pudo pasar hasta las siete de la ma\u00f1ana  coreando una y otra vez las canciones que populariz\u00f3 el cantante de \u00abHe  Man\u00bb.<\/p>\n<p>&#13;<\/p>\n<p align=\"justify\" class=\"text1noticias\">Juan  Guillermo Aguirre, mejor conocido como El Capit\u00e1n Memo, al interpretar uno de  los temas que m\u00e1s ha llamado la atenci\u00f3n mundial por el \u00e9xito de las tiras  c\u00f3micas del Hombre Ara\u00f1a, logro la euforia total de un p\u00fablico que cada vez  ped\u00eda m\u00e1s.<\/p>\n<p>&#13;<\/p>\n<p align=\"justify\" class=\"text1noticias\">Luego de  concluirlo dio las gracias a todos los presentes en Hard Rock Cafe, por haber  hecho posible su sue\u00f1o de presentarse en Santo Domingo, seg\u00fan dijo.<\/p>\n<p>&#13;<\/p>\n<p align=\"justify\" class=\"text1noticias\">\u00abYo  no sab\u00eda que todav\u00eda la gente cantaba estas canciones en el 2008, estos temas  los escrib\u00ed hace 15 a\u00f1os\u00a8, expres\u00f3 el int\u00e9rprete del \u00abVengador\u00bb desde  la tarima.<\/p>\n<p>&#13;<\/p>\n<p align=\"justify\" class=\"text1noticias\">\u00abGracias  a las emociones de todos ustedes es que hoy en d\u00eda estoy interpretando estas  canciones\u00bb y agreg\u00f3: \u00ablo que es emoci\u00f3n para ustedes, tambi\u00e9n lo es  para mi\u00bb.<\/p>\n<p>&#13;<\/p>\n<p align=\"justify\" class=\"text1noticias\">Otros  temas bien recibidos por el p\u00fablico fueron \u00abEl Hombre Ara\u00f1a\u00bb,  \u00abCandy\u00bb, \u00abCapit\u00e1n  Futuro\u00bb y \u00abLos 4 Fant\u00e1sticos\u00bb.<\/p>\n<p>&#13;<\/p>\n<p align=\"justify\" class=\"text1noticias\">Su primer  intento de despedida lo hizo con \u00abHe Man\u00bb pero tuvo que volver al  escenario tras unos segundos de ausencia ya que el p\u00fablico empez\u00f3 a corear  MEMO!, MEMO!, MEMO!, con la intensi\u00f3n de que volviera, por lo que el cantante  no tuvo m\u00e1s remedio que regresar para calmar a la multitud euf\u00f3rica.<\/p>\n<p>&#13;<\/p>\n<p align=\"justify\" class=\"text1noticias\">Entonces  en su reaparici\u00f3n repiti\u00f3 la canci\u00f3n \u00abEl Gladiador\u00bb para finalmente  despedirse del p\u00fablico, mostrando as\u00ed su agradecimiento.<\/p>\n<p>&#13;<\/p>\n<h6> 2008-11-28 19:06:16 <\/h6>\n<p><!--\n<link rel=\"stylesheet\" href=\"css\/bootstrap.min.css\">\n\n\n<ul class=\"pagination\">\n\t    \n\t\n\n<li >\n\t<a href='?page_no=20761'>Previous<\/a>\n\t<\/li>\n\n\n       \n    \n\n<li><a href='?page_no=1'>1<\/a><\/li>\n\n\n\n<li><a href='?page_no=2'>2<\/a><\/li>\n\n\n\n<li><a>...<\/a><\/li>\n\n\n\n<li><a href='?page_no=20760'>20760<\/a><\/li>\n\n\n\n<li><a href='?page_no=20761'>20761<\/a><\/li>\n\n\n\n<li class='active'><a>20762<\/a><\/li>\n\n\n\n<li><a href='?page_no=20763'>20763<\/a><\/li>\n\n\n\n<li><a href='?page_no=20764'>20764<\/a><\/li>\n\n\n\n<li><a>...<\/a><\/li>\n\n\n\n<li><a href='?page_no=22522'>22522<\/a><\/li>\n\n\n\n<li><a href='?page_no=22523'>22523<\/a><\/li>\n\n    \n\t\n\n<li >\n\t<a href='?page_no=20763'>Next<\/a>\n\t<\/li>\n\n\n    \n\n<li><a href='?page_no=22523'>Last &rsaquo;&rsaquo;<\/a><\/li>\n\n<\/ul>\n\n\n--><br \/>\n<\/body><\/p>\n","protected":false},"excerpt":{"rendered":"<p>El Capit\u00e1n Memo llena de recuerdos Hard Rock Caf\u00e9 Santo Domingo &#13; Santo Domingo, Rep\u00fablica Dominicana.- El Capit\u00e1n Memo se present\u00f3 por primera vez en Hard Rock Caf\u00e9 Santo Domingo con un concierto memorable en el cual la multitud asistente se despoj\u00f3 de su adultez para dejar salir al ni\u00f1o que llevaba dentro. &#13; Con [&hellip;]<\/p>\n","protected":false},"author":3,"featured_media":0,"comment_status":"open","ping_status":"open","sticky":false,"template":"","format":"standard","meta":{"footnotes":""},"categories":[25],"tags":[],"class_list":["post-92140","post","type-post","status-publish","format-standard","hentry","category-gente"],"_links":{"self":[{"href":"https:\/\/diariodominicano.com\/index.php?rest_route=\/wp\/v2\/posts\/92140","targetHints":{"allow":["GET"]}}],"collection":[{"href":"https:\/\/diariodominicano.com\/index.php?rest_route=\/wp\/v2\/posts"}],"about":[{"href":"https:\/\/diariodominicano.com\/index.php?rest_route=\/wp\/v2\/types\/post"}],"author":[{"embeddable":true,"href":"https:\/\/diariodominicano.com\/index.php?rest_route=\/wp\/v2\/users\/3"}],"replies":[{"embeddable":true,"href":"https:\/\/diariodominicano.com\/index.php?rest_route=%2Fwp%2Fv2%2Fcomments&post=92140"}],"version-history":[{"count":0,"href":"https:\/\/diariodominicano.com\/index.php?rest_route=\/wp\/v2\/posts\/92140\/revisions"}],"wp:attachment":[{"href":"https:\/\/diariodominicano.com\/index.php?rest_route=%2Fwp%2Fv2%2Fmedia&parent=92140"}],"wp:term":[{"taxonomy":"category","embeddable":true,"href":"https:\/\/diariodominicano.com\/index.php?rest_route=%2Fwp%2Fv2%2Fcategories&post=92140"},{"taxonomy":"post_tag","embeddable":true,"href":"https:\/\/diariodominicano.com\/index.php?rest_route=%2Fwp%2Fv2%2Ftags&post=92140"}],"curies":[{"name":"wp","href":"https:\/\/api.w.org\/{rel}","templated":true}]}}