{"id":92139,"date":"2008-11-28T19:12:35","date_gmt":"2008-11-28T19:12:35","guid":{"rendered":"http:\/\/diariodominicano.ddns.net\/?p=92139"},"modified":"2008-11-28T19:12:35","modified_gmt":"2008-11-28T19:12:35","slug":"pavel-nunez-se-reencuentra-con-el-publico-de-casa-de-teatro","status":"publish","type":"post","link":"https:\/\/diariodominicano.com\/?p=92139","title":{"rendered":"Pavel N\u00fa\u00f1ez se reencuentra con el p\u00fablico de Casa de Teatro"},"content":{"rendered":"<p><body><\/p>\n<p class=\"titulogrande1\"><strong>Pavel N\u00fa\u00f1ez se reencuentra  con el p\u00fablico de Casa de Teatro<\/strong><\/p>\n<p>&#13;<\/p>\n<p align=\"justify\" class=\"text1noticias\"><strong><img loading=\"lazy\" decoding=\"async\" src=\"http:\/\/localhost:8080\/gente\/img\/pav don.jpg\" width=\"375\" height=\"499\" hspace=\"4\" align=\"left\" \/>Santo Domingo, Rep\u00fablica  Dominicana.<\/strong> Pavel N\u00fa\u00f1ez regres\u00f3 a Casa de Teatro para ser recibido como hijo pr\u00f3digo por el  p\u00fablico del centro cultural m\u00e1s emblem\u00e1tico de la Zona Colonial de Santo  Domingo.<\/p>\n<p>&#13;<\/p>\n<p align=\"justify\" class=\"text1noticias\">En un concierto que  complaci\u00f3 a todos los asistentes durante el trayecto de diecisiete canciones  interpretadas por N\u00fa\u00f1ez, el compositor inicio su primera gira de Bares y  Restaurantes patrocinada por Brugal.<\/p>\n<p>&#13;<\/p>\n<p align=\"justify\" class=\"text1noticias\">La historia comenz\u00f3 con un  \u00abbuenas noches, me siento contento de regresar a mi casa y reencontrarme  con uds, que han sido la base de mi carrera\u00bb.<\/p>\n<p>&#13;<\/p>\n<p align=\"justify\" class=\"text1noticias\">A seguidas el compositor  interpret\u00f3 su m\u00e1s reciente hit \u00abCuando hace Calor\u00bb, incluida en su  tercera producci\u00f3n de estudio, pautada\u00a0para salir al mercado el pr\u00f3ximo  a\u00f1o.<\/p>\n<p>&#13;<\/p>\n<p align=\"justify\" class=\"text1noticias\">\u00abNi en Pintura\u00bb y  \u00abPor Honor\u00bb dieron inicio a una noche llena de complicidad y  entusiasmo que mostr\u00f3 la fidelidad de un p\u00fablico que sigue a Pavel en cualquier  lugar donde se presente.<\/p>\n<p>&#13;<\/p>\n<p align=\"justify\" class=\"text1noticias\">Y es que el fr\u00edo navide\u00f1o,  la magia de La Casa y el romance de un compositor que sabe tocar las fibras del  coraz\u00f3n con sus creaciones musicales, crearon el ambiente perfecto para que los  sentimientos se adue\u00f1aran del lugar.<\/p>\n<p>&#13;<\/p>\n<p align=\"justify\" class=\"text1noticias\">Por ello cuando llegaron los  temas \u00abBethania\u00bb, \u00abSantiago de Frente\u00bb y \u00abTe D\u00ed\u00bb,  las doscientas personas que permite el establecimiento, corearon desde el alma  las canciones de Pavel.<\/p>\n<p>&#13;<\/p>\n<p align=\"justify\" class=\"text1noticias\">La velada incluy\u00f3 otras  composiciones como \u00abPies Izquierdo\u00bb, \u00abDime como me hago\u00bb,  \u00abLos fantasmas\u00bb, \u00abCanci\u00f3n de Cuna\u00bb, \u00abPaso a  Paso\u00bb, entre otras.<\/p>\n<p>&#13;<\/p>\n<p align=\"justify\" class=\"text1noticias\">La pr\u00f3xima funci\u00f3n de Pavel  es en La Calle 12 de los Jardines en Santiago, el pr\u00f3ximo jueves 4 de diciembre,  dando continuidad a una gira que se extender\u00e1 hasta las navidades.<\/p>\n<p>&#13;<\/p>\n<h6> 2008-11-28 19:12:35 <\/h6>\n<p><!--\n<link rel=\"stylesheet\" href=\"css\/bootstrap.min.css\">\n\n\n<ul class=\"pagination\">\n\t    \n\t\n\n<li >\n\t<a href='?page_no=20760'>Previous<\/a>\n\t<\/li>\n\n\n       \n    \n\n<li><a href='?page_no=1'>1<\/a><\/li>\n\n\n\n<li><a href='?page_no=2'>2<\/a><\/li>\n\n\n\n<li><a>...<\/a><\/li>\n\n\n\n<li><a href='?page_no=20759'>20759<\/a><\/li>\n\n\n\n<li><a href='?page_no=20760'>20760<\/a><\/li>\n\n\n\n<li class='active'><a>20761<\/a><\/li>\n\n\n\n<li><a href='?page_no=20762'>20762<\/a><\/li>\n\n\n\n<li><a href='?page_no=20763'>20763<\/a><\/li>\n\n\n\n<li><a>...<\/a><\/li>\n\n\n\n<li><a href='?page_no=22522'>22522<\/a><\/li>\n\n\n\n<li><a href='?page_no=22523'>22523<\/a><\/li>\n\n    \n\t\n\n<li >\n\t<a href='?page_no=20762'>Next<\/a>\n\t<\/li>\n\n\n    \n\n<li><a href='?page_no=22523'>Last &rsaquo;&rsaquo;<\/a><\/li>\n\n<\/ul>\n\n\n--><br \/>\n<\/body><\/p>\n","protected":false},"excerpt":{"rendered":"<p>Pavel N\u00fa\u00f1ez se reencuentra con el p\u00fablico de Casa de Teatro &#13; Santo Domingo, Rep\u00fablica Dominicana. Pavel N\u00fa\u00f1ez regres\u00f3 a Casa de Teatro para ser recibido como hijo pr\u00f3digo por el p\u00fablico del centro cultural m\u00e1s emblem\u00e1tico de la Zona Colonial de Santo Domingo. &#13; En un concierto que complaci\u00f3 a todos los asistentes durante [&hellip;]<\/p>\n","protected":false},"author":3,"featured_media":0,"comment_status":"open","ping_status":"open","sticky":false,"template":"","format":"standard","meta":{"footnotes":""},"categories":[25],"tags":[],"class_list":["post-92139","post","type-post","status-publish","format-standard","hentry","category-gente"],"_links":{"self":[{"href":"https:\/\/diariodominicano.com\/index.php?rest_route=\/wp\/v2\/posts\/92139","targetHints":{"allow":["GET"]}}],"collection":[{"href":"https:\/\/diariodominicano.com\/index.php?rest_route=\/wp\/v2\/posts"}],"about":[{"href":"https:\/\/diariodominicano.com\/index.php?rest_route=\/wp\/v2\/types\/post"}],"author":[{"embeddable":true,"href":"https:\/\/diariodominicano.com\/index.php?rest_route=\/wp\/v2\/users\/3"}],"replies":[{"embeddable":true,"href":"https:\/\/diariodominicano.com\/index.php?rest_route=%2Fwp%2Fv2%2Fcomments&post=92139"}],"version-history":[{"count":0,"href":"https:\/\/diariodominicano.com\/index.php?rest_route=\/wp\/v2\/posts\/92139\/revisions"}],"wp:attachment":[{"href":"https:\/\/diariodominicano.com\/index.php?rest_route=%2Fwp%2Fv2%2Fmedia&parent=92139"}],"wp:term":[{"taxonomy":"category","embeddable":true,"href":"https:\/\/diariodominicano.com\/index.php?rest_route=%2Fwp%2Fv2%2Fcategories&post=92139"},{"taxonomy":"post_tag","embeddable":true,"href":"https:\/\/diariodominicano.com\/index.php?rest_route=%2Fwp%2Fv2%2Ftags&post=92139"}],"curies":[{"name":"wp","href":"https:\/\/api.w.org\/{rel}","templated":true}]}}