{"id":92138,"date":"2008-11-28T20:28:02","date_gmt":"2008-11-28T20:28:02","guid":{"rendered":"http:\/\/diariodominicano.ddns.net\/?p=92138"},"modified":"2008-11-28T20:28:02","modified_gmt":"2008-11-28T20:28:02","slug":"esta-semana-en-times-tv","status":"publish","type":"post","link":"https:\/\/diariodominicano.com\/?p=92138","title":{"rendered":"Esta semana en Times TV"},"content":{"rendered":"<p><body><\/p>\n<div align=\"justify\"><strong class=\"titulogrande1\">Esta  semana en Times TV<\/strong><br \/>&#13;<br \/>\n  <br \/>&#13;<br \/>\n  <span class=\"text1noticias\"><img loading=\"lazy\" decoding=\"async\" src=\"http:\/\/localhost:8080\/gente\/img\/time don.jpg\" width=\"375\" height=\"281\" hspace=\"4\" align=\"left\" \/>En nuestro segmento gente selecta les presentamos la nueva tienda de Stiletto,  puro lujo en el coraz\u00f3n de Santo Domingo. A petici\u00f3n, les mostramos Costa  D&#8217;Este Beach Resort, el nuevo refugio de Gloria y Emilio Estefan. Nos acompa\u00f1a  el cantautor dominicano Wason Brazoban, estrenando \u00abRegalame tu  dolor\u00bb. <br \/>&#13;<br \/>\n  <br \/>&#13;<br \/>\n  Seguimos presentandoles a las personalidades m\u00e1s atractivas de  nuestra ciudad que pronto estar\u00e1n en la portada de Santo Domingo Times.<br \/>&#13;<br \/>\n  <br \/>&#13;<br \/>\n  <strong>M\u00e1s diversi\u00f3n, m\u00e1s sociales, esta semana en Times TV. Los s\u00e1bados a las 9:00  p.m., por Telecentro Canal 13, y los domingos a la 1:30 p.m., por RNN Canal 27.<\/strong><br clear=\"all\" \/>&#13;<br \/>\n  <\/span><\/div>\n<p>&#13;<\/p>\n<h6> 2008-11-28 20:28:02 <\/h6>\n<p><!--\n<link rel=\"stylesheet\" href=\"css\/bootstrap.min.css\">\n\n\n<ul class=\"pagination\">\n\t    \n\t\n\n<li >\n\t<a href='?page_no=20759'>Previous<\/a>\n\t<\/li>\n\n\n       \n    \n\n<li><a href='?page_no=1'>1<\/a><\/li>\n\n\n\n<li><a href='?page_no=2'>2<\/a><\/li>\n\n\n\n<li><a>...<\/a><\/li>\n\n\n\n<li><a href='?page_no=20758'>20758<\/a><\/li>\n\n\n\n<li><a href='?page_no=20759'>20759<\/a><\/li>\n\n\n\n<li class='active'><a>20760<\/a><\/li>\n\n\n\n<li><a href='?page_no=20761'>20761<\/a><\/li>\n\n\n\n<li><a href='?page_no=20762'>20762<\/a><\/li>\n\n\n\n<li><a>...<\/a><\/li>\n\n\n\n<li><a href='?page_no=22522'>22522<\/a><\/li>\n\n\n\n<li><a href='?page_no=22523'>22523<\/a><\/li>\n\n    \n\t\n\n<li >\n\t<a href='?page_no=20761'>Next<\/a>\n\t<\/li>\n\n\n    \n\n<li><a href='?page_no=22523'>Last &rsaquo;&rsaquo;<\/a><\/li>\n\n<\/ul>\n\n\n--><br \/>\n<\/body><\/p>\n","protected":false},"excerpt":{"rendered":"<p>Esta semana en Times TV&#13; &#13; En nuestro segmento gente selecta les presentamos la nueva tienda de Stiletto, puro lujo en el coraz\u00f3n de Santo Domingo. A petici\u00f3n, les mostramos Costa D&#8217;Este Beach Resort, el nuevo refugio de Gloria y Emilio Estefan. Nos acompa\u00f1a el cantautor dominicano Wason Brazoban, estrenando \u00abRegalame tu dolor\u00bb. &#13; &#13; [&hellip;]<\/p>\n","protected":false},"author":3,"featured_media":0,"comment_status":"open","ping_status":"open","sticky":false,"template":"","format":"standard","meta":{"footnotes":""},"categories":[25],"tags":[],"class_list":["post-92138","post","type-post","status-publish","format-standard","hentry","category-gente"],"_links":{"self":[{"href":"https:\/\/diariodominicano.com\/index.php?rest_route=\/wp\/v2\/posts\/92138","targetHints":{"allow":["GET"]}}],"collection":[{"href":"https:\/\/diariodominicano.com\/index.php?rest_route=\/wp\/v2\/posts"}],"about":[{"href":"https:\/\/diariodominicano.com\/index.php?rest_route=\/wp\/v2\/types\/post"}],"author":[{"embeddable":true,"href":"https:\/\/diariodominicano.com\/index.php?rest_route=\/wp\/v2\/users\/3"}],"replies":[{"embeddable":true,"href":"https:\/\/diariodominicano.com\/index.php?rest_route=%2Fwp%2Fv2%2Fcomments&post=92138"}],"version-history":[{"count":0,"href":"https:\/\/diariodominicano.com\/index.php?rest_route=\/wp\/v2\/posts\/92138\/revisions"}],"wp:attachment":[{"href":"https:\/\/diariodominicano.com\/index.php?rest_route=%2Fwp%2Fv2%2Fmedia&parent=92138"}],"wp:term":[{"taxonomy":"category","embeddable":true,"href":"https:\/\/diariodominicano.com\/index.php?rest_route=%2Fwp%2Fv2%2Fcategories&post=92138"},{"taxonomy":"post_tag","embeddable":true,"href":"https:\/\/diariodominicano.com\/index.php?rest_route=%2Fwp%2Fv2%2Ftags&post=92138"}],"curies":[{"name":"wp","href":"https:\/\/api.w.org\/{rel}","templated":true}]}}