{"id":92134,"date":"2008-12-02T18:26:59","date_gmt":"2008-12-02T18:26:59","guid":{"rendered":"http:\/\/diariodominicano.ddns.net\/?p=92134"},"modified":"2008-12-02T18:26:59","modified_gmt":"2008-12-02T18:26:59","slug":"festival-de-santo-domingo-todo-un-exito","status":"publish","type":"post","link":"https:\/\/diariodominicano.com\/?p=92134","title":{"rendered":"Festival de Santo Domingo, todo un \u00e9xito"},"content":{"rendered":"<p><body><\/p>\n<p align=\"justify\"><span class=\"titulogrande1\">Festival de  Santo Domingo, todo un \u00e9xito\u00a0<\/span><br \/>&#13;<br \/>\n    <br \/>&#13;<br \/>\n    <span class=\"text1noticias\"><img loading=\"lazy\" decoding=\"async\" src=\"http:\/\/localhost:8080\/gente\/img\/jul doc.jpg\" width=\"375\" height=\"1064\" hspace=\"4\" align=\"left\" \/>SANTODOMINGO.\/  El Malec\u00f3n del Distrito Nacional acogi\u00f3 este domingo a las principales  agrupaciones populares del pa\u00eds durante la realizaci\u00f3n del Festival de Santo  Domingo. <\/span><\/p>\n<p>&#13;<\/p>\n<p align=\"justify\" class=\"text1noticias\">Con  cinco escenarios colocados en zonas estrat\u00e9gicas de la avenida, cerca de 70  agrupaciones apostaron a sus respectivos repertorios para poner a bailar a sus  seguidores. <\/p>\n<p>&#13;<\/p>\n<p align=\"justify\" class=\"text1noticias\">Es  decir, estuvieron presentes el merengue tradicional, la musica tipica, el  reggaeton, la salsa y la bachata. Un abanico de ritmos para todos los gustos. <\/p>\n<p>&#13;<\/p>\n<p align=\"justify\" class=\"text1noticias\">La  jornada inici\u00f3 pasadas las 4: 00 de la tarde y concluy\u00f3 a\u00a0 la 1:30 de la  madrugada de este lunes. <\/p>\n<p>&#13;<\/p>\n<p align=\"justify\" class=\"text1noticias\"> A  la convocatoria tambi\u00e9n acudieron comparsas de cinco ciudades, as\u00ed como la  participaci\u00f3n de ballets folkl\u00f3ricos. La producci\u00f3n incluy\u00f3 atracciones para  los ni\u00f1os, convirtiendo el lugar un espacio para toda la familia.\u00a0 <\/p>\n<p>&#13;<\/p>\n<p align=\"justify\" class=\"text1noticias\">Un  momento emotivo fue en el que se le rindi\u00f3 homenaje a tres glorias de la m\u00fasica  dominicana como son Joseito Mateo, Vinicio Franco y Francis Santana. <\/p>\n<p>&#13;<\/p>\n<p align=\"justify\" class=\"text1noticias\">Capitale\u00f1os  y un gran p\u00fablico del interior disfrut\u00f3 la segunda entrega de un marat\u00f3nico  festival musical que ya es tradici\u00f3n y\u00a0 que adem\u00e1s pudo ser visto en todo  el mundo y en el coraz\u00f3n de Nueva York por Supercanal Caribe, Mang\u00fa Music  Televisi\u00f3n y Radio Televisi\u00f3n Dominicana en una gran cadena. <\/p>\n<p>&#13;<\/p>\n<p align=\"justify\" class=\"text1noticias\">De  igual manera se observaron decenas de turistas, entre ellos los que llegaron a  puerto dominicano en el buque Braemar de la l\u00ednea de Crucero Fred Olsen. <\/p>\n<p>&#13;<\/p>\n<p align=\"justify\" class=\"text1noticias\">La  producci\u00f3n estuvo a cargo de Luis Medrano y toda la log\u00edstica fue aportada por  el Ayuntamiento del Distrito Nacional. <\/p>\n<p>&#13;<\/p>\n<p align=\"justify\" class=\"text1noticias\">En  tanto la direcci\u00f3n art\u00edstica estuvo a cargo de Chiqui Haddad y el soci\u00f3logo  Dagoberto Tejeda fue el coordinador de los grupos folkl\u00f3ricos y comparsas que  animaron durante toda la tarde. <\/p>\n<p>&#13;<\/p>\n<p align=\"justify\" class=\"text1noticias\"> El  evento fue patrocinado por Cervecer\u00eda Nacional Dominicana, Malta Morena, Brugal  &amp; Co., Claro-Codetel, entre otras empresas. <\/p>\n<p>&#13;<\/p>\n<h6> 2008-12-02 18:26:59 <\/h6>\n<p><!--\n<link rel=\"stylesheet\" href=\"css\/bootstrap.min.css\">\n\n\n<ul class=\"pagination\">\n\t    \n\t\n\n<li >\n\t<a href='?page_no=20755'>Previous<\/a>\n\t<\/li>\n\n\n       \n    \n\n<li><a href='?page_no=1'>1<\/a><\/li>\n\n\n\n<li><a href='?page_no=2'>2<\/a><\/li>\n\n\n\n<li><a>...<\/a><\/li>\n\n\n\n<li><a href='?page_no=20754'>20754<\/a><\/li>\n\n\n\n<li><a href='?page_no=20755'>20755<\/a><\/li>\n\n\n\n<li class='active'><a>20756<\/a><\/li>\n\n\n\n<li><a href='?page_no=20757'>20757<\/a><\/li>\n\n\n\n<li><a href='?page_no=20758'>20758<\/a><\/li>\n\n\n\n<li><a>...<\/a><\/li>\n\n\n\n<li><a href='?page_no=22522'>22522<\/a><\/li>\n\n\n\n<li><a href='?page_no=22523'>22523<\/a><\/li>\n\n    \n\t\n\n<li >\n\t<a href='?page_no=20757'>Next<\/a>\n\t<\/li>\n\n\n    \n\n<li><a href='?page_no=22523'>Last &rsaquo;&rsaquo;<\/a><\/li>\n\n<\/ul>\n\n\n--><br \/>\n<\/body><\/p>\n","protected":false},"excerpt":{"rendered":"<p>Festival de Santo Domingo, todo un \u00e9xito\u00a0&#13; &#13; SANTODOMINGO.\/ El Malec\u00f3n del Distrito Nacional acogi\u00f3 este domingo a las principales agrupaciones populares del pa\u00eds durante la realizaci\u00f3n del Festival de Santo Domingo. &#13; Con cinco escenarios colocados en zonas estrat\u00e9gicas de la avenida, cerca de 70 agrupaciones apostaron a sus respectivos repertorios para poner a [&hellip;]<\/p>\n","protected":false},"author":3,"featured_media":0,"comment_status":"open","ping_status":"open","sticky":false,"template":"","format":"standard","meta":{"footnotes":""},"categories":[25],"tags":[],"class_list":["post-92134","post","type-post","status-publish","format-standard","hentry","category-gente"],"_links":{"self":[{"href":"https:\/\/diariodominicano.com\/index.php?rest_route=\/wp\/v2\/posts\/92134","targetHints":{"allow":["GET"]}}],"collection":[{"href":"https:\/\/diariodominicano.com\/index.php?rest_route=\/wp\/v2\/posts"}],"about":[{"href":"https:\/\/diariodominicano.com\/index.php?rest_route=\/wp\/v2\/types\/post"}],"author":[{"embeddable":true,"href":"https:\/\/diariodominicano.com\/index.php?rest_route=\/wp\/v2\/users\/3"}],"replies":[{"embeddable":true,"href":"https:\/\/diariodominicano.com\/index.php?rest_route=%2Fwp%2Fv2%2Fcomments&post=92134"}],"version-history":[{"count":0,"href":"https:\/\/diariodominicano.com\/index.php?rest_route=\/wp\/v2\/posts\/92134\/revisions"}],"wp:attachment":[{"href":"https:\/\/diariodominicano.com\/index.php?rest_route=%2Fwp%2Fv2%2Fmedia&parent=92134"}],"wp:term":[{"taxonomy":"category","embeddable":true,"href":"https:\/\/diariodominicano.com\/index.php?rest_route=%2Fwp%2Fv2%2Fcategories&post=92134"},{"taxonomy":"post_tag","embeddable":true,"href":"https:\/\/diariodominicano.com\/index.php?rest_route=%2Fwp%2Fv2%2Ftags&post=92134"}],"curies":[{"name":"wp","href":"https:\/\/api.w.org\/{rel}","templated":true}]}}