{"id":92131,"date":"2008-12-04T15:57:43","date_gmt":"2008-12-04T15:57:43","guid":{"rendered":"http:\/\/diariodominicano.ddns.net\/?p=92131"},"modified":"2008-12-04T15:57:43","modified_gmt":"2008-12-04T15:57:43","slug":"michelle-vieth-no-descarta-aceptar-oferta-trabajo-en-telemundo","status":"publish","type":"post","link":"https:\/\/diariodominicano.com\/?p=92131","title":{"rendered":"Michelle Vieth no descarta aceptar oferta trabajo en Telemundo"},"content":{"rendered":"<p><body><\/p>\n<p align=\"justify\"><strong class=\"titulogrande1\">Michelle  Vieth no descarta aceptar oferta trabajo en Telemundo<\/strong><br \/>&#13;<br \/>\n  <br \/>&#13;<br \/>\n    <span class=\"text1noticias\">La actriz mexicana Michelle Vieth, quien  salt\u00f3 a la fama tras su papel protag\u00f3nico en <strong>\u00abMi Peque\u00f1a Traviesa\u00bb<\/strong> junto a H\u00e9ctor Sober\u00f3n, quien m\u00e1s tarde se convirti\u00f3 en su esposo -en una de  las bodas m\u00e1s comentadas de su tiempo- retorna a la pantalla chica en dos  producciones que se transmiten de manera simult\u00e1nea en los Estados Unidos, en  dos cadenas diferentes.\u00a0<br \/>&#13;<br \/>\n    <br \/>&#13;<br \/>\n  Vieth tiene participaciones especiales en <strong>\u00abAl  Diablo con los Guapos\u00bb<\/strong> que transmite Univisi\u00f3n y <strong>\u00abLa  Traici\u00f3n\u00bb<\/strong> de Telemundo. De esta \u00faltima dice que firm\u00f3 un contrato para  interpretar a Michelle \u2013su personaje- en 25 cap\u00edtulos, y que fue Televisa quien  la propuso para el papel; siendo la primera vez que sale de su pa\u00eds a trabajar.<br \/>&#13;<br \/>\n  <br \/>&#13;<br \/>\n  La actriz explica a Carmen Elena que su  personaje en \u00ab<strong>La Traici\u00f3n\u00bb<\/strong> marca un nuevo giro en la trama y  le ofrece un reto actoral. \u00abElla desaf\u00eda todos los par\u00e1metros que estaban  preestablecidos en esa \u00e9poca, entre las mujeres y eso me encanta\u00bb, comenta  orgullosa.<br \/>&#13;<br \/>\n  <br \/>&#13;<br \/>\n  En otros t\u00f3picos, asegura durante la  entrevista que est\u00e1 feliz con su nueva pareja y que nunca antes hab\u00eda conocido  el amor. Adem\u00e1s, habl\u00f3 de c\u00f3mo super\u00f3 el esc\u00e1ndalo que se desat\u00f3 luego que su  ex esposo hiciera p\u00fablico un video \u00edntimo de ambos.\u00a0\u00a0<br \/>&#13;<br \/>\n  <br \/>&#13;<br \/>\n  En otro segmento, <strong>\u00abLa Diva\u00bb<\/strong> ofrece con lujos y detalles todo lo acontecido en la boda de B\u00e1rbara Bermudo  realizada en Punta Cana, Rep\u00fablica Dominicana. Asimismo, trae chismes sobre la  actriz Roselyn S\u00e1nchez, y el incidente que protagoniza la cantante juvenil  Belinda al ser mostrado por su ex novio su torso desnudo en la Internet.  \u00a0<br \/>&#13;<br \/>\n  <br \/>&#13;<br \/>\n  En <strong>\u00abDiario del Espect\u00e1culo\u00bb<\/strong> a John Lennon al conmemorarse un aniversario de su muerte.\u00a0<br \/>&#13;<br \/>\nEscribe a <a href=\"mailto:focus.cem@gmail.com\" target=\"_blank\" rel=\"noopener noreferrer\">focus.cem@gmail.com<\/a> y elige la pr\u00f3xima entrevista entre Mauricio Islas de <strong>\u00abPecados Ajenos\u00bb,<\/strong> Arap Bethke de <strong>\u00abDo\u00f1a B\u00e1rbara\u00bb<\/strong> y Danna Garc\u00eda de <strong>\u00abLa Traici\u00f3n\u00bb.<\/strong>\u00a0<\/span><\/p>\n<p>&#13;<\/p>\n<h6> 2008-12-04 15:57:43 <\/h6>\n<p><!--\n<link rel=\"stylesheet\" href=\"css\/bootstrap.min.css\">\n\n\n<ul class=\"pagination\">\n\t    \n\t\n\n<li >\n\t<a href='?page_no=20752'>Previous<\/a>\n\t<\/li>\n\n\n       \n    \n\n<li><a href='?page_no=1'>1<\/a><\/li>\n\n\n\n<li><a href='?page_no=2'>2<\/a><\/li>\n\n\n\n<li><a>...<\/a><\/li>\n\n\n\n<li><a href='?page_no=20751'>20751<\/a><\/li>\n\n\n\n<li><a href='?page_no=20752'>20752<\/a><\/li>\n\n\n\n<li class='active'><a>20753<\/a><\/li>\n\n\n\n<li><a href='?page_no=20754'>20754<\/a><\/li>\n\n\n\n<li><a href='?page_no=20755'>20755<\/a><\/li>\n\n\n\n<li><a>...<\/a><\/li>\n\n\n\n<li><a href='?page_no=22522'>22522<\/a><\/li>\n\n\n\n<li><a href='?page_no=22523'>22523<\/a><\/li>\n\n    \n\t\n\n<li >\n\t<a href='?page_no=20754'>Next<\/a>\n\t<\/li>\n\n\n    \n\n<li><a href='?page_no=22523'>Last &rsaquo;&rsaquo;<\/a><\/li>\n\n<\/ul>\n\n\n--><br \/>\n<\/body><\/p>\n","protected":false},"excerpt":{"rendered":"<p>Michelle Vieth no descarta aceptar oferta trabajo en Telemundo&#13; &#13; La actriz mexicana Michelle Vieth, quien salt\u00f3 a la fama tras su papel protag\u00f3nico en \u00abMi Peque\u00f1a Traviesa\u00bb junto a H\u00e9ctor Sober\u00f3n, quien m\u00e1s tarde se convirti\u00f3 en su esposo -en una de las bodas m\u00e1s comentadas de su tiempo- retorna a la pantalla chica [&hellip;]<\/p>\n","protected":false},"author":3,"featured_media":0,"comment_status":"open","ping_status":"open","sticky":false,"template":"","format":"standard","meta":{"footnotes":""},"categories":[25],"tags":[],"class_list":["post-92131","post","type-post","status-publish","format-standard","hentry","category-gente"],"_links":{"self":[{"href":"https:\/\/diariodominicano.com\/index.php?rest_route=\/wp\/v2\/posts\/92131","targetHints":{"allow":["GET"]}}],"collection":[{"href":"https:\/\/diariodominicano.com\/index.php?rest_route=\/wp\/v2\/posts"}],"about":[{"href":"https:\/\/diariodominicano.com\/index.php?rest_route=\/wp\/v2\/types\/post"}],"author":[{"embeddable":true,"href":"https:\/\/diariodominicano.com\/index.php?rest_route=\/wp\/v2\/users\/3"}],"replies":[{"embeddable":true,"href":"https:\/\/diariodominicano.com\/index.php?rest_route=%2Fwp%2Fv2%2Fcomments&post=92131"}],"version-history":[{"count":0,"href":"https:\/\/diariodominicano.com\/index.php?rest_route=\/wp\/v2\/posts\/92131\/revisions"}],"wp:attachment":[{"href":"https:\/\/diariodominicano.com\/index.php?rest_route=%2Fwp%2Fv2%2Fmedia&parent=92131"}],"wp:term":[{"taxonomy":"category","embeddable":true,"href":"https:\/\/diariodominicano.com\/index.php?rest_route=%2Fwp%2Fv2%2Fcategories&post=92131"},{"taxonomy":"post_tag","embeddable":true,"href":"https:\/\/diariodominicano.com\/index.php?rest_route=%2Fwp%2Fv2%2Ftags&post=92131"}],"curies":[{"name":"wp","href":"https:\/\/api.w.org\/{rel}","templated":true}]}}