{"id":92130,"date":"2008-12-04T16:21:37","date_gmt":"2008-12-04T16:21:37","guid":{"rendered":"http:\/\/diariodominicano.ddns.net\/?p=92130"},"modified":"2008-12-04T16:21:37","modified_gmt":"2008-12-04T16:21:37","slug":"issa-gadala-es-invitado-al-teleton-de-panama","status":"publish","type":"post","link":"https:\/\/diariodominicano.com\/?p=92130","title":{"rendered":"Issa Gadala es invitado al Telet\u00f3n de Panam\u00e1"},"content":{"rendered":"<p><body><\/p>\n<p class=\"titulogrande1\"><strong>Issa  Gadala es invitado al Telet\u00f3n de Panam\u00e1 <\/strong><\/p>\n<p>&#13;<\/p>\n<p align=\"justify\" class=\"text1noticias\"><img loading=\"lazy\" decoding=\"async\" src=\"http:\/\/localhost:8080\/gente\/img\/isa gada.jpg\" width=\"375\" height=\"250\" hspace=\"4\" align=\"left\" \/>El joven cantante dominicano, Issa Gadala est\u00e1 muy emocionado y  no es para menos. La pasada semana recibi\u00f3 una invitaci\u00f3n para actuar en el  Telet\u00f3n de Panam\u00e1 el pr\u00f3ximo 13 de este mes.<br \/>&#13;<br \/>\n  <br \/>&#13;<br \/>\n  El baladista  estar\u00e1 en esta ciudad del 10 al 14 de este mes. Realizar\u00e1 su primera gira  promocional, donde sus canciones \u00abDevu\u00e9lveme\u00bb y \u00abBusco  enamorarme\u00bb, entraron con fuerza a la radio paname\u00f1a, seg\u00fan rese\u00f1a el  diario digital paname\u00f1o El Siglo, fechado 28 de noviembre.<br \/>&#13;<br \/>\n  <br \/>&#13;<br \/>\n  Es gracias a  la pegada de estas canciones que Gadala fue escogido por los organizadores del  Telet\u00f3n para participar del mismo.<br \/>&#13;<br \/>\n  <br \/>&#13;<br \/>\n  \u00abCuando  recib\u00ed la carta de invitaci\u00f3n me puse muy contento. Estar en el Telet\u00f3n de  Panam\u00e1 es un gran privilegio para mi, donde pondr\u00e9 en alto el nombre de la  Rep\u00fablica Dominicana\u00bb, dijo el artista.<br \/>&#13;<br \/>\n  <br \/>&#13;<br \/>\n  Su manager  en Panam\u00e1, Ren\u00e9 Combe, inform\u00f3 que Issa Gadala tiene una apretada agenda de  cuatro d\u00edas en este pa\u00eds, donde visitar\u00e1 emisoras de radio, actuar\u00e1 en  diferentes canales de televisi\u00f3n y firmar\u00e1 aut\u00f3grafos.<\/p>\n<p>&#13;<\/p>\n<h6> 2008-12-04 16:21:37 <\/h6>\n<p><!--\n<link rel=\"stylesheet\" href=\"css\/bootstrap.min.css\">\n\n\n<ul class=\"pagination\">\n\t    \n\t\n\n<li >\n\t<a href='?page_no=20751'>Previous<\/a>\n\t<\/li>\n\n\n       \n    \n\n<li><a href='?page_no=1'>1<\/a><\/li>\n\n\n\n<li><a href='?page_no=2'>2<\/a><\/li>\n\n\n\n<li><a>...<\/a><\/li>\n\n\n\n<li><a href='?page_no=20750'>20750<\/a><\/li>\n\n\n\n<li><a href='?page_no=20751'>20751<\/a><\/li>\n\n\n\n<li class='active'><a>20752<\/a><\/li>\n\n\n\n<li><a href='?page_no=20753'>20753<\/a><\/li>\n\n\n\n<li><a href='?page_no=20754'>20754<\/a><\/li>\n\n\n\n<li><a>...<\/a><\/li>\n\n\n\n<li><a href='?page_no=22522'>22522<\/a><\/li>\n\n\n\n<li><a href='?page_no=22523'>22523<\/a><\/li>\n\n    \n\t\n\n<li >\n\t<a href='?page_no=20753'>Next<\/a>\n\t<\/li>\n\n\n    \n\n<li><a href='?page_no=22523'>Last &rsaquo;&rsaquo;<\/a><\/li>\n\n<\/ul>\n\n\n--><br \/>\n<\/body><\/p>\n","protected":false},"excerpt":{"rendered":"<p>Issa Gadala es invitado al Telet\u00f3n de Panam\u00e1 &#13; El joven cantante dominicano, Issa Gadala est\u00e1 muy emocionado y no es para menos. La pasada semana recibi\u00f3 una invitaci\u00f3n para actuar en el Telet\u00f3n de Panam\u00e1 el pr\u00f3ximo 13 de este mes.&#13; &#13; El baladista estar\u00e1 en esta ciudad del 10 al 14 de este [&hellip;]<\/p>\n","protected":false},"author":3,"featured_media":0,"comment_status":"open","ping_status":"open","sticky":false,"template":"","format":"standard","meta":{"footnotes":""},"categories":[25],"tags":[],"class_list":["post-92130","post","type-post","status-publish","format-standard","hentry","category-gente"],"_links":{"self":[{"href":"https:\/\/diariodominicano.com\/index.php?rest_route=\/wp\/v2\/posts\/92130","targetHints":{"allow":["GET"]}}],"collection":[{"href":"https:\/\/diariodominicano.com\/index.php?rest_route=\/wp\/v2\/posts"}],"about":[{"href":"https:\/\/diariodominicano.com\/index.php?rest_route=\/wp\/v2\/types\/post"}],"author":[{"embeddable":true,"href":"https:\/\/diariodominicano.com\/index.php?rest_route=\/wp\/v2\/users\/3"}],"replies":[{"embeddable":true,"href":"https:\/\/diariodominicano.com\/index.php?rest_route=%2Fwp%2Fv2%2Fcomments&post=92130"}],"version-history":[{"count":0,"href":"https:\/\/diariodominicano.com\/index.php?rest_route=\/wp\/v2\/posts\/92130\/revisions"}],"wp:attachment":[{"href":"https:\/\/diariodominicano.com\/index.php?rest_route=%2Fwp%2Fv2%2Fmedia&parent=92130"}],"wp:term":[{"taxonomy":"category","embeddable":true,"href":"https:\/\/diariodominicano.com\/index.php?rest_route=%2Fwp%2Fv2%2Fcategories&post=92130"},{"taxonomy":"post_tag","embeddable":true,"href":"https:\/\/diariodominicano.com\/index.php?rest_route=%2Fwp%2Fv2%2Ftags&post=92130"}],"curies":[{"name":"wp","href":"https:\/\/api.w.org\/{rel}","templated":true}]}}