{"id":92129,"date":"2008-12-04T18:58:29","date_gmt":"2008-12-04T18:58:29","guid":{"rendered":"http:\/\/diariodominicano.ddns.net\/?p=92129"},"modified":"2008-12-04T18:58:29","modified_gmt":"2008-12-04T18:58:29","slug":"jorge-ramos-pide-al-presidente-fernandez-oportunidad-para-entrevistarlo","status":"publish","type":"post","link":"https:\/\/diariodominicano.com\/?p=92129","title":{"rendered":"Jorge Ramos pide al presidente Fern\u00e1ndez oportunidad para entrevistarlo"},"content":{"rendered":"<p><body><\/p>\n<p align=\"justify\"><span class=\"titulogrande1\">Jorge  Ramos pide al presidente Fern\u00e1ndez oportunidad para entrevistarlo\u00a0<\/span><br \/>&#13;<br \/>\n  \u00a0<br \/>&#13;<br \/>\n  <span class=\"text1noticias\"><img loading=\"lazy\" decoding=\"async\" src=\"http:\/\/localhost:8080\/gente\/img\/ram do.jpg\" width=\"375\" height=\"500\" hspace=\"4\" align=\"left\" \/>Este s\u00e1bado, <strong>\u00abNoche de Luz\u00bb<\/strong> trae un plato fuerte y es la entrevista al periodista mexicano Jorge Ramos, una  de las voces de gran credibilidad en la pantalla chica de los Estados Unidos  dirigida a la comunidad hispana y que en exclusiva conversa con Luz Garc\u00eda  sobre su devenir profesional y sus m\u00e1s grandes retos.\u00a0<br \/>&#13;<br \/>\n  <br \/>&#13;<br \/>\n  Desde Miami, Luz nos presenta la historia del  herm\u00e9tico periodista, quien cita que en su experiencia como reportero, donde ha  tenido la oportunidad de entrevistar a famosos ex presidentes como Bill  Clinton, George Bush padre e hijo, y grandes l\u00edderes de Latinoam\u00e9rica, entre  otros, dice no contar con la misma suerte al tratar de establecer contacto con  el actual presidente dominicano Dr. Leonel Fern\u00e1ndez para poder entrevistarlo.\u00a0<br \/>&#13;<br \/>\n  <br \/>&#13;<br \/>\n  Asimismo, agradece a los Estados Unidos la  oportunidad que le ha dado de poder desarrollarse en el medio period\u00edstico,  suerte que no tuvo en su pa\u00eds natal M\u00e9xico, pero que gracias a Dios su sue\u00f1o de  poder llegar a la comunidad latina a trav\u00e9s de la magia de televisi\u00f3n se ha  podido realizar.\u00a0<br \/>&#13;<br \/>\n  <br \/>&#13;<br \/>\n  Sobre su vida privada siempre es bastante  discreto y de verdad que no solt\u00f3 ning\u00fan detalle de su relaci\u00f3n con la actriz  cubano-mexicano Ana de la Reguera, con quien lleva algunos a\u00f1os de relaci\u00f3n  sentimental.\u00a0<br \/>&#13;<br \/>\n  <br \/>&#13;<br \/>\n  De estos y otros muchos temas conversa Luz  Garc\u00eda con Jorge Ramos en una entrevista al rojo vivo.\u00a0\u00a0<br \/>&#13;<br \/>\n  <br \/>&#13;<br \/>\n  En otro segmento, te presentamos a la segunda  ganadora, que pasa directamente a la gran final del concurso <strong>\u00abNoche de  Luz pone ruedas a tu suerte\u00bb<\/strong>, que recay\u00f3 en Teresa Abre\u00fa Cabrera de  Santo Domingo.\u00a0<br \/>&#13;<br \/>\n  <br \/>&#13;<br \/>\n  En <strong>\u00abFlashes\u00bb,<\/strong> Keyther  Est\u00e9vez nos muestra las tendencias de temporada, qu\u00e9 ropa se debe llevar en  Navidad para que saques la mayor ventaja a esta colorida estaci\u00f3n.\u00a0<br \/>&#13;<br \/>\n  <br \/>&#13;<br \/>\nMientras el <strong>\u00abBonche Luz\u00bb,<\/strong> que procura rescatar los valores culturales de los famosos aguinaldos navide\u00f1os,  hace un recorrido por la casa de algunas figuras famosas del arte y la  comunicaci\u00f3n. No te lo pierdas.\u00a0<\/span><\/p>\n<p>&#13;<\/p>\n<h6> 2008-12-04 18:58:29 <\/h6>\n<p><!--\n<link rel=\"stylesheet\" href=\"css\/bootstrap.min.css\">\n\n\n<ul class=\"pagination\">\n\t    \n\t\n\n<li >\n\t<a href='?page_no=20750'>Previous<\/a>\n\t<\/li>\n\n\n       \n    \n\n<li><a href='?page_no=1'>1<\/a><\/li>\n\n\n\n<li><a href='?page_no=2'>2<\/a><\/li>\n\n\n\n<li><a>...<\/a><\/li>\n\n\n\n<li><a href='?page_no=20749'>20749<\/a><\/li>\n\n\n\n<li><a href='?page_no=20750'>20750<\/a><\/li>\n\n\n\n<li class='active'><a>20751<\/a><\/li>\n\n\n\n<li><a href='?page_no=20752'>20752<\/a><\/li>\n\n\n\n<li><a href='?page_no=20753'>20753<\/a><\/li>\n\n\n\n<li><a>...<\/a><\/li>\n\n\n\n<li><a href='?page_no=22522'>22522<\/a><\/li>\n\n\n\n<li><a href='?page_no=22523'>22523<\/a><\/li>\n\n    \n\t\n\n<li >\n\t<a href='?page_no=20752'>Next<\/a>\n\t<\/li>\n\n\n    \n\n<li><a href='?page_no=22523'>Last &rsaquo;&rsaquo;<\/a><\/li>\n\n<\/ul>\n\n\n--><br \/>\n<\/body><\/p>\n","protected":false},"excerpt":{"rendered":"<p>Jorge Ramos pide al presidente Fern\u00e1ndez oportunidad para entrevistarlo\u00a0&#13; \u00a0&#13; Este s\u00e1bado, \u00abNoche de Luz\u00bb trae un plato fuerte y es la entrevista al periodista mexicano Jorge Ramos, una de las voces de gran credibilidad en la pantalla chica de los Estados Unidos dirigida a la comunidad hispana y que en exclusiva conversa con Luz [&hellip;]<\/p>\n","protected":false},"author":3,"featured_media":0,"comment_status":"open","ping_status":"open","sticky":false,"template":"","format":"standard","meta":{"footnotes":""},"categories":[25],"tags":[],"class_list":["post-92129","post","type-post","status-publish","format-standard","hentry","category-gente"],"_links":{"self":[{"href":"https:\/\/diariodominicano.com\/index.php?rest_route=\/wp\/v2\/posts\/92129","targetHints":{"allow":["GET"]}}],"collection":[{"href":"https:\/\/diariodominicano.com\/index.php?rest_route=\/wp\/v2\/posts"}],"about":[{"href":"https:\/\/diariodominicano.com\/index.php?rest_route=\/wp\/v2\/types\/post"}],"author":[{"embeddable":true,"href":"https:\/\/diariodominicano.com\/index.php?rest_route=\/wp\/v2\/users\/3"}],"replies":[{"embeddable":true,"href":"https:\/\/diariodominicano.com\/index.php?rest_route=%2Fwp%2Fv2%2Fcomments&post=92129"}],"version-history":[{"count":0,"href":"https:\/\/diariodominicano.com\/index.php?rest_route=\/wp\/v2\/posts\/92129\/revisions"}],"wp:attachment":[{"href":"https:\/\/diariodominicano.com\/index.php?rest_route=%2Fwp%2Fv2%2Fmedia&parent=92129"}],"wp:term":[{"taxonomy":"category","embeddable":true,"href":"https:\/\/diariodominicano.com\/index.php?rest_route=%2Fwp%2Fv2%2Fcategories&post=92129"},{"taxonomy":"post_tag","embeddable":true,"href":"https:\/\/diariodominicano.com\/index.php?rest_route=%2Fwp%2Fv2%2Ftags&post=92129"}],"curies":[{"name":"wp","href":"https:\/\/api.w.org\/{rel}","templated":true}]}}