{"id":92127,"date":"2008-12-05T19:05:10","date_gmt":"2008-12-05T19:05:10","guid":{"rendered":"http:\/\/diariodominicano.ddns.net\/?p=92127"},"modified":"2008-12-05T19:05:10","modified_gmt":"2008-12-05T19:05:10","slug":"wason-brazoban-abre-los-conciertos-de-aventura-en-puerto-rico","status":"publish","type":"post","link":"https:\/\/diariodominicano.com\/?p=92127","title":{"rendered":"Wason Brazob\u00e1n abre los conciertos de Aventura en Puerto Rico"},"content":{"rendered":"<p><body><\/p>\n<p align=\"justify\"><span class=\"titulogrande1\"><strong>Wason Brazob\u00e1n<\/strong> <strong>abre los conciertos de  Aventura en Puerto Rico<\/strong><\/span> <br \/>&#13;<br \/>\n    <strong><br \/>&#13;<br \/>\n    <br \/>&#13;<br \/>\n    <\/strong><span class=\"text1noticias\"><img loading=\"lazy\" decoding=\"async\" src=\"http:\/\/localhost:8080\/gente\/img\/wa do.jpg\" width=\"375\" height=\"250\" hspace=\"4\" align=\"left\" \/>Miami, FL,  5 de diciembre del 2008.- El nuevo \u00eddolo del pop latinoamericano, <strong>Wason  Brazob\u00e1n<\/strong>, es el encargado de abrir los cinco recitales que lleva a cabo la  banda bachatera sensaci\u00f3n, <strong>Aventura<\/strong>, los d\u00edas 4, 5, 6, 7 y 10 de  diciembre en el Coliseo Jos\u00e9 Miguel Agrelot de Puerto Rico. <br \/>&#13;<br \/>\n    <br \/>&#13;<br \/>\n    Brazob\u00e1n,  quien ha estado en visita promocional en La Isla del Encanto en las \u00faltimas  semanas, tambi\u00e9n ha sido reconocido como \u201cJoven Ejemplar\u201d por la alcald\u00eda de la  ciudad de San Juan. Ahora vuelve con las pilas puestas para ofrecer sus m\u00e1s  aclamados temas, entre ellos \u201cEn un Solo D\u00eda\u201d y \u201cCon las Manos Vac\u00edas\u201d. <br \/>&#13;<br \/>\n    <br \/>&#13;<br \/>\n    Tambi\u00e9n  presenta al p\u00fablico boricua su m\u00e1s reciente composici\u00f3n \u201cReg\u00e1lame tu Dolor\u201d,  canci\u00f3n principal de la nueva pel\u00edcula de la casa cinematogr\u00e1fica Premium Latin  Films, \u201cSanti Clo\u201d. <br \/>&#13;<br \/>\n    <br \/>&#13;<br \/>\n\u201cSiempre  es un placer regresar a Puerto Rico, un pa\u00eds donde la gente es muy alegre y  disfrutan de la m\u00fasica a plenitud\u201d, expres\u00f3 el int\u00e9rprete dominicano. <br \/>&#13;<br \/>\n<br \/>&#13;<br \/>\n\u201cArmadura  de Rosas\u201d es el m\u00e1s reciente disco de Wason Brazob\u00e1n, el cual llega bajo el  sello discogr\u00e1fico Premium Latin Music. <\/span><\/p>\n<p>&#13;<\/p>\n<h6> 2008-12-05 19:05:10 <\/h6>\n<p><!--\n<link rel=\"stylesheet\" href=\"css\/bootstrap.min.css\">\n\n\n<ul class=\"pagination\">\n\t    \n\t\n\n<li >\n\t<a href='?page_no=20748'>Previous<\/a>\n\t<\/li>\n\n\n       \n    \n\n<li><a href='?page_no=1'>1<\/a><\/li>\n\n\n\n<li><a href='?page_no=2'>2<\/a><\/li>\n\n\n\n<li><a>...<\/a><\/li>\n\n\n\n<li><a href='?page_no=20747'>20747<\/a><\/li>\n\n\n\n<li><a href='?page_no=20748'>20748<\/a><\/li>\n\n\n\n<li class='active'><a>20749<\/a><\/li>\n\n\n\n<li><a href='?page_no=20750'>20750<\/a><\/li>\n\n\n\n<li><a href='?page_no=20751'>20751<\/a><\/li>\n\n\n\n<li><a>...<\/a><\/li>\n\n\n\n<li><a href='?page_no=22522'>22522<\/a><\/li>\n\n\n\n<li><a href='?page_no=22523'>22523<\/a><\/li>\n\n    \n\t\n\n<li >\n\t<a href='?page_no=20750'>Next<\/a>\n\t<\/li>\n\n\n    \n\n<li><a href='?page_no=22523'>Last &rsaquo;&rsaquo;<\/a><\/li>\n\n<\/ul>\n\n\n--><br \/>\n<\/body><\/p>\n","protected":false},"excerpt":{"rendered":"<p>Wason Brazob\u00e1n abre los conciertos de Aventura en Puerto Rico &#13; &#13; &#13; Miami, FL, 5 de diciembre del 2008.- El nuevo \u00eddolo del pop latinoamericano, Wason Brazob\u00e1n, es el encargado de abrir los cinco recitales que lleva a cabo la banda bachatera sensaci\u00f3n, Aventura, los d\u00edas 4, 5, 6, 7 y 10 de diciembre [&hellip;]<\/p>\n","protected":false},"author":3,"featured_media":0,"comment_status":"open","ping_status":"open","sticky":false,"template":"","format":"standard","meta":{"footnotes":""},"categories":[25],"tags":[],"class_list":["post-92127","post","type-post","status-publish","format-standard","hentry","category-gente"],"_links":{"self":[{"href":"https:\/\/diariodominicano.com\/index.php?rest_route=\/wp\/v2\/posts\/92127","targetHints":{"allow":["GET"]}}],"collection":[{"href":"https:\/\/diariodominicano.com\/index.php?rest_route=\/wp\/v2\/posts"}],"about":[{"href":"https:\/\/diariodominicano.com\/index.php?rest_route=\/wp\/v2\/types\/post"}],"author":[{"embeddable":true,"href":"https:\/\/diariodominicano.com\/index.php?rest_route=\/wp\/v2\/users\/3"}],"replies":[{"embeddable":true,"href":"https:\/\/diariodominicano.com\/index.php?rest_route=%2Fwp%2Fv2%2Fcomments&post=92127"}],"version-history":[{"count":0,"href":"https:\/\/diariodominicano.com\/index.php?rest_route=\/wp\/v2\/posts\/92127\/revisions"}],"wp:attachment":[{"href":"https:\/\/diariodominicano.com\/index.php?rest_route=%2Fwp%2Fv2%2Fmedia&parent=92127"}],"wp:term":[{"taxonomy":"category","embeddable":true,"href":"https:\/\/diariodominicano.com\/index.php?rest_route=%2Fwp%2Fv2%2Fcategories&post=92127"},{"taxonomy":"post_tag","embeddable":true,"href":"https:\/\/diariodominicano.com\/index.php?rest_route=%2Fwp%2Fv2%2Ftags&post=92127"}],"curies":[{"name":"wp","href":"https:\/\/api.w.org\/{rel}","templated":true}]}}