{"id":92126,"date":"2008-12-05T21:48:13","date_gmt":"2008-12-05T21:48:13","guid":{"rendered":"http:\/\/diariodominicano.ddns.net\/?p=92126"},"modified":"2008-12-05T21:48:13","modified_gmt":"2008-12-05T21:48:13","slug":"los-congos-de-villa-mella-ballet-clasico-nacional-y-rondalla-de-la-uasd-entre-los-atractivos-de-la-noche-larga-de-los-museos","status":"publish","type":"post","link":"https:\/\/diariodominicano.com\/?p=92126","title":{"rendered":"Los Congos de Villa Mella, Ballet Cl\u00e1sico Nacional y Rondalla de la UASD Entre los atractivos de la Noche Larga de los Museos"},"content":{"rendered":"<p><body><\/p>\n<p align=\"justify\" class=\"titulogrande1\">Los Congos de Villa Mella, Ballet Cl\u00e1sico Nacional y  Rondalla de la UASD Entre  los atractivos de la Noche   Larga de los Museos <\/p>\n<p>&#13;<\/p>\n<p align=\"justify\" class=\"text1noticias\">SANTO DOMINGO. Para exhibir y dar a  conocer el patrimonio con que cuentan las instituciones culturales, Los museos  del Hombre Dominicano y Arte Moderno, dependencia de la Secretar\u00eda de Estado de  Cultura ofrecer\u00e1n seis espect\u00e1culos este pr\u00f3ximo mi\u00e9rcoles 10 de diciembre a  partir de las 6:00 de la tarde en la   Plaza de la   Cultura Juan Pablo Duarte, sum\u00e1ndose as\u00ed a las festividades  de la Noche Larga  de los Museos. <br \/>&#13;<br \/>\n  <br \/>&#13;<br \/>\n  \u00a0Al ofrecer los detalles del amplio  programa, \u00a0Juan Rodr\u00edguez Acosta,  director del MHD, y Mariaelena Ditren, directora del MAM, explicaron que las  presentaciones art\u00edsticas y la exhibici\u00f3n de las obras m\u00e1s impactantes de ambas  instituciones, ubicada en la   Plaza de la   Cultura Juan Pablo Duarte est\u00e1 dentro del calendario que  lleva a cabo la   Subsecretaria de Patrimonio Cultural, presidida por \u00a0Lourdes Camilo de Cuello.&#13;<br \/>\n  <!--  D([\"mb\",\"u003cbru003enu003c\/spanu003eu003c\/pu003enu003cp styleu003d\"text-align:justify\"u003eu003cspan langu003d\"ES-DO\" styleu003d\"font-size:11.5pt;color:black\"u003eA&ntilde;aden que es de inter&eacute;s para ambos museos contribuir con la sociedad en la conservaci&oacute;n, conocimiento y difusi&oacute;n del patrimonio hist&oacute;rico y cultural de la naci&oacute;n, utilizando m&eacute;todos educativos para los visitantes, en su mayor&iacute;a estudiantes universitarios, y de la educaci&oacute;n media de las escuelas p&uacute;blicas y colegios privados.u003cspanu003e&nbsp; u003c\/spanu003eu003c\/spanu003eu003c\/pu003ennu003cp styleu003d\"text-align:justify\"u003eu003cspan langu003d\"ES-DO\" styleu003d\"font-size:11.5pt;color:black\"u003e&nbsp;Resaltan que u0026quot;La noches larga de los museosu0026quot;, la cual se efectuar&aacute; el 10 de diciembre promete ser para el MHD y el MAM una noche inolvidable, a juzgar por la calidad de los artistas que se presentar&aacute;n ese d&iacute;a.u003c\/spanu003eu003c\/pu003ennu003cp styleu003d\"text-align:justify\"u003eu003cspan langu003d\"ES-DO\" styleu003d\"font-size:11.5pt;color:black\"u003e&nbsp;De su lado, Rodr&iacute;guez Acosta dijo que el Museo Del Hombre Dominicana presentar&aacute; en su explanada frontal un espect&aacute;culo con los Congos de Villas Mella, declarados por la UNESCO en el 2001 Obra Maestra del Patrimonio Oral e Intangible de la Humanidad, y los cuales traer&aacute;n sus m&uacute;sicas tradicionales a todos los presentes ese d&iacute;a.u003c\/spanu003eu003c\/pu003ennu003cp styleu003d\"text-align:justify\"u003eu003cspan langu003d\"ES-DO\" styleu003d\"font-size:11.5pt;color:black\"u003e&nbsp;De igual manera, se expres&oacute; Ditr&eacute;n del MAM, quien a&ntilde;ade que presentar&aacute;n conciertos, obras teatrales, villancicos y bailes folkl&oacute;ricos, as&iacute; como interesantes conferencias con expertos cr&iacute;ticos de arte del pa&iacute;s.u003c\/spanu003eu003c\/pu003ennu003cp styleu003d\"text-align:justify\"u003eu003cspan langu003d\"ES-DO\" styleu003d\"font-size:11.5pt;color:black\"u003e&nbsp;Dentro de la programaci&oacute;n cabe destacar la pu003c\/spanu003eu003cspan langu003d\"ES-MX\" styleu003d\"font-size:11.5pt;color:black\"u003epresentaci&oacute;n de la obra u0026quot;El Alma de un Artistau0026quot; sobre la vida y obra de Yoryi Morel, a cargo de u003c\/spanu003eu003cspan langu003d\"ES-DO\" styleu003d\"font-size:11.5pt;color:black\"u003eu003cspanu003e&nbsp;u003c\/spanu003eRafaelu003cspanu003e&nbsp; u003c\/spanu003eValencia, a las 10:00 de la ma&ntilde;ana en el auditorio de la alta casa de los artistas pl&aacute;sticos; as&iacute; como tambi&eacute;n los Talleresu003cspanu003e&nbsp; u003c\/spanu003e\",1]  );    \/\/-->&#13;<br \/>\n  <br \/>&#13;<br \/>\n  <br \/>&#13;<br \/>\n  A\u00f1aden que es de inter\u00e9s para ambos museos  contribuir con la sociedad en la conservaci\u00f3n, conocimiento y difusi\u00f3n del  patrimonio hist\u00f3rico y cultural de la naci\u00f3n, utilizando m\u00e9todos educativos  para los visitantes, en su mayor\u00eda estudiantes universitarios, y de la  educaci\u00f3n media de las escuelas p\u00fablicas y colegios privados.\u00a0 <br \/>&#13;<br \/>\n  <br \/>&#13;<br \/>\n  \u00a0Resaltan que \u00abLa noches larga  de los museos\u00bb, la cual se efectuar\u00e1 el 10 de diciembre promete ser para  el MHD y el MAM una noche inolvidable, a juzgar por la calidad de los artistas  que se presentar\u00e1n ese d\u00eda. <br \/>&#13;<br \/>\n  <br \/>&#13;<br \/>\n  \u00a0De su lado, Rodr\u00edguez Acosta dijo  que el Museo Del Hombre Dominicana presentar\u00e1 en su explanada frontal un  espect\u00e1culo con los Congos de Villas Mella, declarados por la UNESCO en el 2001 Obra  Maestra del Patrimonio Oral e Intangible de la Humanidad, y los cuales  traer\u00e1n sus m\u00fasicas tradicionales a todos los presentes ese d\u00eda. <br \/>&#13;<br \/>\n  <br \/>&#13;<br \/>\n  \u00a0De igual manera, se expres\u00f3 Ditr\u00e9n  del MAM, quien a\u00f1ade que presentar\u00e1n conciertos, obras teatrales, villancicos y  bailes folkl\u00f3ricos, as\u00ed como interesantes conferencias con expertos cr\u00edticos de  arte del pa\u00eds. <br \/>&#13;<br \/>\n  <br \/>&#13;<br \/>\n  \u00a0Dentro de la programaci\u00f3n cabe  destacar la ppresentaci\u00f3n de la obra \u00abEl Alma de un  Artista\u00bb sobre la vida y obra de Yoryi Morel, a cargo de \u00a0Rafael\u00a0  Valencia, a las 10:00 de la ma\u00f1ana en el auditorio de la alta casa de los  artistas pl\u00e1sticos; as\u00ed como tambi\u00e9n los Talleres\u00a0&#13;<br \/>\n  <!--  D([\"mb\",\"de Creatividad Infantil durante todo el d&iacute;a para ni&ntilde;os de 6 a 12 a&ntilde;os, a cargo del creador visual Virgilio L&oacute;pez;u003cspanu003e&nbsp;&nbsp; u003c\/spanu003ey la charla u0026quot;Museos y Patrimoniou0026quot; a cargo de doctora Laura Gil, a las 2:00 de la tarde.u003c\/spanu003eu003c\/pu003ennu003cp styleu003d\"text-align:justify\"u003eu003cspan langu003d\"ES-DO\" styleu003d\"font-size:11.5pt;color:black\"u003e&nbsp;Otras son la actuaci&oacute;n del Ballet Cl&aacute;sico Nacional a partir de las 7:00 de la noche; Concierto de Villancicos a cargo del Coro del Dominico Americano y la Rondalla de la UASD; un u003c\/spanu003eu003cspan langu003d\"ES-MX\" styleu003d\"font-size:11.5pt;color:black\"u003ePerformance del artista Jos&eacute; Pi&oacute;nu003c\/spanu003eu003cspan langu003d\"ES-DO\" styleu003d\"font-size:11.5pt;color:black\"u003e a las 10:00 pm; y de 11:00 a 12:00 de la medianoche, el Aguinaldo Navide&ntilde;o con un encendido Perico Ripiao del Ayuntamientou003cspanu003e&nbsp; u003c\/spanu003eNacional. u003c\/spanu003eu003c\/pu003enu003cbr clearu003d\"all\"u003e\",1]  );  D([\"mb\",\"u003cspan classu003dsgu003eu003cbr clearu003d\"all\"u003eu003cbru003e-- u003cbru003eNatyobi Mejiau003cbru003eu0026quot;Nada te turbe, nada de espante.u003cbru003eDios no se muda, la paciencia TODO lo alcanza; quien&nbsp;&nbsp;a Dios&nbsp;&nbsp;tiene nada le falta: Solo Dios basta.u0026quot; nu003c\/spanu003e\",0]  );    \/\/-->&#13;<br \/>\n  de Creatividad Infantil durante todo el d\u00eda para ni\u00f1os de 6 a 12 a\u00f1os, a cargo del  creador visual Virgilio L\u00f3pez;\u00a0\u00a0 y la charla \u00abMuseos y  Patrimonio\u00bb a cargo de doctora Laura Gil, a las 2:00 de la tarde. <br \/>&#13;<br \/>\n  <br \/>&#13;<br \/>\n  \u00a0Otras son la actuaci\u00f3n del Ballet Cl\u00e1sico  Nacional a partir de las 7:00 de la noche; Concierto de Villancicos a cargo del  Coro del Dominico Americano y la   Rondalla de la   UASD; un Performance del artista Jos\u00e9 Pi\u00f3n a las  10:00 pm; y de 11:00 a 12:00 de la medianoche, el Aguinaldo Navide\u00f1o con un  encendido Perico Ripiao del Ayuntamiento\u00a0 Nacional. <\/p>\n<p>&#13;<\/p>\n<h6> 2008-12-05 21:48:13 <\/h6>\n<p><!--\n<link rel=\"stylesheet\" href=\"css\/bootstrap.min.css\">\n\n\n<ul class=\"pagination\">\n\t    \n\t\n\n<li >\n\t<a href='?page_no=20747'>Previous<\/a>\n\t<\/li>\n\n\n       \n    \n\n<li><a href='?page_no=1'>1<\/a><\/li>\n\n\n\n<li><a href='?page_no=2'>2<\/a><\/li>\n\n\n\n<li><a>...<\/a><\/li>\n\n\n\n<li><a href='?page_no=20746'>20746<\/a><\/li>\n\n\n\n<li><a href='?page_no=20747'>20747<\/a><\/li>\n\n\n\n<li class='active'><a>20748<\/a><\/li>\n\n\n\n<li><a href='?page_no=20749'>20749<\/a><\/li>\n\n\n\n<li><a href='?page_no=20750'>20750<\/a><\/li>\n\n\n\n<li><a>...<\/a><\/li>\n\n\n\n<li><a href='?page_no=22522'>22522<\/a><\/li>\n\n\n\n<li><a href='?page_no=22523'>22523<\/a><\/li>\n\n    \n\t\n\n<li >\n\t<a href='?page_no=20749'>Next<\/a>\n\t<\/li>\n\n\n    \n\n<li><a href='?page_no=22523'>Last &rsaquo;&rsaquo;<\/a><\/li>\n\n<\/ul>\n\n\n--><br \/>\n<\/body><\/p>\n","protected":false},"excerpt":{"rendered":"<p>Los Congos de Villa Mella, Ballet Cl\u00e1sico Nacional y Rondalla de la UASD Entre los atractivos de la Noche Larga de los Museos &#13; SANTO DOMINGO. Para exhibir y dar a conocer el patrimonio con que cuentan las instituciones culturales, Los museos del Hombre Dominicano y Arte Moderno, dependencia de la Secretar\u00eda de Estado de [&hellip;]<\/p>\n","protected":false},"author":3,"featured_media":0,"comment_status":"open","ping_status":"open","sticky":false,"template":"","format":"standard","meta":{"footnotes":""},"categories":[25],"tags":[],"class_list":["post-92126","post","type-post","status-publish","format-standard","hentry","category-gente"],"_links":{"self":[{"href":"https:\/\/diariodominicano.com\/index.php?rest_route=\/wp\/v2\/posts\/92126","targetHints":{"allow":["GET"]}}],"collection":[{"href":"https:\/\/diariodominicano.com\/index.php?rest_route=\/wp\/v2\/posts"}],"about":[{"href":"https:\/\/diariodominicano.com\/index.php?rest_route=\/wp\/v2\/types\/post"}],"author":[{"embeddable":true,"href":"https:\/\/diariodominicano.com\/index.php?rest_route=\/wp\/v2\/users\/3"}],"replies":[{"embeddable":true,"href":"https:\/\/diariodominicano.com\/index.php?rest_route=%2Fwp%2Fv2%2Fcomments&post=92126"}],"version-history":[{"count":0,"href":"https:\/\/diariodominicano.com\/index.php?rest_route=\/wp\/v2\/posts\/92126\/revisions"}],"wp:attachment":[{"href":"https:\/\/diariodominicano.com\/index.php?rest_route=%2Fwp%2Fv2%2Fmedia&parent=92126"}],"wp:term":[{"taxonomy":"category","embeddable":true,"href":"https:\/\/diariodominicano.com\/index.php?rest_route=%2Fwp%2Fv2%2Fcategories&post=92126"},{"taxonomy":"post_tag","embeddable":true,"href":"https:\/\/diariodominicano.com\/index.php?rest_route=%2Fwp%2Fv2%2Ftags&post=92126"}],"curies":[{"name":"wp","href":"https:\/\/api.w.org\/{rel}","templated":true}]}}