{"id":92124,"date":"2008-12-08T19:20:56","date_gmt":"2008-12-08T19:20:56","guid":{"rendered":"http:\/\/diariodominicano.ddns.net\/?p=92124"},"modified":"2008-12-08T19:20:56","modified_gmt":"2008-12-08T19:20:56","slug":"estudiantes-de-la-pucmm-realizan-expo-cultura-2008","status":"publish","type":"post","link":"https:\/\/diariodominicano.com\/?p=92124","title":{"rendered":"Estudiantes de la PUCMM realizan \u201cEXPO-CULTURA 2008\u201d"},"content":{"rendered":"<p><body><\/p>\n<p align=\"justify\"><span class=\"titulogrande1\"><strong>Estudiantes de la PUCMM realizan<\/strong> <strong>\u201cEXPO-CULTURA 2008\u201d<\/strong><\/span> <br \/>&#13;<br \/>\n  \u00a0<br \/>&#13;<br \/>\n  \u00a0<br \/>&#13;<br \/>\n  <span class=\"text1noticias\"><img loading=\"lazy\" decoding=\"async\" src=\"http:\/\/localhost:8080\/gente\/img\/turism.jpg\" width=\"375\" height=\"282\" hspace=\"4\" align=\"left\" \/>SANTODOMINGO.-  Estudiantes de Administraci\u00f3n Hotelera de la Universidad Pontificia Madre y  Maestra, PCMM, realizaron la 8va feria de Ventas hotelera <strong>\u201cExpo-Cultura  2008\u201d,<\/strong> con la intenci\u00f3n de promover el turismo cultural de los principales  polos tur\u00edsticos de nuestro pa\u00eds. <\/span><\/p>\n<p>&#13;<\/p>\n<p align=\"justify\" class=\"text1noticias\">Los  estudiantes participantes de esta feria cursan el s\u00e9ptimo semestre de  Administraci\u00f3n Hotelera, menci\u00f3n mercadeo hotelero de la asignatura de ventas  hotelera. <\/p>\n<p>&#13;<\/p>\n<p align=\"justify\" class=\"text1noticias\">La  actividad se llev\u00f3 a cabo el marco de la celebraci\u00f3n de la semana cultural de  PUCMM, durante dos d\u00edas, en donde los estudiantes tuvieron la oportunidad de  hacer sus exposiciones en cada stand seg\u00fan el destino a promocionar. <\/p>\n<p>&#13;<\/p>\n<p align=\"justify\" class=\"text1noticias\">El  evento cont\u00f3 con la participaci\u00f3n de la ingeniera Virginia Flores qui\u00e9n tuvo a  su cargo la charla sobre \u201cturismo cultural\u201d. Adem\u00e1s de la presentaci\u00f3n  art\u00edstica del\u00a0 Ballet Folkl\u00f3rico y el Perico Ripiao de la Secretaria de  Estado de Turismo, SECTUR. <\/p>\n<p>&#13;<\/p>\n<p align=\"justify\" class=\"text1noticias\">Tambi\u00e9n  fueron rifados 6 fines de semana en diversos hoteles del pa\u00eds, as\u00ed como cenas y  almuerzos en restaurantes de la ciudad de Santo Domingo. \u00a0Al final de la  feria el p\u00fablico asistente disfrut\u00f3 de brindis y degustaciones gracias al  departamento de Administraci\u00f3n Hotelera de la PUCMM y a los patrocinadores. <\/p>\n<p>&#13;<\/p>\n<h6> 2008-12-08 19:20:56 <\/h6>\n<p><!--\n<link rel=\"stylesheet\" href=\"css\/bootstrap.min.css\">\n\n\n<ul class=\"pagination\">\n\t    \n\t\n\n<li >\n\t<a href='?page_no=20745'>Previous<\/a>\n\t<\/li>\n\n\n       \n    \n\n<li><a href='?page_no=1'>1<\/a><\/li>\n\n\n\n<li><a href='?page_no=2'>2<\/a><\/li>\n\n\n\n<li><a>...<\/a><\/li>\n\n\n\n<li><a href='?page_no=20744'>20744<\/a><\/li>\n\n\n\n<li><a href='?page_no=20745'>20745<\/a><\/li>\n\n\n\n<li class='active'><a>20746<\/a><\/li>\n\n\n\n<li><a href='?page_no=20747'>20747<\/a><\/li>\n\n\n\n<li><a href='?page_no=20748'>20748<\/a><\/li>\n\n\n\n<li><a>...<\/a><\/li>\n\n\n\n<li><a href='?page_no=22522'>22522<\/a><\/li>\n\n\n\n<li><a href='?page_no=22523'>22523<\/a><\/li>\n\n    \n\t\n\n<li >\n\t<a href='?page_no=20747'>Next<\/a>\n\t<\/li>\n\n\n    \n\n<li><a href='?page_no=22523'>Last &rsaquo;&rsaquo;<\/a><\/li>\n\n<\/ul>\n\n\n--><br \/>\n<\/body><\/p>\n","protected":false},"excerpt":{"rendered":"<p>Estudiantes de la PUCMM realizan \u201cEXPO-CULTURA 2008\u201d &#13; \u00a0&#13; \u00a0&#13; SANTODOMINGO.- Estudiantes de Administraci\u00f3n Hotelera de la Universidad Pontificia Madre y Maestra, PCMM, realizaron la 8va feria de Ventas hotelera \u201cExpo-Cultura 2008\u201d, con la intenci\u00f3n de promover el turismo cultural de los principales polos tur\u00edsticos de nuestro pa\u00eds. &#13; Los estudiantes participantes de esta feria [&hellip;]<\/p>\n","protected":false},"author":3,"featured_media":0,"comment_status":"open","ping_status":"open","sticky":false,"template":"","format":"standard","meta":{"footnotes":""},"categories":[25],"tags":[],"class_list":["post-92124","post","type-post","status-publish","format-standard","hentry","category-gente"],"_links":{"self":[{"href":"https:\/\/diariodominicano.com\/index.php?rest_route=\/wp\/v2\/posts\/92124","targetHints":{"allow":["GET"]}}],"collection":[{"href":"https:\/\/diariodominicano.com\/index.php?rest_route=\/wp\/v2\/posts"}],"about":[{"href":"https:\/\/diariodominicano.com\/index.php?rest_route=\/wp\/v2\/types\/post"}],"author":[{"embeddable":true,"href":"https:\/\/diariodominicano.com\/index.php?rest_route=\/wp\/v2\/users\/3"}],"replies":[{"embeddable":true,"href":"https:\/\/diariodominicano.com\/index.php?rest_route=%2Fwp%2Fv2%2Fcomments&post=92124"}],"version-history":[{"count":0,"href":"https:\/\/diariodominicano.com\/index.php?rest_route=\/wp\/v2\/posts\/92124\/revisions"}],"wp:attachment":[{"href":"https:\/\/diariodominicano.com\/index.php?rest_route=%2Fwp%2Fv2%2Fmedia&parent=92124"}],"wp:term":[{"taxonomy":"category","embeddable":true,"href":"https:\/\/diariodominicano.com\/index.php?rest_route=%2Fwp%2Fv2%2Fcategories&post=92124"},{"taxonomy":"post_tag","embeddable":true,"href":"https:\/\/diariodominicano.com\/index.php?rest_route=%2Fwp%2Fv2%2Ftags&post=92124"}],"curies":[{"name":"wp","href":"https:\/\/api.w.org\/{rel}","templated":true}]}}