{"id":92123,"date":"2008-12-08T19:23:44","date_gmt":"2008-12-08T19:23:44","guid":{"rendered":"http:\/\/diariodominicano.ddns.net\/?p=92123"},"modified":"2008-12-08T19:23:44","modified_gmt":"2008-12-08T19:23:44","slug":"respeto-al-che-como-figura-historica-y-hombre-consecuente-dijo-benicio-del-toro-en-conferencia-de-prensa-en-la-habana","status":"publish","type":"post","link":"https:\/\/diariodominicano.com\/?p=92123","title":{"rendered":"Respeto al Che como figura hist\u00f3rica y hombre consecuente Dijo Benicio del Toro en conferencia de prensa en La Habana"},"content":{"rendered":"<p><body><\/p>\n<p align=\"justify\"><span class=\"titulogrande1\"><strong>Respeto  al Che como figura hist\u00f3rica y hombre consecuente<\/strong> <strong>Dijo  Benicio del Toro en conferencia de prensa en La Habana <\/strong><\/span> <br \/>&#13;<br \/>\n    <br \/>&#13;<br \/>\n      <span class=\"text1noticias\">Michel  Hern\u00e1ndez<br \/>&#13;<br \/>\n      <br \/>&#13;<br \/>\n      <a href=\"mailto:michelher@granma.cip.cu\">michelher@granma.cip.cu<\/a><br \/>&#13;<br \/>\n      <br \/>&#13;<br \/>\n      <img loading=\"lazy\" decoding=\"async\" src=\"http:\/\/localhost:8080\/gente\/img\/cuba bande.jpg\" width=\"375\" height=\"232\" hspace=\"4\" align=\"left\" \/>El  actor puertorrique\u00f1o Benicio del Toro calific\u00f3 ayer \u00abcomo una gran  responsabilidad y un sue\u00f1o\u00bb haber estrenado la pel\u00edcula Che en Cuba y  se\u00f1al\u00f3 que despu\u00e9s de interpretar al legendario revolucionario cubano-argentino  lo \u00abrespeto m\u00e1s como figura hist\u00f3rica y hombre consecuente\u00bb.<br \/>&#13;<br \/>\n      <br \/>&#13;<br \/>\n      <strong><em>Benicio  al centro junto a Santoro (izquierda) y Santiago Cabrera. <\/em><\/strong> <br \/>&#13;<br \/>\n      <br \/>&#13;<br \/>\n\u00abDel  Che aprend\u00ed much\u00edsimo. Descubr\u00ed c\u00f3mo estaba al tanto de muchas injusticias por  sus conocimientos de la historia latinoamericana. Hay muchas cosas de \u00e9l con  las que estoy completamente a favor y entiendo\u00bb, dijo en conferencia de  prensa en el Hotel Nacional de Cuba, subsede del XXX Festival Internacional del  Nuevo Cine Latinoamericano. <br \/>&#13;<br \/>\n<br \/>&#13;<br \/>\nDel  Toro, acompa\u00f1ado de los populares actores Rodrigo Santoro (Brasil), quien  interpreta a Ra\u00fal Castro; Santiago Cabrera (Chile) que hace de Camilo  Cienfuegos, y de los cubanos Luis Alberto Garc\u00eda y Vladimir Cruz, tambi\u00e9n  participantes en el filme, observ\u00f3 que \u00abel sue\u00f1o era terminar la pel\u00edcula  y exhibirla al pueblo cubano, cuya respuesta ha sido muy emocionante. Es como  haber llegado a la meta\u00bb. <br \/>&#13;<br \/>\n<br \/>&#13;<br \/>\nTanto  del Toro, como otros de los artistas del elenco, mostraron esta cinta del  director estadounidense Steven Soderbergh el s\u00e1bado en el cine Yara, donde fue  aclamada por el p\u00fablico local. <br \/>&#13;<br \/>\n<br \/>&#13;<br \/>\nSoderbergh  no pudo viajar a La Habana por cuestiones de trabajo, seg\u00fan revel\u00f3 a este  redactor Santoro. <br \/>&#13;<br \/>\n<br \/>&#13;<br \/>\nA  una pregunta de Granma, Del Toro, de 41 a\u00f1os, ganador de un Oscar en el 2001 al  mejor actor de reparto por su actuaci\u00f3n en la cinta <strong>Traffic<\/strong>, expres\u00f3 que  lo que m\u00e1s admira en la figura del Che es su voluntad y enfatiz\u00f3 en que no  particip\u00f3 en el filme para obtener ning\u00fan lauro. <br \/>&#13;<br \/>\n<br \/>&#13;<br \/>\nDel  Toro, quien este a\u00f1o obtuvo el galard\u00f3n a la mejor interpretaci\u00f3n masculina en  el Festival de Cannes por su papel en Che, producida en dos partes, <strong>El  argentino<\/strong> y <strong>Guerrilla<\/strong>, manifest\u00f3 su deseo de que este filme ayude a  comprender m\u00e1s la dimensi\u00f3n del c\u00e9lebre revolucionario en el mundo y la  situaci\u00f3n de Am\u00e9rica Latina. <br \/>&#13;<br \/>\n<br \/>&#13;<br \/>\nTras  la presentaci\u00f3n, el actor Rodrigo Santoro, precis\u00f3 a <strong>Granma<\/strong> que  \u00abfue un gran honor y una responsabilidad muy grande interpretar el  personaje de Ra\u00fal Castro, dado que es una persona muy importante para la  Revoluci\u00f3n y el pueblo de Cuba\u00bb. <br \/>&#13;<br \/>\n<br \/>&#13;<br \/>\nEn  cuanto a los preparativos para encarnar el personaje detall\u00f3 que estuvo el a\u00f1o  pasado en Cuba durante dos meses, donde se reuni\u00f3 con historiadores, recorri\u00f3  museos, subi\u00f3 a la Sierra Maestra y ley\u00f3 el diario de Ra\u00fal en su etapa de  combatiente rebelde. A\u00f1adi\u00f3 que le gustar\u00eda conocerlo personalmente para saber  su opini\u00f3n sobre su trabajo en la cinta proyectada tambi\u00e9n ayer en el teatro  Karl Marx.<br \/>&#13;<br \/>\n<br \/>&#13;<br \/>\nPor  su parte, el productor \u00c1lvaro Longoria, de Morena Films, una de las entidades  encargadas de la financiaci\u00f3n de la pel\u00edcula, dijo que entreg\u00f3 20 copias al  Instituto Cubano de Arte e Industria Cinematogr\u00e1fico (ICAIC) para su exhibici\u00f3n  en toda la Isla.<\/span><\/p>\n<p>&#13;<\/p>\n<h6> 2008-12-08 19:23:44 <\/h6>\n<p><!--\n<link rel=\"stylesheet\" href=\"css\/bootstrap.min.css\">\n\n\n<ul class=\"pagination\">\n\t    \n\t\n\n<li >\n\t<a href='?page_no=20744'>Previous<\/a>\n\t<\/li>\n\n\n       \n    \n\n<li><a href='?page_no=1'>1<\/a><\/li>\n\n\n\n<li><a href='?page_no=2'>2<\/a><\/li>\n\n\n\n<li><a>...<\/a><\/li>\n\n\n\n<li><a href='?page_no=20743'>20743<\/a><\/li>\n\n\n\n<li><a href='?page_no=20744'>20744<\/a><\/li>\n\n\n\n<li class='active'><a>20745<\/a><\/li>\n\n\n\n<li><a href='?page_no=20746'>20746<\/a><\/li>\n\n\n\n<li><a href='?page_no=20747'>20747<\/a><\/li>\n\n\n\n<li><a>...<\/a><\/li>\n\n\n\n<li><a href='?page_no=22522'>22522<\/a><\/li>\n\n\n\n<li><a href='?page_no=22523'>22523<\/a><\/li>\n\n    \n\t\n\n<li >\n\t<a href='?page_no=20746'>Next<\/a>\n\t<\/li>\n\n\n    \n\n<li><a href='?page_no=22523'>Last &rsaquo;&rsaquo;<\/a><\/li>\n\n<\/ul>\n\n\n--><br \/>\n<\/body><\/p>\n","protected":false},"excerpt":{"rendered":"<p>Respeto al Che como figura hist\u00f3rica y hombre consecuente Dijo Benicio del Toro en conferencia de prensa en La Habana &#13; &#13; Michel Hern\u00e1ndez&#13; &#13; michelher@granma.cip.cu&#13; &#13; El actor puertorrique\u00f1o Benicio del Toro calific\u00f3 ayer \u00abcomo una gran responsabilidad y un sue\u00f1o\u00bb haber estrenado la pel\u00edcula Che en Cuba y se\u00f1al\u00f3 que despu\u00e9s de interpretar [&hellip;]<\/p>\n","protected":false},"author":3,"featured_media":0,"comment_status":"open","ping_status":"open","sticky":false,"template":"","format":"standard","meta":{"footnotes":""},"categories":[25],"tags":[],"class_list":["post-92123","post","type-post","status-publish","format-standard","hentry","category-gente"],"_links":{"self":[{"href":"https:\/\/diariodominicano.com\/index.php?rest_route=\/wp\/v2\/posts\/92123","targetHints":{"allow":["GET"]}}],"collection":[{"href":"https:\/\/diariodominicano.com\/index.php?rest_route=\/wp\/v2\/posts"}],"about":[{"href":"https:\/\/diariodominicano.com\/index.php?rest_route=\/wp\/v2\/types\/post"}],"author":[{"embeddable":true,"href":"https:\/\/diariodominicano.com\/index.php?rest_route=\/wp\/v2\/users\/3"}],"replies":[{"embeddable":true,"href":"https:\/\/diariodominicano.com\/index.php?rest_route=%2Fwp%2Fv2%2Fcomments&post=92123"}],"version-history":[{"count":0,"href":"https:\/\/diariodominicano.com\/index.php?rest_route=\/wp\/v2\/posts\/92123\/revisions"}],"wp:attachment":[{"href":"https:\/\/diariodominicano.com\/index.php?rest_route=%2Fwp%2Fv2%2Fmedia&parent=92123"}],"wp:term":[{"taxonomy":"category","embeddable":true,"href":"https:\/\/diariodominicano.com\/index.php?rest_route=%2Fwp%2Fv2%2Fcategories&post=92123"},{"taxonomy":"post_tag","embeddable":true,"href":"https:\/\/diariodominicano.com\/index.php?rest_route=%2Fwp%2Fv2%2Ftags&post=92123"}],"curies":[{"name":"wp","href":"https:\/\/api.w.org\/{rel}","templated":true}]}}