{"id":92120,"date":"2008-12-09T20:54:09","date_gmt":"2008-12-09T20:54:09","guid":{"rendered":"http:\/\/diariodominicano.ddns.net\/?p=92120"},"modified":"2008-12-09T20:54:09","modified_gmt":"2008-12-09T20:54:09","slug":"el-legendario-carlos-santana-estara-en-republica-dominicana","status":"publish","type":"post","link":"https:\/\/diariodominicano.com\/?p=92120","title":{"rendered":"El legendario Carlos Santana estar\u00e1 en Rep\u00fablica Dominicana!"},"content":{"rendered":"<p><body><\/p>\n<p class=\"titulogrande1\"><strong>El  legendario Carlos Santana estar\u00e1 en Rep\u00fablica Dominicana!<\/strong> <\/p>\n<p>&#13;<\/p>\n<p><strong>\u00a0<\/strong> <\/p>\n<p>&#13;<\/p>\n<p align=\"justify\" class=\"text1noticias\"><strong><img loading=\"lazy\" decoding=\"async\" src=\"http:\/\/localhost:8080\/gente\/img\/carlis.jpg\" width=\"375\" height=\"358\" hspace=\"4\" align=\"left\" \/>Santo Domingo<\/strong>.-\u00a0Carlos Santana en este 2009 dejar\u00e1 sus huellas por Latinoam\u00e9rica  con su gira\u00a0 y en su recorrido pasar\u00e1 pisando fuerte por territorio  dominicano llegando a Altos de Chav\u00f3n el pr\u00f3ximo 07 de marzo en un espect\u00e1culo  organizado por Evenpro. <\/p>\n<p>&#13;<\/p>\n<p align=\"justify\" class=\"text1noticias\">Gran talento universal, miembro del Rock and Roll Hall of Fame,  patrimonio art\u00edstico del mundo, con ventas que sobrepasan los 100 millones de  discos vendidos, ganador de diez de los premios GRAMMY, tres Latin GRAMMY,  nombrado en el 2004 \u201cpersona del a\u00f1o\u201d por la Latin Recording Academy. <\/p>\n<p>&#13;<\/p>\n<p align=\"justify\" class=\"text1noticias\">Con\u00a0 una carrera de m\u00e1s de cuatro d\u00e9cadas, uno de los mejores  guitarristas de todos los tiempos viene con su tour \u00b4\u00b4Viva tu luz-Lat\u00edn  American 2009\u00b4\u00b4 una gira que promete una descarga musical en la que prevalecer\u00e1  la trascendencia del ser humano, su solidaridad fuera de limitaciones de  fronteras \u00e9tnicas y culturales. <br \/>&#13;<br \/>\n  <br \/>&#13;<br \/>\n  Santana estuvo por primera vez a la Rep\u00fablica Dominicana en 1982  junto a Frank Sinatra precisamente en la inauguraci\u00f3n del escenario de las  piedras, Altos de Chav\u00f3n. <\/p>\n<p>&#13;<\/p>\n<p align=\"justify\" class=\"text1noticias\">La gira llevar\u00e1 al legendario rockero mejicano por San Juan,  Puerto Rico, Caracas, Venezuela; Bogota, Colombia; Quito, Ecuador, Guatemala y  cuatro ciudades de su natal M\u00e9xico. <\/p>\n<p>&#13;<\/p>\n<p align=\"justify\" class=\"text1noticias\"><strong>Acerca de Carlos Santana<\/strong> <br \/>&#13;<br \/>\n  Durante cuatro d\u00e9cadas\u00a0 Carlos Santana se ha reinventado y  cambiado el paisaje universal de la cultura musical. Se trata de un artista  visionario quien no hace caso a los l\u00edmites de estilos, cuya fluida m\u00fasica se  destac\u00f3 como m\u00fasica mundial o \u201cworld music\u201d mucho antes de que el t\u00e9rmino  apareciera en el radar de la cultura pop.<br \/>&#13;<br \/>\n  <br \/>&#13;<br \/>\n  Nacido en Autl\u00e1n de Navarro, M\u00e9xico, donde existe ahora una calle y plaza  p\u00fablica con su nombre, es el hijo del maestro Jos\u00e9 Santana, el fallecido violinista  de mariachi que dirigiera varios grupos en M\u00e9xico y en Estados Unidos. Carlos  sigui\u00f3 los pasos musicales de su padre, tomando clases de viol\u00edn a la edad de  cinco a\u00f1os. <\/p>\n<p>&#13;<\/p>\n<p align=\"justify\" class=\"text1noticias\">En 1961, Carlos dio el gran paso mud\u00e1ndose desde su nativo M\u00e9xico  a San Francisco. Unos cuantos a\u00f1os despu\u00e9s form\u00f3 el grupo Santana Blues Band y  con sus innovadores tonos, riffs llenos de alma y con el ritmo de su singular  sonido influenciado por la m\u00fasica latina y los blues, pudo alcanzar a un  p\u00fablico sediento por sus ideales musicales progresivos. <\/p>\n<p>&#13;<\/p>\n<p align=\"justify\" class=\"text1noticias\">Carlos Santana, a lo largo  de su vida musical, ha realizado m\u00e1s de 34 producciones como \u00abThe father,  son and the Holy Ghost\u00bb en 2008, \u00abAll that I am\u00bb en 2005,  \u00abCeremony &#8211; Remixes &amp; Rarities\u00bb en 2003, \u00abSantana\u00bb en  1998 y \u00abBlues for Salvador\u00bb en 1987, entre otros. <\/p>\n<p>&#13;<\/p>\n<p align=\"justify\" class=\"text1noticias\">Santana recibi\u00f3 un premio Grammy por el \u00e9xito \u00abThe Game of  Love\u00bb, de su \u00e1lbum Shaman del 2001. Santana tambi\u00e9n gan\u00f3 tres Latin Grammy  Awards, y en el 2004, recibi\u00f3 el prestigioso honor de ser nombrado \u00abPerson  of the Year\u00bb (Persona del A\u00f1o) del Latin Recording Academy. En <em>All That  I Am<\/em>, su m\u00e1s reciente \u00e1lbum editado en el 2005, el tercero para Arista,  Carlos sigue la tradici\u00f3n de realizar cautivantes grabaciones con una diversa  combinaci\u00f3n de innovadores artistas colegas.<br \/>&#13;<br \/>\n  <br \/>&#13;<br \/>\n  Santana se ha involucrado profundamente en la lucha contra la pandemia del SIDA  en Sud\u00e1frica, a trav\u00e9s de una asociaci\u00f3n con ANSA &#8211; Artists for New South  \u00c1frica. En el 2003 dedic\u00f3 todas las ganancias de su gira norteamericana para la  causa. Entre otras de las organizaciones que Santana apoya est\u00e1n Hispanic  Education y Media Group, Doctors Without Borders, Save the Children,  Childreach, Rainforest Action Network, Greenpeace, American Indian College  Fund, Amnesty International y el Museum of Tolerance con sede en Los \u00c1ngeles. <br \/>&#13;<br \/>\n  <br \/>&#13;<br \/>\n    <strong><u>Sobre EVENPRO<\/u><\/strong> <br \/>&#13;<br \/>\n  Constituye una franquicia  internacional con 24 a\u00f1os de experiencia, dedicada a la creaci\u00f3n, planificaci\u00f3n  y ejecuci\u00f3n de actividades como agencia de servicios integrales.\u00a0 Opera en  Argentina, Brasil, Colombia, Costa Rica, Ecuador, Miami, Panam\u00e1, Rep\u00fablica Dominicana  y Venezuela.\u00a0 Inici\u00f3 sus operaciones en Rep\u00fablica Dominicana en el 2001  con el objetivo de desarrollar estrategias que acerquen efectivamente las  marcas con sus consumidores.\u00a0 <strong><em>Evenpro es una empresa de mercadeo de  entretenimiento que pone la marca de sus clientes en vivo.<\/em><\/strong> <\/p>\n<p>&#13;<\/p>\n<h6> 2008-12-09 20:54:09 <\/h6>\n<p><!--\n<link rel=\"stylesheet\" href=\"css\/bootstrap.min.css\">\n\n\n<ul class=\"pagination\">\n\t    \n\t\n\n<li >\n\t<a href='?page_no=20741'>Previous<\/a>\n\t<\/li>\n\n\n       \n    \n\n<li><a href='?page_no=1'>1<\/a><\/li>\n\n\n\n<li><a href='?page_no=2'>2<\/a><\/li>\n\n\n\n<li><a>...<\/a><\/li>\n\n\n\n<li><a href='?page_no=20740'>20740<\/a><\/li>\n\n\n\n<li><a href='?page_no=20741'>20741<\/a><\/li>\n\n\n\n<li class='active'><a>20742<\/a><\/li>\n\n\n\n<li><a href='?page_no=20743'>20743<\/a><\/li>\n\n\n\n<li><a href='?page_no=20744'>20744<\/a><\/li>\n\n\n\n<li><a>...<\/a><\/li>\n\n\n\n<li><a href='?page_no=22522'>22522<\/a><\/li>\n\n\n\n<li><a href='?page_no=22523'>22523<\/a><\/li>\n\n    \n\t\n\n<li >\n\t<a href='?page_no=20743'>Next<\/a>\n\t<\/li>\n\n\n    \n\n<li><a href='?page_no=22523'>Last &rsaquo;&rsaquo;<\/a><\/li>\n\n<\/ul>\n\n\n--><br \/>\n<\/body><\/p>\n","protected":false},"excerpt":{"rendered":"<p>El legendario Carlos Santana estar\u00e1 en Rep\u00fablica Dominicana! &#13; \u00a0 &#13; Santo Domingo.-\u00a0Carlos Santana en este 2009 dejar\u00e1 sus huellas por Latinoam\u00e9rica con su gira\u00a0 y en su recorrido pasar\u00e1 pisando fuerte por territorio dominicano llegando a Altos de Chav\u00f3n el pr\u00f3ximo 07 de marzo en un espect\u00e1culo organizado por Evenpro. &#13; Gran talento universal, [&hellip;]<\/p>\n","protected":false},"author":3,"featured_media":0,"comment_status":"open","ping_status":"open","sticky":false,"template":"","format":"standard","meta":{"footnotes":""},"categories":[25],"tags":[],"class_list":["post-92120","post","type-post","status-publish","format-standard","hentry","category-gente"],"_links":{"self":[{"href":"https:\/\/diariodominicano.com\/index.php?rest_route=\/wp\/v2\/posts\/92120","targetHints":{"allow":["GET"]}}],"collection":[{"href":"https:\/\/diariodominicano.com\/index.php?rest_route=\/wp\/v2\/posts"}],"about":[{"href":"https:\/\/diariodominicano.com\/index.php?rest_route=\/wp\/v2\/types\/post"}],"author":[{"embeddable":true,"href":"https:\/\/diariodominicano.com\/index.php?rest_route=\/wp\/v2\/users\/3"}],"replies":[{"embeddable":true,"href":"https:\/\/diariodominicano.com\/index.php?rest_route=%2Fwp%2Fv2%2Fcomments&post=92120"}],"version-history":[{"count":0,"href":"https:\/\/diariodominicano.com\/index.php?rest_route=\/wp\/v2\/posts\/92120\/revisions"}],"wp:attachment":[{"href":"https:\/\/diariodominicano.com\/index.php?rest_route=%2Fwp%2Fv2%2Fmedia&parent=92120"}],"wp:term":[{"taxonomy":"category","embeddable":true,"href":"https:\/\/diariodominicano.com\/index.php?rest_route=%2Fwp%2Fv2%2Fcategories&post=92120"},{"taxonomy":"post_tag","embeddable":true,"href":"https:\/\/diariodominicano.com\/index.php?rest_route=%2Fwp%2Fv2%2Ftags&post=92120"}],"curies":[{"name":"wp","href":"https:\/\/api.w.org\/{rel}","templated":true}]}}