{"id":92119,"date":"2008-12-11T19:56:34","date_gmt":"2008-12-11T19:56:34","guid":{"rendered":"http:\/\/diariodominicano.ddns.net\/?p=92119"},"modified":"2008-12-11T19:56:34","modified_gmt":"2008-12-11T19:56:34","slug":"conforama-presenta-tendance-su-cuarto-piso-de-lujo","status":"publish","type":"post","link":"https:\/\/diariodominicano.com\/?p=92119","title":{"rendered":"Conforama presenta \u00abTendance\u00bb, su cuarto piso de lujo"},"content":{"rendered":"<p><body><\/p>\n<p class=\"titulogrande1\"><strong>Conforama  presenta \u00abTendance\u00bb, su cuarto piso de lujo<\/strong> <\/p>\n<p>&#13;<\/p>\n<p>\u00a0 <\/p>\n<p>&#13;<\/p>\n<p align=\"justify\" class=\"text1noticias\"><strong><img loading=\"lazy\" decoding=\"async\" src=\"http:\/\/localhost:8080\/gente\/img\/cofor.jpg\" width=\"375\" height=\"220\" hspace=\"4\" align=\"left\" \/>Santo Domingo,  Rep\u00fablica Dominicana.-<\/strong> Conforama present\u00f3 al mercado dominicano su cuarto  piso de lujo \u00abTendance\u00bb en un coctel que reuni\u00f3 a dise\u00f1adores,  arquitectos, relacionados y medios de comunicaci\u00f3n en sus instalaciones de la  avenida 27 de Febrero, en el ensanche Piantini. <\/p>\n<p>&#13;<\/p>\n<p align=\"justify\" class=\"text1noticias\">\u00abTendance\u00bb  es un nuevo concepto parisino que llega a Rep\u00fablica Dominicana trayendo las  tendencias de la muebler\u00eda francesa con dise\u00f1os de \u00faltima generaci\u00f3n que se  caracterizan por destacar los ambientes que conforman y armonizar los espacios. <\/p>\n<p>&#13;<\/p>\n<p align=\"justify\" class=\"text1noticias\">Colores acorde con  cada temporada permiten que los clientes resalten varios ambientes\u00a0hasta  lograr su propia personalidad, rejugando con las estaciones del a\u00f1o. <\/p>\n<p>&#13;<\/p>\n<p align=\"justify\" class=\"text1noticias\">Las palabras  centrales estuvieron a cargo del Sr. Guy Alain Germon, presidente de la  multinacional del mueble y la decoraci\u00f3n, quien defini\u00f3 el cuarto piso de  Conforama, como el nuevo hito en el dise\u00f1o de interiores. <\/p>\n<p>&#13;<\/p>\n<p align=\"justify\" class=\"text1noticias\">\u00abEstamos seguros  que \u00abTendance\u00bb, abrir\u00e1 un antes y un despu\u00e9s en el dise\u00f1o y creaci\u00f3n  de los ambientes\u00bb, expres\u00f3 el ejecutivo. <\/p>\n<p>&#13;<\/p>\n<p align=\"justify\" class=\"text1noticias\">En iguales t\u00e9rminos  se refiri\u00f3 el socio comercial de Conforama en Rep\u00fablica Dominicana, el se\u00f1or  V\u00edctor Aramboles, quie dijo estar satisfecho con la expansi\u00f3n del gigante del  mueble en el pa\u00eds. <\/p>\n<p>&#13;<\/p>\n<p align=\"justify\" class=\"text1noticias\">De su lado Bernard  Hugeux, Vicepresidente de Conforama para Rep\u00fablica Dominicana, agradeci\u00f3 el  apoyo recibido por el pueblo dominicano responsable de que la tienda ocupe el  lugar de liderazgo en el pa\u00eds, haciendo posible un nuevo espacio para complacer  los gustos m\u00e1s exigentes con muebles vanguardistas acorde con los \u00faltimos  dise\u00f1os parisinos. <\/p>\n<p>&#13;<\/p>\n<p align=\"justify\" class=\"text1noticias\">\u00abAgradecemos a  los dominicanos que nos hayan acogido como su tienda predilecta a la hora de  decorar su hogar y le garantizamos que trabajaremos d\u00eda y noche para que  Conforama sea siempre su primera opci\u00f3n a la hora de comprar\u00bb, indic\u00f3  Hugeux. <\/p>\n<p>&#13;<\/p>\n<p align=\"justify\" class=\"text1noticias\">Con  tiendas en Megacentro y en la av. 27 de Febrero, entre la Abraham Lincoln y  Winston Churchill, Conforama, ofrece todos los art\u00edculos necesarios para  equipar el hogar con cocinas, sof\u00e1s, salones, colchones, despachos, decoraci\u00f3n,  textil, alfombras, iluminaci\u00f3n, electrodom\u00e9sticos, imagen y sonido; todo de  \u00faltima generaci\u00f3n. <\/p>\n<p>&#13;<\/p>\n<p align=\"justify\" class=\"text1noticias\">Con  244 tiendas, Conforama ocupa el segundo lugar a nivel mundial en equipamiento  del hogar; con sede en Francia y presencia en Espa\u00f1a, Croacia, Italia,  Luxemburgo, Suiza, Portugal, Rep\u00fablica Dominicana y varias islas del Caribe.<br clear=\"all\" \/>&#13;\n<\/p>\n<p>&#13;<\/p>\n<h6> 2008-12-11 19:56:34 <\/h6>\n<p><!--\n<link rel=\"stylesheet\" href=\"css\/bootstrap.min.css\">\n\n\n<ul class=\"pagination\">\n\t    \n\t\n\n<li >\n\t<a href='?page_no=20740'>Previous<\/a>\n\t<\/li>\n\n\n       \n    \n\n<li><a href='?page_no=1'>1<\/a><\/li>\n\n\n\n<li><a href='?page_no=2'>2<\/a><\/li>\n\n\n\n<li><a>...<\/a><\/li>\n\n\n\n<li><a href='?page_no=20739'>20739<\/a><\/li>\n\n\n\n<li><a href='?page_no=20740'>20740<\/a><\/li>\n\n\n\n<li class='active'><a>20741<\/a><\/li>\n\n\n\n<li><a href='?page_no=20742'>20742<\/a><\/li>\n\n\n\n<li><a href='?page_no=20743'>20743<\/a><\/li>\n\n\n\n<li><a>...<\/a><\/li>\n\n\n\n<li><a href='?page_no=22522'>22522<\/a><\/li>\n\n\n\n<li><a href='?page_no=22523'>22523<\/a><\/li>\n\n    \n\t\n\n<li >\n\t<a href='?page_no=20742'>Next<\/a>\n\t<\/li>\n\n\n    \n\n<li><a href='?page_no=22523'>Last &rsaquo;&rsaquo;<\/a><\/li>\n\n<\/ul>\n\n\n--><br \/>\n<\/body><\/p>\n","protected":false},"excerpt":{"rendered":"<p>Conforama presenta \u00abTendance\u00bb, su cuarto piso de lujo &#13; \u00a0 &#13; Santo Domingo, Rep\u00fablica Dominicana.- Conforama present\u00f3 al mercado dominicano su cuarto piso de lujo \u00abTendance\u00bb en un coctel que reuni\u00f3 a dise\u00f1adores, arquitectos, relacionados y medios de comunicaci\u00f3n en sus instalaciones de la avenida 27 de Febrero, en el ensanche Piantini. &#13; \u00abTendance\u00bb es [&hellip;]<\/p>\n","protected":false},"author":3,"featured_media":0,"comment_status":"open","ping_status":"open","sticky":false,"template":"","format":"standard","meta":{"footnotes":""},"categories":[25],"tags":[],"class_list":["post-92119","post","type-post","status-publish","format-standard","hentry","category-gente"],"_links":{"self":[{"href":"https:\/\/diariodominicano.com\/index.php?rest_route=\/wp\/v2\/posts\/92119","targetHints":{"allow":["GET"]}}],"collection":[{"href":"https:\/\/diariodominicano.com\/index.php?rest_route=\/wp\/v2\/posts"}],"about":[{"href":"https:\/\/diariodominicano.com\/index.php?rest_route=\/wp\/v2\/types\/post"}],"author":[{"embeddable":true,"href":"https:\/\/diariodominicano.com\/index.php?rest_route=\/wp\/v2\/users\/3"}],"replies":[{"embeddable":true,"href":"https:\/\/diariodominicano.com\/index.php?rest_route=%2Fwp%2Fv2%2Fcomments&post=92119"}],"version-history":[{"count":0,"href":"https:\/\/diariodominicano.com\/index.php?rest_route=\/wp\/v2\/posts\/92119\/revisions"}],"wp:attachment":[{"href":"https:\/\/diariodominicano.com\/index.php?rest_route=%2Fwp%2Fv2%2Fmedia&parent=92119"}],"wp:term":[{"taxonomy":"category","embeddable":true,"href":"https:\/\/diariodominicano.com\/index.php?rest_route=%2Fwp%2Fv2%2Fcategories&post=92119"},{"taxonomy":"post_tag","embeddable":true,"href":"https:\/\/diariodominicano.com\/index.php?rest_route=%2Fwp%2Fv2%2Ftags&post=92119"}],"curies":[{"name":"wp","href":"https:\/\/api.w.org\/{rel}","templated":true}]}}