{"id":92118,"date":"2008-12-11T23:04:28","date_gmt":"2008-12-11T23:04:28","guid":{"rendered":"http:\/\/diariodominicano.ddns.net\/?p=92118"},"modified":"2008-12-11T23:04:28","modified_gmt":"2008-12-11T23:04:28","slug":"continua-junior-de-la-jungla","status":"publish","type":"post","link":"https:\/\/diariodominicano.com\/?p=92118","title":{"rendered":"Continua \u00abJunior de la Jungla\u00bb"},"content":{"rendered":"<p><body><\/p>\n<p align=\"justify\"><strong class=\"titulogrande1\">Continua \u00abJunior de la Jungla\u00bb<\/strong> <br \/>&#13;<br \/>\n  <br \/>&#13;<br \/>\n    <strong>El programa infantil de acci\u00f3n y aventura se  transmite todos los domingos a las once de la ma\u00f1ana por Antena Latina.<\/strong> <br \/>&#13;<br \/>\n    <br \/>&#13;<br \/>\n    <span class=\"text1noticias\">Santo Domingo.-\u00abJunior  de la Jungla\u00bb  est\u00e1 en marcha. El primer \u00abreality\u00bb infantil de producci\u00f3n nacional  comenz\u00f3 su andadura el pasado domingo 7 de diciembre y presenta este fin de  semana su segundo episodio. <br \/>&#13;<br \/>\n    <br \/>&#13;<br \/>\n\u00a0Ciento cincuenta y  tres ni\u00f1os son los protagonistas de este innovador espacio que se film\u00f3 en las  instalaciones de parque Mirador Norte hace unas semanas, donde los peque\u00f1os  aventureros se enfrentaron a desafiantes y divertidas pruebas \u2013corren, reman,  montan bicicleta y vencen numerosos obst\u00e1culos\u2013, en un duro y tedioso  recorrido. <br \/>&#13;<br \/>\n<br \/>&#13;<br \/>\n\u00a0Luego de un excitante  primer cap\u00edtulo, este pr\u00f3ximo domingo, a las once de la ma\u00f1ana por Antela  Latina, el programa mostrar\u00e1 los participantes en la categor\u00eda de 12 a 14 a\u00f1os, quienes tuvieron  que agotar un recorrido de nueve kil\u00f3metros y seis pruebas especiales que  incluyeron, entre otras, escalar una resbaladiza pared, salir de una desafiante  caja m\u00e1gica o cargar a cuestas con un obst\u00e1culo de m\u00e1s de 200 libras de peso.&#13;<br \/>\n<!--  D([\"mb\",\"u003c\/spanu003eu003c\/pu003ennu003cp styleu003d\"margin-bottom:0.0001pt\"u003eu003cspan styleu003d\"font-family:Arial\" langu003d\"ES-TRAD\"u003eu0026quot;Todos los ni&ntilde;os terminaron la carrerau0026quot;,nasegura Luis Franco, productor del programa. u0026quot;Todos llegaron a la meta, dondenrecibieron una medalla que lo testifica y sus premiosu0026quot;, agrega el tambi&eacute;nnpresidente de Sweat Mercadeo Deportivo.u003c\/spanu003eu003c\/pu003ennu003cp styleu003d\"margin-bottom:0.0001pt\"u003eu003cspan styleu003d\"font-family:Arial\" langu003d\"ES-TRAD\"u003e&nbsp;u003c\/spanu003eu003c\/pu003ennu003cpu003eu003cspan styleu003d\"font-family:Arial\" langu003d\"ES-TRAD\"u003eu0026quot;Junior de lanJunglau0026quot; es conducido por Karla Fatule y Ricardo Polando, dos j&oacute;venes talentosnde la Rep&uacute;blica Dominicana. u0026quot;Ambos est&aacute;n haciendo su debut en televisi&oacute;n con unnproyecto totalmente diferente, donde, la verdad, en encajan muy bien y en elnque muestran con soltura y buena qu&iacute;mica que son grandes promesas delnespect&aacute;culo nacionalu0026quot;, dice Franco.u003c\/spanu003eu003c\/pu003ennu003cpu003eu003cspan styleu003d\"font-family:Arial\" langu003d\"ES-TRAD\"u003eu0026quot;Junior de lanJunglau0026quot; se transmite todos los domingos (hasta el 21 de diciembre), a las oncende la ma&ntilde;ana por Antena Latina, canal 7. Los episodios est&aacute;n tambi&eacute;n disponiblesnen la p&aacute;gina: u003ca hrefu003d\"http:\/\/www.juniordelajungla.com\/\" targetu003d\"_blank\" onclicku003d\"return top.js.OpenExtLink(window,event,this)\"u003ewww.juniordelajungla.comu003c\/au003e.u003c\/spanu003eu003c\/pu003ennu003cpu003eu003cspan styleu003d\"font-family:Arial\" langu003d\"ES-TRAD\"u003eu003cspanu003e&nbsp;u003c\/spanu003eu003c\/spanu003eu003c\/pu003ennu003cbru003en\",0]  );    \/\/-->&#13;<br \/>\n  <br \/>&#13;<br \/>\n  <br \/>&#13;<br \/>\n\u00abTodos los ni\u00f1os  terminaron la carrera\u00bb, asegura Luis Franco, productor del programa.  \u00abTodos llegaron a la meta, donde recibieron una medalla que lo testifica y  sus premios\u00bb, agrega el tambi\u00e9n presidente de Sweat Mercadeo Deportivo. <\/span><\/p>\n<p>&#13;<\/p>\n<p align=\"justify\" class=\"text1noticias\">\u00abJunior  de la Jungla\u00bb  es conducido por Karla Fatule y Ricardo Polando, dos j\u00f3venes talentos de la Rep\u00fablica Dominicana.  \u00abAmbos est\u00e1n haciendo su debut en televisi\u00f3n con un proyecto totalmente  diferente, donde, la verdad, en encajan muy bien y en el que muestran con  soltura y buena qu\u00edmica que son grandes promesas del espect\u00e1culo  nacional\u00bb, dice Franco. <br \/>&#13;<br \/>\n  <br \/>&#13;<br \/>\n\u00abJunior  de la Jungla\u00bb  se transmite todos los domingos (hasta el 21 de diciembre), a las once de la  ma\u00f1ana por Antena Latina, canal 7. Los episodios est\u00e1n tambi\u00e9n disponibles en  la p\u00e1gina: <a href=\"http:\/\/www.juniordelajungla.com\/\" target=\"_blank\" rel=\"noopener noreferrer\">www.juniordelajungla.com<\/a>. <\/p>\n<p>&#13;<\/p>\n<h6> 2008-12-11 23:04:28 <\/h6>\n<p><!--\n<link rel=\"stylesheet\" href=\"css\/bootstrap.min.css\">\n\n\n<ul class=\"pagination\">\n\t    \n\t\n\n<li >\n\t<a href='?page_no=20739'>Previous<\/a>\n\t<\/li>\n\n\n       \n    \n\n<li><a href='?page_no=1'>1<\/a><\/li>\n\n\n\n<li><a href='?page_no=2'>2<\/a><\/li>\n\n\n\n<li><a>...<\/a><\/li>\n\n\n\n<li><a href='?page_no=20738'>20738<\/a><\/li>\n\n\n\n<li><a href='?page_no=20739'>20739<\/a><\/li>\n\n\n\n<li class='active'><a>20740<\/a><\/li>\n\n\n\n<li><a href='?page_no=20741'>20741<\/a><\/li>\n\n\n\n<li><a href='?page_no=20742'>20742<\/a><\/li>\n\n\n\n<li><a>...<\/a><\/li>\n\n\n\n<li><a href='?page_no=22522'>22522<\/a><\/li>\n\n\n\n<li><a href='?page_no=22523'>22523<\/a><\/li>\n\n    \n\t\n\n<li >\n\t<a href='?page_no=20741'>Next<\/a>\n\t<\/li>\n\n\n    \n\n<li><a href='?page_no=22523'>Last &rsaquo;&rsaquo;<\/a><\/li>\n\n<\/ul>\n\n\n--><br \/>\n<\/body><\/p>\n","protected":false},"excerpt":{"rendered":"<p>Continua \u00abJunior de la Jungla\u00bb &#13; &#13; El programa infantil de acci\u00f3n y aventura se transmite todos los domingos a las once de la ma\u00f1ana por Antena Latina. &#13; &#13; Santo Domingo.-\u00abJunior de la Jungla\u00bb est\u00e1 en marcha. El primer \u00abreality\u00bb infantil de producci\u00f3n nacional comenz\u00f3 su andadura el pasado domingo 7 de diciembre y [&hellip;]<\/p>\n","protected":false},"author":3,"featured_media":0,"comment_status":"open","ping_status":"open","sticky":false,"template":"","format":"standard","meta":{"footnotes":""},"categories":[25],"tags":[],"class_list":["post-92118","post","type-post","status-publish","format-standard","hentry","category-gente"],"_links":{"self":[{"href":"https:\/\/diariodominicano.com\/index.php?rest_route=\/wp\/v2\/posts\/92118","targetHints":{"allow":["GET"]}}],"collection":[{"href":"https:\/\/diariodominicano.com\/index.php?rest_route=\/wp\/v2\/posts"}],"about":[{"href":"https:\/\/diariodominicano.com\/index.php?rest_route=\/wp\/v2\/types\/post"}],"author":[{"embeddable":true,"href":"https:\/\/diariodominicano.com\/index.php?rest_route=\/wp\/v2\/users\/3"}],"replies":[{"embeddable":true,"href":"https:\/\/diariodominicano.com\/index.php?rest_route=%2Fwp%2Fv2%2Fcomments&post=92118"}],"version-history":[{"count":0,"href":"https:\/\/diariodominicano.com\/index.php?rest_route=\/wp\/v2\/posts\/92118\/revisions"}],"wp:attachment":[{"href":"https:\/\/diariodominicano.com\/index.php?rest_route=%2Fwp%2Fv2%2Fmedia&parent=92118"}],"wp:term":[{"taxonomy":"category","embeddable":true,"href":"https:\/\/diariodominicano.com\/index.php?rest_route=%2Fwp%2Fv2%2Fcategories&post=92118"},{"taxonomy":"post_tag","embeddable":true,"href":"https:\/\/diariodominicano.com\/index.php?rest_route=%2Fwp%2Fv2%2Ftags&post=92118"}],"curies":[{"name":"wp","href":"https:\/\/api.w.org\/{rel}","templated":true}]}}