{"id":92117,"date":"2008-12-11T23:07:30","date_gmt":"2008-12-11T23:07:30","guid":{"rendered":"http:\/\/diariodominicano.ddns.net\/?p=92117"},"modified":"2008-12-11T23:07:30","modified_gmt":"2008-12-11T23:07:30","slug":"inician-seminario-sobre-museos-y-trafico-ilicito-de-bienes-culturales","status":"publish","type":"post","link":"https:\/\/diariodominicano.com\/?p=92117","title":{"rendered":"Inician seminario sobre  museos y tr\u00e1fico il\u00edcito de bienes culturales"},"content":{"rendered":"<p><body><\/p>\n<p class=\"titulogrande1\"><strong>Inician seminario sobre\u00a0  museos y tr\u00e1fico il\u00edcito de bienes culturales<\/strong> <\/p>\n<p>&#13;<\/p>\n<p>\u00a0 <\/p>\n<p>&#13;<\/p>\n<p align=\"justify\" class=\"text1noticias\">Santo Domingo.-Con la participaci\u00f3n de especialistas  en asuntos de Museos de Cuba, Hait\u00ed y Rep\u00fablica Dominicana se inici\u00f3 este  jueves el seminario \u00abLos Museos y la prevenci\u00f3n del tr\u00e1fico il\u00edcito de  bienes culturales en el Caribe latino\u00bb, en el que se tratar\u00e1n alternativas  que permitan mejorar los controles en los aeropuertos, puertos y puntos  fronterizos para impedir la salida de bienes culturales que no cuenten con la  debida autorizaci\u00f3n. <\/p>\n<p>&#13;<\/p>\n<p align=\"justify\" class=\"text1noticias\">El seminario, que se imparte en el Centro de Formaci\u00f3n  Regional, Profesor Juan Bosch, es auspiciado por la Direcci\u00f3n General  de Aduanas, la UNESCO  y el Consejo Internacional de Museos (ICOM) y en el mismo el se\u00f1or V\u00edctor Mar\u00edn  Crespo, oficial del Programa Nacional de Cultura de la UNESCO, de La Habana, Cuba, expres\u00f3 que  la defensa del patrimonio cultural es una tarea que debe comprometer el empe\u00f1o  de todos los Estados. <\/p>\n<p>&#13;<\/p>\n<p align=\"justify\" class=\"text1noticias\">Explic\u00f3 que con\u00a0 el seminario la UNESCO procura aportar  criterios para orientar la acci\u00f3n de los pa\u00edses del Caribe latino a fin de  proteger el patrimonio cultural, acorde con las decisiones adoptadas en la Convenci\u00f3n de 1970, que  impidan la importaci\u00f3n, exportaci\u00f3n y transferencia de propiedad il\u00edcita de  bienes culturales. En el seminario participan cinco especialistas en la materia  haitianos y cuatro cubanos. <\/p>\n<p>&#13;<\/p>\n<p align=\"justify\" class=\"text1noticias\">Se\u00f1al\u00f3 que el comercio ilegal de bienes culturales  \u00abviene adquiriendo niveles de epidemia cultural y aunque quiz\u00e1s menos  difundido afecta quiz\u00e1s tanto como la droga o el SIDA, matando en este caso a  nuestras culturas y a nuestra identidad, empobreciendo la diversidad cultural y  la gobernabilidad de los pa\u00edses\u00bb. <\/p>\n<p>&#13;<\/p>\n<p align=\"justify\" class=\"text1noticias\">A\u00f1adi\u00f3 que si bien es cierto no se dispone de cifras  que permitan cuantificar la gravedad del problema del tr\u00e1fico ilegal de bienes  culturales, en los pa\u00edses de la regi\u00f3n de Am\u00e9rica Latina y el Caribe, s\u00ed se  puede afirmar que la \u00abplaga que \u00e9ste significa afecta aspectos que  sobrepasan la mera calificaci\u00f3n cuantitativa, pues se trata de bienes con alto  valor hist\u00f3rico, est\u00e9tico, cient\u00edfico y social\u00bb. <\/p>\n<p>&#13;<\/p>\n<p align=\"justify\" class=\"text1noticias\">Precis\u00f3 que el comercio il\u00edcito de bienes culturales  crea ignorancia y olvido y produce la p\u00e9rdida irreparable de informaci\u00f3n  cient\u00edfica fundamental parra completar el conocimiento de anteriores\u00a0  civilizaciones, al tiempo que quiebra de manera radical la cadena indispensable  de conocimiento. <\/p>\n<p>&#13;<\/p>\n<p align=\"justify\" class=\"text1noticias\">Dijo que para la protecci\u00f3n de bienes culturales\u00a0  los Estados deben asumir su responsabilidad y, para ello, deben contar con  legislaciones coherentes, y establecer pol\u00edticas culturales que tengan en  cuenta la protecci\u00f3n de los bienes y los sitios m\u00e1s vulnerables, realizando  inventarios y formando recursos humanos calificados. <\/p>\n<p>&#13;<\/p>\n<p align=\"justify\" class=\"text1noticias\">Indic\u00f3 que como los bienes culturales no son  renovables es necesario afianzar su defensa, para lo cual hay que involucrar al  pueblo, porque constituyen las ra\u00edces de su propia dignidad y los fundamentos  de su identidad cultural. <\/p>\n<p>&#13;<\/p>\n<p align=\"justify\" class=\"text1noticias\">El funcionario de la UNESCO abog\u00f3 por un mejor uso y defensa de los  museos, a los que defini\u00f3 como \u00abdepositarios y gestores del patrimonio que  pueden y deben fortalecer la contribuci\u00f3n de la cultura y al desarrollo  sostenible\u00bb. <\/p>\n<p>&#13;<\/p>\n<p align=\"justify\" class=\"text1noticias\">En representaci\u00f3n del director general de Aduanas,  licenciado Miguel Cocco, habl\u00f3 el subdirector t\u00e9cnico, doctor Eduardo  Rodr\u00edguez, quien manifest\u00f3 que el seminario es de gran importancia ya que en  las aduanas, como agente de control del comercio exterior,\u00a0 existen muchas  debilidades en cuanto al conocimiento del tr\u00e1fico de los bienes culturales. <\/p>\n<p>&#13;<\/p>\n<p align=\"justify\" class=\"text1noticias\">Sostuvo que todo lo que se trafica pasa por las  aduanas, por lo que es necesario contar con personal preparado para aplicar las  legislaciones sobre la materia, as\u00ed como dar cumplimiento a los convenios  internacionales sobre la materia. <\/p>\n<p>&#13;<\/p>\n<p align=\"justify\" class=\"text1noticias\">\u00abRealmente, existe un vac\u00edo en el conocimiento de  los oficiales de aduanas que operan en puertos, aeropuertos y pasos  fronterizos, con respecto a lo que establecen las legislaciones sobre la  materia, por lo que este seminario viene a cumplir un rol de primer orden, para  el manejo adecuado del tr\u00e1fico de bienes culturales\u00bb, dijo Rodr\u00edguez. <\/p>\n<p>&#13;<\/p>\n<p align=\"justify\" class=\"text1noticias\">El acto de apertura cont\u00f3 con la presencia de la  subsecretaria de Estado de Patrimonio de la Secretar\u00eda de\u00a0  Cultura, licenciada Lourdes Camilo de Cuello; Luisa de Pe\u00f1a D\u00edaz, presidenta  del Comit\u00e9 Nacional Dominicano de Museos; y la se\u00f1ora Lidia Le\u00f3n, directora de la Fundaci\u00f3n Eduardo  Le\u00f3n Jimenes. <\/p>\n<p>&#13;<\/p>\n<h6> 2008-12-11 23:07:30 <\/h6>\n<p><!--\n<link rel=\"stylesheet\" href=\"css\/bootstrap.min.css\">\n\n\n<ul class=\"pagination\">\n\t    \n\t\n\n<li >\n\t<a href='?page_no=20738'>Previous<\/a>\n\t<\/li>\n\n\n       \n    \n\n<li><a href='?page_no=1'>1<\/a><\/li>\n\n\n\n<li><a href='?page_no=2'>2<\/a><\/li>\n\n\n\n<li><a>...<\/a><\/li>\n\n\n\n<li><a href='?page_no=20737'>20737<\/a><\/li>\n\n\n\n<li><a href='?page_no=20738'>20738<\/a><\/li>\n\n\n\n<li class='active'><a>20739<\/a><\/li>\n\n\n\n<li><a href='?page_no=20740'>20740<\/a><\/li>\n\n\n\n<li><a href='?page_no=20741'>20741<\/a><\/li>\n\n\n\n<li><a>...<\/a><\/li>\n\n\n\n<li><a href='?page_no=22522'>22522<\/a><\/li>\n\n\n\n<li><a href='?page_no=22523'>22523<\/a><\/li>\n\n    \n\t\n\n<li >\n\t<a href='?page_no=20740'>Next<\/a>\n\t<\/li>\n\n\n    \n\n<li><a href='?page_no=22523'>Last &rsaquo;&rsaquo;<\/a><\/li>\n\n<\/ul>\n\n\n--><br \/>\n<\/body><\/p>\n","protected":false},"excerpt":{"rendered":"<p>Inician seminario sobre\u00a0 museos y tr\u00e1fico il\u00edcito de bienes culturales &#13; \u00a0 &#13; Santo Domingo.-Con la participaci\u00f3n de especialistas en asuntos de Museos de Cuba, Hait\u00ed y Rep\u00fablica Dominicana se inici\u00f3 este jueves el seminario \u00abLos Museos y la prevenci\u00f3n del tr\u00e1fico il\u00edcito de bienes culturales en el Caribe latino\u00bb, en el que se tratar\u00e1n [&hellip;]<\/p>\n","protected":false},"author":3,"featured_media":0,"comment_status":"open","ping_status":"open","sticky":false,"template":"","format":"standard","meta":{"footnotes":""},"categories":[25],"tags":[],"class_list":["post-92117","post","type-post","status-publish","format-standard","hentry","category-gente"],"_links":{"self":[{"href":"https:\/\/diariodominicano.com\/index.php?rest_route=\/wp\/v2\/posts\/92117","targetHints":{"allow":["GET"]}}],"collection":[{"href":"https:\/\/diariodominicano.com\/index.php?rest_route=\/wp\/v2\/posts"}],"about":[{"href":"https:\/\/diariodominicano.com\/index.php?rest_route=\/wp\/v2\/types\/post"}],"author":[{"embeddable":true,"href":"https:\/\/diariodominicano.com\/index.php?rest_route=\/wp\/v2\/users\/3"}],"replies":[{"embeddable":true,"href":"https:\/\/diariodominicano.com\/index.php?rest_route=%2Fwp%2Fv2%2Fcomments&post=92117"}],"version-history":[{"count":0,"href":"https:\/\/diariodominicano.com\/index.php?rest_route=\/wp\/v2\/posts\/92117\/revisions"}],"wp:attachment":[{"href":"https:\/\/diariodominicano.com\/index.php?rest_route=%2Fwp%2Fv2%2Fmedia&parent=92117"}],"wp:term":[{"taxonomy":"category","embeddable":true,"href":"https:\/\/diariodominicano.com\/index.php?rest_route=%2Fwp%2Fv2%2Fcategories&post=92117"},{"taxonomy":"post_tag","embeddable":true,"href":"https:\/\/diariodominicano.com\/index.php?rest_route=%2Fwp%2Fv2%2Ftags&post=92117"}],"curies":[{"name":"wp","href":"https:\/\/api.w.org\/{rel}","templated":true}]}}