{"id":92115,"date":"2008-12-12T19:20:22","date_gmt":"2008-12-12T19:20:22","guid":{"rendered":"http:\/\/diariodominicano.ddns.net\/?p=92115"},"modified":"2008-12-12T19:20:22","modified_gmt":"2008-12-12T19:20:22","slug":"inauguran-pietra-una-moderna-tienda-de-bisuteria-fina-y-articulos-de-piel","status":"publish","type":"post","link":"https:\/\/diariodominicano.com\/?p=92115","title":{"rendered":"Inauguran \u00abPietra\u00bb, una moderna tienda de bisuter\u00eda fina y art\u00edculos de piel"},"content":{"rendered":"<p><body><\/p>\n<p class=\"titulogrande1\"><strong>Inauguran \u00abPietra\u00bb, una moderna  tienda de bisuter\u00eda fina y art\u00edculos de piel<\/strong>\u00a0<\/p>\n<p>&#13;<\/p>\n<p align=\"justify\" class=\"text1noticias\"><img loading=\"lazy\" decoding=\"async\" src=\"http:\/\/localhost:8080\/gente\/img\/inaud.jpg\" width=\"375\" height=\"308\" hspace=\"4\" align=\"left\" \/>SANTODOMINGO.-  Con una variada exhibici\u00f3n de bisuter\u00eda de dise\u00f1adores internacionales de  reconocida trayectoria y una extensa gama de art\u00edculos de piel para la mujer contempor\u00e1nea,  fue inaugurada recientemente la tienda \u00abPietra\u00bb, en Santo Domingo. <\/p>\n<p>&#13;<\/p>\n<p align=\"justify\" class=\"text1noticias\">El  establecimiento posee un amplio cat\u00e1logo de pulseras, aretes y collares  elaborados en piedras semipreciosas y naturales, como cuarzo, coral, ojo de  tigre, perlas de r\u00edo, jade, \u00f3nix, jaspe y madera. <\/p>\n<p>&#13;<\/p>\n<p align=\"justify\" class=\"text1noticias\">\u00abPietra\u00bb  est\u00e1\u00a0 ubicada en el segundo piso de la Plaza Catalu\u00f1a, local No. 6B, en la  avenida Gustavo Mej\u00eda Ricart esquina Freddy Prestol Castillo, del ensanche  Piantini. <\/p>\n<p>&#13;<\/p>\n<p align=\"justify\" class=\"text1noticias\">\u00abNos  empe\u00f1amos en ofrecer a la mujer moderna piezas de bisuter\u00eda originales y  \u00fanicas, exclusivas, finas, duraderas y bien dise\u00f1adas\u00bb, explic\u00f3 Mar\u00eda  Isabel Gonz\u00e1lez de Ubiera, su propietaria. <\/p>\n<p>&#13;<\/p>\n<p align=\"justify\" class=\"text1noticias\">Agreg\u00f3 que  otra de sus especialidades son los art\u00edculos de piel indispensables para la  estudiante y la ejecutiva modernas, entre ellos llaveros, monederos, carteras,  agendas personales, carpetas y porta tarjetas. <\/p>\n<p>&#13;<\/p>\n<p align=\"justify\" class=\"text1noticias\">Aprovechando  la tendencia de uso de accesorios hechos a mano, \u00abPietra\u00bb present\u00f3 al  p\u00fablico dominicano su selecci\u00f3n elaborada con materiales combinados, \u00ablos  cuales armonizan y son sumamente elegantes\u00bb. <\/p>\n<p>&#13;<\/p>\n<p align=\"justify\" class=\"text1noticias\">La nueva  tienda est\u00e1 abierta al p\u00fablico en horario corrido, de nueve de la ma\u00f1ana a  siete de la noche, de lunes a s\u00e1bado. <\/p>\n<p>&#13;<\/p>\n<p align=\"justify\" class=\"text1noticias\">\u00a0\u00abDisponemos de una gran variedad  de accesorios pueden ser adaptados a cualquier estilo o personalidad, con  exquisitos dise\u00f1os\u00a0 cuidadosamente seleccionados para atender las  necesidades de nuestra clientela\u00bb, destac\u00f3 Gonz\u00e1lez de Ubiera. <\/p>\n<p>&#13;<\/p>\n<p align=\"justify\" class=\"text1noticias\">Al c\u00f3ctel de  inauguraci\u00f3n asistieron Rafael Mej\u00eda, Edgar Oller, Juan Manuel Ubiera,  Alejandro Gonz\u00e1lez, Claudia Thomas, Rachel Alburquerque, Paola Ram\u00edrez,  Antonina Paniagua, Elupina de Le\u00f3n, Virelsa Cruz, Tirsa Mar\u00edn y Luanda Moronta,  entre otros invitados.\u00a0<\/p>\n<p>&#13;<\/p>\n<h6> 2008-12-12 19:20:22 <\/h6>\n<p><!--\n<link rel=\"stylesheet\" href=\"css\/bootstrap.min.css\">\n\n\n<ul class=\"pagination\">\n\t    \n\t\n\n<li >\n\t<a href='?page_no=20736'>Previous<\/a>\n\t<\/li>\n\n\n       \n    \n\n<li><a href='?page_no=1'>1<\/a><\/li>\n\n\n\n<li><a href='?page_no=2'>2<\/a><\/li>\n\n\n\n<li><a>...<\/a><\/li>\n\n\n\n<li><a href='?page_no=20735'>20735<\/a><\/li>\n\n\n\n<li><a href='?page_no=20736'>20736<\/a><\/li>\n\n\n\n<li class='active'><a>20737<\/a><\/li>\n\n\n\n<li><a href='?page_no=20738'>20738<\/a><\/li>\n\n\n\n<li><a href='?page_no=20739'>20739<\/a><\/li>\n\n\n\n<li><a>...<\/a><\/li>\n\n\n\n<li><a href='?page_no=22522'>22522<\/a><\/li>\n\n\n\n<li><a href='?page_no=22523'>22523<\/a><\/li>\n\n    \n\t\n\n<li >\n\t<a href='?page_no=20738'>Next<\/a>\n\t<\/li>\n\n\n    \n\n<li><a href='?page_no=22523'>Last &rsaquo;&rsaquo;<\/a><\/li>\n\n<\/ul>\n\n\n--><br \/>\n<\/body><\/p>\n","protected":false},"excerpt":{"rendered":"<p>Inauguran \u00abPietra\u00bb, una moderna tienda de bisuter\u00eda fina y art\u00edculos de piel\u00a0 &#13; SANTODOMINGO.- Con una variada exhibici\u00f3n de bisuter\u00eda de dise\u00f1adores internacionales de reconocida trayectoria y una extensa gama de art\u00edculos de piel para la mujer contempor\u00e1nea, fue inaugurada recientemente la tienda \u00abPietra\u00bb, en Santo Domingo. &#13; El establecimiento posee un amplio cat\u00e1logo de [&hellip;]<\/p>\n","protected":false},"author":3,"featured_media":0,"comment_status":"open","ping_status":"open","sticky":false,"template":"","format":"standard","meta":{"footnotes":""},"categories":[25],"tags":[],"class_list":["post-92115","post","type-post","status-publish","format-standard","hentry","category-gente"],"_links":{"self":[{"href":"https:\/\/diariodominicano.com\/index.php?rest_route=\/wp\/v2\/posts\/92115","targetHints":{"allow":["GET"]}}],"collection":[{"href":"https:\/\/diariodominicano.com\/index.php?rest_route=\/wp\/v2\/posts"}],"about":[{"href":"https:\/\/diariodominicano.com\/index.php?rest_route=\/wp\/v2\/types\/post"}],"author":[{"embeddable":true,"href":"https:\/\/diariodominicano.com\/index.php?rest_route=\/wp\/v2\/users\/3"}],"replies":[{"embeddable":true,"href":"https:\/\/diariodominicano.com\/index.php?rest_route=%2Fwp%2Fv2%2Fcomments&post=92115"}],"version-history":[{"count":0,"href":"https:\/\/diariodominicano.com\/index.php?rest_route=\/wp\/v2\/posts\/92115\/revisions"}],"wp:attachment":[{"href":"https:\/\/diariodominicano.com\/index.php?rest_route=%2Fwp%2Fv2%2Fmedia&parent=92115"}],"wp:term":[{"taxonomy":"category","embeddable":true,"href":"https:\/\/diariodominicano.com\/index.php?rest_route=%2Fwp%2Fv2%2Fcategories&post=92115"},{"taxonomy":"post_tag","embeddable":true,"href":"https:\/\/diariodominicano.com\/index.php?rest_route=%2Fwp%2Fv2%2Ftags&post=92115"}],"curies":[{"name":"wp","href":"https:\/\/api.w.org\/{rel}","templated":true}]}}