{"id":92112,"date":"2008-12-15T17:40:42","date_gmt":"2008-12-15T17:40:42","guid":{"rendered":"http:\/\/diariodominicano.ddns.net\/?p=92112"},"modified":"2008-12-15T17:40:42","modified_gmt":"2008-12-15T17:40:42","slug":"exhiben-sanky-panky-en-austria","status":"publish","type":"post","link":"https:\/\/diariodominicano.com\/?p=92112","title":{"rendered":"EXHIBEN SANKY PANKY EN AUSTRIA"},"content":{"rendered":"<p><body><\/p>\n<p class=\"titulogrande1\">EXHIBEN SANKY PANKY EN AUSTRIA<\/p>\n<p>&#13;<\/p>\n<p align=\"justify\"><br clear=\"all\" \/>&#13;<br \/>\n  <span class=\"text1noticias\"><img loading=\"lazy\" decoding=\"async\" src=\"http:\/\/localhost:8080\/gente\/img\/sankys.jpg\" width=\"375\" height=\"250\" hspace=\"4\" align=\"left\" \/>Por segunda ocasi\u00f3n\u00a0 la pel\u00edcula dominicana Sanky Panky fue exhibida en  una\u00a0 funci\u00f3n especial\u00a0 el pasado domingo 30 de noviembre en  K\u00fcnstlerhaus Kino de la ciudad de Viena. <\/span><\/p>\n<p>&#13;<\/p>\n<p align=\"justify\" class=\"text1noticias\">Esta presentaci\u00f3n fue el\u00a0  resultado de la participaci\u00f3n de la producci\u00f3n de Jos\u00e9 Enrique Pintor en el IV  Festival de Cine Iberoamericano celebrado en esta ciudad en marzo de este mismo  a\u00f1o, cuando los directivos del centro cultural K\u00fcnstlerhaus expresaron su  inter\u00e9s por presentarla nuevamente con fines comerciales, debido a la gran  aceptaci\u00f3n del p\u00fablico. <\/p>\n<p>&#13;<\/p>\n<p align=\"justify\" class=\"text1noticias\"> El embajador dominicano en Austria,  Ram\u00f3n Uikoner, dijo que\u00a0en esta ocasi\u00f3n se cont\u00f3 con una numerosa  audiencia, \u00aben su mayor\u00eda dominicanos, miembros del medio diplom\u00e1tico  latinoamericano y de la comunidad austriaca, la cual disfrut\u00f3 al m\u00e1ximo de la  producci\u00f3n cinematogr\u00e1fica dominicana, generando excelentes comentarios sobre  el humor y la fotograf\u00eda, representando \u00e9sta una oportunidad m\u00e1s de promover entre  el p\u00fablico presente algunas facetas de la cultura y el arte dominicano\u00bb. <\/p>\n<p>&#13;<\/p>\n<p align=\"justify\" class=\"text1noticias\">\u00abEsta es una muestra m\u00e1s de lo  que ha significado Sanky Panky para el cine dominicano, sirviendo de veh\u00edculo  para que en el exterior se conozca un poco de la cultura de nuestro pa\u00eds. Eso  tiene un valor incalculable para nosotros\u00bb, dijo Pintor.<\/p>\n<p>&#13;<\/p>\n<h6> 2008-12-15 17:40:42 <\/h6>\n<p><!--\n<link rel=\"stylesheet\" href=\"css\/bootstrap.min.css\">\n\n\n<ul class=\"pagination\">\n\t    \n\t\n\n<li >\n\t<a href='?page_no=20733'>Previous<\/a>\n\t<\/li>\n\n\n       \n    \n\n<li><a href='?page_no=1'>1<\/a><\/li>\n\n\n\n<li><a href='?page_no=2'>2<\/a><\/li>\n\n\n\n<li><a>...<\/a><\/li>\n\n\n\n<li><a href='?page_no=20732'>20732<\/a><\/li>\n\n\n\n<li><a href='?page_no=20733'>20733<\/a><\/li>\n\n\n\n<li class='active'><a>20734<\/a><\/li>\n\n\n\n<li><a href='?page_no=20735'>20735<\/a><\/li>\n\n\n\n<li><a href='?page_no=20736'>20736<\/a><\/li>\n\n\n\n<li><a>...<\/a><\/li>\n\n\n\n<li><a href='?page_no=22522'>22522<\/a><\/li>\n\n\n\n<li><a href='?page_no=22523'>22523<\/a><\/li>\n\n    \n\t\n\n<li >\n\t<a href='?page_no=20735'>Next<\/a>\n\t<\/li>\n\n\n    \n\n<li><a href='?page_no=22523'>Last &rsaquo;&rsaquo;<\/a><\/li>\n\n<\/ul>\n\n\n--><br \/>\n<\/body><\/p>\n","protected":false},"excerpt":{"rendered":"<p>EXHIBEN SANKY PANKY EN AUSTRIA &#13; &#13; Por segunda ocasi\u00f3n\u00a0 la pel\u00edcula dominicana Sanky Panky fue exhibida en una\u00a0 funci\u00f3n especial\u00a0 el pasado domingo 30 de noviembre en K\u00fcnstlerhaus Kino de la ciudad de Viena. &#13; Esta presentaci\u00f3n fue el\u00a0 resultado de la participaci\u00f3n de la producci\u00f3n de Jos\u00e9 Enrique Pintor en el IV Festival [&hellip;]<\/p>\n","protected":false},"author":3,"featured_media":0,"comment_status":"open","ping_status":"open","sticky":false,"template":"","format":"standard","meta":{"footnotes":""},"categories":[25],"tags":[],"class_list":["post-92112","post","type-post","status-publish","format-standard","hentry","category-gente"],"_links":{"self":[{"href":"https:\/\/diariodominicano.com\/index.php?rest_route=\/wp\/v2\/posts\/92112","targetHints":{"allow":["GET"]}}],"collection":[{"href":"https:\/\/diariodominicano.com\/index.php?rest_route=\/wp\/v2\/posts"}],"about":[{"href":"https:\/\/diariodominicano.com\/index.php?rest_route=\/wp\/v2\/types\/post"}],"author":[{"embeddable":true,"href":"https:\/\/diariodominicano.com\/index.php?rest_route=\/wp\/v2\/users\/3"}],"replies":[{"embeddable":true,"href":"https:\/\/diariodominicano.com\/index.php?rest_route=%2Fwp%2Fv2%2Fcomments&post=92112"}],"version-history":[{"count":0,"href":"https:\/\/diariodominicano.com\/index.php?rest_route=\/wp\/v2\/posts\/92112\/revisions"}],"wp:attachment":[{"href":"https:\/\/diariodominicano.com\/index.php?rest_route=%2Fwp%2Fv2%2Fmedia&parent=92112"}],"wp:term":[{"taxonomy":"category","embeddable":true,"href":"https:\/\/diariodominicano.com\/index.php?rest_route=%2Fwp%2Fv2%2Fcategories&post=92112"},{"taxonomy":"post_tag","embeddable":true,"href":"https:\/\/diariodominicano.com\/index.php?rest_route=%2Fwp%2Fv2%2Ftags&post=92112"}],"curies":[{"name":"wp","href":"https:\/\/api.w.org\/{rel}","templated":true}]}}