{"id":92110,"date":"2008-12-16T17:01:43","date_gmt":"2008-12-16T17:01:43","guid":{"rendered":"http:\/\/diariodominicano.ddns.net\/?p=92110"},"modified":"2008-12-16T17:01:43","modified_gmt":"2008-12-16T17:01:43","slug":"mppc-agasaja-a-sus-miembros","status":"publish","type":"post","link":"https:\/\/diariodominicano.com\/?p=92110","title":{"rendered":"MPPC agasaja a sus miembros"},"content":{"rendered":"<p><body><\/p>\n<p align=\"justify\">Un brindis por la Navidad <br \/>&#13;<br \/>\n  \u00a0 <br \/>&#13;<br \/>\n  <strong class=\"titulogrande1\">MPPC agasaja a sus miembros<\/strong> <br \/>&#13;<br \/>\n  <strong>\u00a0<\/strong> <br \/>&#13;<br \/>\n  <span class=\"text1noticias\">POR MART\u00cdN ZAPATA <br \/>&#13;<br \/>\n  \u00a0 <br \/>&#13;<br \/>\n  <img loading=\"lazy\" decoding=\"async\" src=\"http:\/\/localhost:8080\/gente\/img\/brind do.jpg\" width=\"375\" height=\"250\" hspace=\"4\" align=\"left\" \/>NUEVA YORK.- En un ambiente de confraternidad, el Minilabt  Professional Photographers (MPPC), de New York, fundado en 1990, celebr\u00f3 su  tradicional encuentro navide\u00f1o con los miembros de esa prestigiosa instituci\u00f3n. <br \/>&#13;<br \/>\n  \u00a0 <br \/>&#13;<br \/>\n  El sal\u00f3n de ocasiones y eventos Ricardo\u2019s by the Bridge,  localizado en Astoria, Queens, NY, visti\u00f3 los colores de la navidad en la  actividad que congreg\u00f3 a los miembros de MPPC y allegados de la misma. <br \/>&#13;<br \/>\n  \u00a0 <br \/>&#13;<br \/>\n  Nelson de Le\u00f3n, secretario de la entidad, dijo las palabras  de bienvenida, resaltando el valor de compartir y clausurar este a\u00f1o que ha  sido tan tan tenso con un esp\u00edritu de optimismo. <br \/>&#13;<br \/>\n  \u00a0 <br \/>&#13;<br \/>\n  De Le\u00f3n, acompa\u00f1ado de los tambi\u00e9n directivos Miguel Lajara,  (tesorero) y Rafael Ulloa, (sub-secretario),\u00a0 plante\u00f3 los desaf\u00edos que  enfrentar\u00e1n en el 2009 se mostr\u00f3 confiado en que saldr\u00e1 airosos. <br \/>&#13;<br \/>\n  \u00a0 <br \/>&#13;<br \/>\n  En la actividad fueron entregados reconocimientos a Ra\u00fal  Morillo, Freddy Alcantara y Justo Peralta. Los dos primero por su apoyo  permanente a MPPC y a Peralta por su fiel colaboraci\u00f3n a esta instituci\u00f3n. <br \/>&#13;<br \/>\n  \u00a0 <br \/>&#13;<br \/>\n  Los galardonados agradecieron las distinciones y reiteraron  su compromisos de continuar trabajando a favor del sector. <br \/>&#13;<br \/>\n  \u00a0 <br \/>&#13;<br \/>\n  La actividad de fin de a\u00f1o fue amenizada por un popular  grupo musical que durante toda la noche deleit\u00f3 a los presentes con su  magistral repertorio.\u00a0 <\/span><\/p>\n<p>&#13;<\/p>\n<h6> 2008-12-16 17:01:43 <\/h6>\n<p><!--\n<link rel=\"stylesheet\" href=\"css\/bootstrap.min.css\">\n\n\n<ul class=\"pagination\">\n\t    \n\t\n\n<li >\n\t<a href='?page_no=20731'>Previous<\/a>\n\t<\/li>\n\n\n       \n    \n\n<li><a href='?page_no=1'>1<\/a><\/li>\n\n\n\n<li><a href='?page_no=2'>2<\/a><\/li>\n\n\n\n<li><a>...<\/a><\/li>\n\n\n\n<li><a href='?page_no=20730'>20730<\/a><\/li>\n\n\n\n<li><a href='?page_no=20731'>20731<\/a><\/li>\n\n\n\n<li class='active'><a>20732<\/a><\/li>\n\n\n\n<li><a href='?page_no=20733'>20733<\/a><\/li>\n\n\n\n<li><a href='?page_no=20734'>20734<\/a><\/li>\n\n\n\n<li><a>...<\/a><\/li>\n\n\n\n<li><a href='?page_no=22522'>22522<\/a><\/li>\n\n\n\n<li><a href='?page_no=22523'>22523<\/a><\/li>\n\n    \n\t\n\n<li >\n\t<a href='?page_no=20733'>Next<\/a>\n\t<\/li>\n\n\n    \n\n<li><a href='?page_no=22523'>Last &rsaquo;&rsaquo;<\/a><\/li>\n\n<\/ul>\n\n\n--><br \/>\n<\/body><\/p>\n","protected":false},"excerpt":{"rendered":"<p>Un brindis por la Navidad &#13; \u00a0 &#13; MPPC agasaja a sus miembros &#13; \u00a0 &#13; POR MART\u00cdN ZAPATA &#13; \u00a0 &#13; NUEVA YORK.- En un ambiente de confraternidad, el Minilabt Professional Photographers (MPPC), de New York, fundado en 1990, celebr\u00f3 su tradicional encuentro navide\u00f1o con los miembros de esa prestigiosa instituci\u00f3n. &#13; \u00a0 &#13; [&hellip;]<\/p>\n","protected":false},"author":3,"featured_media":0,"comment_status":"open","ping_status":"open","sticky":false,"template":"","format":"standard","meta":{"footnotes":""},"categories":[25],"tags":[],"class_list":["post-92110","post","type-post","status-publish","format-standard","hentry","category-gente"],"_links":{"self":[{"href":"https:\/\/diariodominicano.com\/index.php?rest_route=\/wp\/v2\/posts\/92110","targetHints":{"allow":["GET"]}}],"collection":[{"href":"https:\/\/diariodominicano.com\/index.php?rest_route=\/wp\/v2\/posts"}],"about":[{"href":"https:\/\/diariodominicano.com\/index.php?rest_route=\/wp\/v2\/types\/post"}],"author":[{"embeddable":true,"href":"https:\/\/diariodominicano.com\/index.php?rest_route=\/wp\/v2\/users\/3"}],"replies":[{"embeddable":true,"href":"https:\/\/diariodominicano.com\/index.php?rest_route=%2Fwp%2Fv2%2Fcomments&post=92110"}],"version-history":[{"count":0,"href":"https:\/\/diariodominicano.com\/index.php?rest_route=\/wp\/v2\/posts\/92110\/revisions"}],"wp:attachment":[{"href":"https:\/\/diariodominicano.com\/index.php?rest_route=%2Fwp%2Fv2%2Fmedia&parent=92110"}],"wp:term":[{"taxonomy":"category","embeddable":true,"href":"https:\/\/diariodominicano.com\/index.php?rest_route=%2Fwp%2Fv2%2Fcategories&post=92110"},{"taxonomy":"post_tag","embeddable":true,"href":"https:\/\/diariodominicano.com\/index.php?rest_route=%2Fwp%2Fv2%2Ftags&post=92110"}],"curies":[{"name":"wp","href":"https:\/\/api.w.org\/{rel}","templated":true}]}}