{"id":92108,"date":"2008-12-16T18:16:55","date_gmt":"2008-12-16T18:16:55","guid":{"rendered":"http:\/\/diariodominicano.ddns.net\/?p=92108"},"modified":"2008-12-16T18:16:55","modified_gmt":"2008-12-16T18:16:55","slug":"focus-trae-gran-especial-de-navidad-con-lo-mejor-del-2008","status":"publish","type":"post","link":"https:\/\/diariodominicano.com\/?p=92108","title":{"rendered":"\u201cFOCUS\u201d trae gran especial de Navidad con lo mejor del 2008"},"content":{"rendered":"<p><body><\/p>\n<p align=\"center\" class=\"titulogrande1\"><strong>\u201cFOCUS\u201d trae gran especial de Navidad con lo mejor del  2008<\/strong>\u00a0<\/p>\n<p>&#13;<\/p>\n<p align=\"justify\" class=\"text1noticias\"><img loading=\"lazy\" decoding=\"async\" src=\"http:\/\/localhost:8080\/gente\/img\/focu.jpg\" width=\"375\" height=\"283\" hspace=\"4\" align=\"left\" \/>Un gran especial con motivo  de la Navidad estaremos presentando este domingo en <strong>\u201cFOCUS\u201d,<\/strong> haciendo  una recopilaci\u00f3n de las mejores entrevistas del a\u00f1o 2008, con los actores y  actrices que crearon opini\u00f3n p\u00fablica no solamente por estar inmiscuidos en  esc\u00e1ndalos; sino por el excelente trabajo que han estado realizando en las  diferentes producciones para las cuales trabajan.\u00a0<br \/>&#13;<br \/>\n    <br \/>&#13;<br \/>\n  \u00a0<br \/>&#13;<br \/>\n  En esta ocasi\u00f3n toc\u00f3 el turno  a algunos de los personajes de la telenovela <strong>\u201cVictoria\u201d<\/strong> con las  declaraciones exclusivas de Victoria Ruffo, Arturo Peniche y Mauricio Ochmann.  Asimismo, del reparto de <strong>\u201cDame Chocolate\u201d<\/strong> fueron elegidos Carlos Ponce,  G\u00e9nesis Rodr\u00edguez y Mar\u00eda Antonieta de las Nieves, mejor conocida como La  Chilindrina.\u00a0<br \/>&#13;<br \/>\n  <br \/>&#13;<br \/>\n  \u00a0<br \/>&#13;<br \/>\n  De <strong>\u201cPecados Ajenos\u201d<\/strong> estar\u00e1n haciendo sus confesiones m\u00e1s ardientes Lorena Rojas, Mauricio Islas,  Lupita Ferrer, Sonya Smith, Alicia Plaza y Catherine Siachoque. Mientras que de <strong>\u201cDo\u00f1a B\u00e1rbara\u201d<\/strong> tendremos a la f\u00e9rrea Edith Gonz\u00e1lez y del elenco de <strong>\u201cLa  Traici\u00f3n\u201d<\/strong> a Michelle Vieth.\u00a0<br \/>&#13;<br \/>\n  <br \/>&#13;<br \/>\n  \u00a0<br \/>&#13;<br \/>\n  Estos artistas de la  actuaci\u00f3n nos contar\u00e1n sus \u00e9xitos, el precio que han tenido que pagar por la  fama, sus m\u00e1s grandes controversias, el sacrificio del amor y los hijos ante  una profesi\u00f3n tan exigente y muchos otros t\u00f3picos que los har\u00e1n vivir grandes  emociones.\u00a0<br \/>&#13;<br \/>\n  <br \/>&#13;<br \/>\n  \u00a0<br \/>&#13;<br \/>\n  En otro segmento presentamos  un resumen de los reportajes especiales que mayor impacto tuvieron en la audiencia,  pero esta vez traducidos al lenguaje de se\u00f1as; ellos son <strong>\u201cMujeres de la  Historia\u201d<\/strong>, <strong>\u201cNi\u00f1os Vs. Fama\u201d,<\/strong> <strong>\u201cMuerte por sobredosis de agua\u201d,  \u201cHillary Clinton\u201d<\/strong> y <strong>\u201cArtistas &amp; C\u00e1ncer\u201d.<\/strong> <br \/>&#13;<br \/>\n  No se pierda este y todos los  domingos su programa especializado en telenovelas, <strong>\u201cFOCUS\u201d<\/strong>, desde las  7:30 de la noche por Antena Latina.\u00a0<\/p>\n<p>&#13;<\/p>\n<h6> 2008-12-16 18:16:55 <\/h6>\n<p><!--\n<link rel=\"stylesheet\" href=\"css\/bootstrap.min.css\">\n\n\n<ul class=\"pagination\">\n\t    \n\t\n\n<li >\n\t<a href='?page_no=20729'>Previous<\/a>\n\t<\/li>\n\n\n       \n    \n\n<li><a href='?page_no=1'>1<\/a><\/li>\n\n\n\n<li><a href='?page_no=2'>2<\/a><\/li>\n\n\n\n<li><a>...<\/a><\/li>\n\n\n\n<li><a href='?page_no=20728'>20728<\/a><\/li>\n\n\n\n<li><a href='?page_no=20729'>20729<\/a><\/li>\n\n\n\n<li class='active'><a>20730<\/a><\/li>\n\n\n\n<li><a href='?page_no=20731'>20731<\/a><\/li>\n\n\n\n<li><a href='?page_no=20732'>20732<\/a><\/li>\n\n\n\n<li><a>...<\/a><\/li>\n\n\n\n<li><a href='?page_no=22522'>22522<\/a><\/li>\n\n\n\n<li><a href='?page_no=22523'>22523<\/a><\/li>\n\n    \n\t\n\n<li >\n\t<a href='?page_no=20731'>Next<\/a>\n\t<\/li>\n\n\n    \n\n<li><a href='?page_no=22523'>Last &rsaquo;&rsaquo;<\/a><\/li>\n\n<\/ul>\n\n\n--><br \/>\n<\/body><\/p>\n","protected":false},"excerpt":{"rendered":"<p>\u201cFOCUS\u201d trae gran especial de Navidad con lo mejor del 2008\u00a0 &#13; Un gran especial con motivo de la Navidad estaremos presentando este domingo en \u201cFOCUS\u201d, haciendo una recopilaci\u00f3n de las mejores entrevistas del a\u00f1o 2008, con los actores y actrices que crearon opini\u00f3n p\u00fablica no solamente por estar inmiscuidos en esc\u00e1ndalos; sino por el [&hellip;]<\/p>\n","protected":false},"author":3,"featured_media":0,"comment_status":"open","ping_status":"open","sticky":false,"template":"","format":"standard","meta":{"footnotes":""},"categories":[25],"tags":[],"class_list":["post-92108","post","type-post","status-publish","format-standard","hentry","category-gente"],"_links":{"self":[{"href":"https:\/\/diariodominicano.com\/index.php?rest_route=\/wp\/v2\/posts\/92108","targetHints":{"allow":["GET"]}}],"collection":[{"href":"https:\/\/diariodominicano.com\/index.php?rest_route=\/wp\/v2\/posts"}],"about":[{"href":"https:\/\/diariodominicano.com\/index.php?rest_route=\/wp\/v2\/types\/post"}],"author":[{"embeddable":true,"href":"https:\/\/diariodominicano.com\/index.php?rest_route=\/wp\/v2\/users\/3"}],"replies":[{"embeddable":true,"href":"https:\/\/diariodominicano.com\/index.php?rest_route=%2Fwp%2Fv2%2Fcomments&post=92108"}],"version-history":[{"count":0,"href":"https:\/\/diariodominicano.com\/index.php?rest_route=\/wp\/v2\/posts\/92108\/revisions"}],"wp:attachment":[{"href":"https:\/\/diariodominicano.com\/index.php?rest_route=%2Fwp%2Fv2%2Fmedia&parent=92108"}],"wp:term":[{"taxonomy":"category","embeddable":true,"href":"https:\/\/diariodominicano.com\/index.php?rest_route=%2Fwp%2Fv2%2Fcategories&post=92108"},{"taxonomy":"post_tag","embeddable":true,"href":"https:\/\/diariodominicano.com\/index.php?rest_route=%2Fwp%2Fv2%2Ftags&post=92108"}],"curies":[{"name":"wp","href":"https:\/\/api.w.org\/{rel}","templated":true}]}}