{"id":92106,"date":"2008-12-16T21:37:14","date_gmt":"2008-12-16T21:37:14","guid":{"rendered":"http:\/\/diariodominicano.ddns.net\/?p=92106"},"modified":"2008-12-16T21:37:14","modified_gmt":"2008-12-16T21:37:14","slug":"madonna-presenta-dos-conciertos-en-brasil-ante-cerca-de-120-mil-personas","status":"publish","type":"post","link":"https:\/\/diariodominicano.com\/?p=92106","title":{"rendered":"Madonna presenta dos conciertos en Brasil, ante cerca de 120 mil personas"},"content":{"rendered":"<p><body><\/p>\n<p class=\"titulogrande1\"><strong>Madonna  presenta dos conciertos en Brasil, ante cerca de 120 mil personas<\/strong><\/p>\n<p>&#13;<\/p>\n<p align=\"justify\" class=\"text1noticias\"><strong>RIO DE  JANEIRO<\/strong>.- Madonna  se entreg\u00f3 \u00a0a la noche carioca y bail\u00f3  hasta bien entrada la madrugada en una discoteca de R\u00edo de Janeiro, tras su  segundo y \u00faltimo concierto en el estadio Maracan\u00e1, en el que fue aclamada por  cerca de 60.000 personas. En el primero acudi\u00f3 igual p\u00fablico<br \/>&#13;<br \/>\n  <br \/>&#13;<br \/>\n  Despu\u00e9s de la segunda presentaci\u00f3n en suelo brasile\u00f1o incluida en su gira  mundial \u00abSticky and Sweet\u00bb, la cantante lleg\u00f3 despu\u00e9s de la  medianoche a una discoteca del barrio de Ipanema, donde la esperaban decenas de  celebridades locales, como el futbolista Ronaldo y el cantautor Gilberto Gil.<br \/>&#13;<br \/>\n  <br \/>&#13;<br \/>\n  Frente al local, situado en un elegante hotel y cercado por un fuerte  dispositivo de seguridad, cientos de fan\u00e1ticos se aglomeraron para intentar un  contacto cercano con la diva del pop, a pesar de la discreci\u00f3n con que se  organiz\u00f3 la fiesta.<br \/>&#13;<br \/>\n  <br \/>&#13;<br \/>\n  Madonna, de 50 a\u00f1os, permaneci\u00f3 en la discoteca hasta casi las cinco de la  ma\u00f1ana y regres\u00f3 al hotel de la playa de Copacabana, donde se ha alojado  durante su estancia en R\u00edo de Janeiro.<br \/>&#13;<br \/>\n  <br \/>&#13;<br \/>\n  La cantante estadounidense tiene previsto viajar hoy mismo hacia S\u00e3o Paulo,  donde la gira mundial que comenz\u00f3 el pasado 23 de agosto en Cardiff concluir\u00e1  el pr\u00f3ximo domingo, con el \u00faltimo de los tres conciertos programados en el  estadio Morumb\u00ed.<br \/>&#13;<br \/>\n  <br \/>&#13;<br \/>\n  Antes de su escapada nocturna, Madonna hab\u00eda cautivado a decenas de miles de  entregados seguidores en el estadio Maracan\u00e1, el templo del f\u00fatbol brasile\u00f1o,  donde ya se hab\u00eda presentado la noche del domingo.<br \/>&#13;<br \/>\n  <br \/>&#13;<br \/>\n  Tras el recorrido musical por sus 25 a\u00f1os de carrera, Madonna se enfund\u00f3 para  el acto final en una camiseta amarilla de la selecci\u00f3n brasile\u00f1a de f\u00fatbol, con  su nombre y el n\u00famero 10 estampados en la espalda.<br \/>&#13;<br \/>\n  <br \/>&#13;<br \/>\n  Despu\u00e9s de casi dos horas de m\u00fasica, termin\u00f3 su concierto en un Maracan\u00e1  totalmente entregado con la canci\u00f3n \u00abGive it to me\u00bb, que enton\u00f3  arropada con una bandera de Brasil.<br \/>&#13;<br \/>\n  <br \/>&#13;<br \/>\n  Antes de los \u00faltimos acordes, pregunt\u00f3 al delirante auditorio de casi 60.000  personas: \u00ab\u00bfQui\u00e9n es la verdadera reina de ustedes?\u00bb.<br \/>&#13;<br \/>\n  <br \/>&#13;<br \/>\n  La respuesta fue inmediata y Madonna se retir\u00f3 en medio de ovaciones y con su  nombre coreado a rabiar por una multitud que quer\u00eda m\u00e1s. <\/p>\n<p>&#13;<\/p>\n<h6> 2008-12-16 21:37:14 <\/h6>\n<p><!--\n<link rel=\"stylesheet\" href=\"css\/bootstrap.min.css\">\n\n\n<ul class=\"pagination\">\n\t    \n\t\n\n<li >\n\t<a href='?page_no=20727'>Previous<\/a>\n\t<\/li>\n\n\n       \n    \n\n<li><a href='?page_no=1'>1<\/a><\/li>\n\n\n\n<li><a href='?page_no=2'>2<\/a><\/li>\n\n\n\n<li><a>...<\/a><\/li>\n\n\n\n<li><a href='?page_no=20726'>20726<\/a><\/li>\n\n\n\n<li><a href='?page_no=20727'>20727<\/a><\/li>\n\n\n\n<li class='active'><a>20728<\/a><\/li>\n\n\n\n<li><a href='?page_no=20729'>20729<\/a><\/li>\n\n\n\n<li><a href='?page_no=20730'>20730<\/a><\/li>\n\n\n\n<li><a>...<\/a><\/li>\n\n\n\n<li><a href='?page_no=22522'>22522<\/a><\/li>\n\n\n\n<li><a href='?page_no=22523'>22523<\/a><\/li>\n\n    \n\t\n\n<li >\n\t<a href='?page_no=20729'>Next<\/a>\n\t<\/li>\n\n\n    \n\n<li><a href='?page_no=22523'>Last &rsaquo;&rsaquo;<\/a><\/li>\n\n<\/ul>\n\n\n--><br \/>\n<\/body><\/p>\n","protected":false},"excerpt":{"rendered":"<p>Madonna presenta dos conciertos en Brasil, ante cerca de 120 mil personas &#13; RIO DE JANEIRO.- Madonna se entreg\u00f3 \u00a0a la noche carioca y bail\u00f3 hasta bien entrada la madrugada en una discoteca de R\u00edo de Janeiro, tras su segundo y \u00faltimo concierto en el estadio Maracan\u00e1, en el que fue aclamada por cerca de [&hellip;]<\/p>\n","protected":false},"author":3,"featured_media":0,"comment_status":"open","ping_status":"open","sticky":false,"template":"","format":"standard","meta":{"footnotes":""},"categories":[25],"tags":[],"class_list":["post-92106","post","type-post","status-publish","format-standard","hentry","category-gente"],"_links":{"self":[{"href":"https:\/\/diariodominicano.com\/index.php?rest_route=\/wp\/v2\/posts\/92106","targetHints":{"allow":["GET"]}}],"collection":[{"href":"https:\/\/diariodominicano.com\/index.php?rest_route=\/wp\/v2\/posts"}],"about":[{"href":"https:\/\/diariodominicano.com\/index.php?rest_route=\/wp\/v2\/types\/post"}],"author":[{"embeddable":true,"href":"https:\/\/diariodominicano.com\/index.php?rest_route=\/wp\/v2\/users\/3"}],"replies":[{"embeddable":true,"href":"https:\/\/diariodominicano.com\/index.php?rest_route=%2Fwp%2Fv2%2Fcomments&post=92106"}],"version-history":[{"count":0,"href":"https:\/\/diariodominicano.com\/index.php?rest_route=\/wp\/v2\/posts\/92106\/revisions"}],"wp:attachment":[{"href":"https:\/\/diariodominicano.com\/index.php?rest_route=%2Fwp%2Fv2%2Fmedia&parent=92106"}],"wp:term":[{"taxonomy":"category","embeddable":true,"href":"https:\/\/diariodominicano.com\/index.php?rest_route=%2Fwp%2Fv2%2Fcategories&post=92106"},{"taxonomy":"post_tag","embeddable":true,"href":"https:\/\/diariodominicano.com\/index.php?rest_route=%2Fwp%2Fv2%2Ftags&post=92106"}],"curies":[{"name":"wp","href":"https:\/\/api.w.org\/{rel}","templated":true}]}}