{"id":92105,"date":"2008-12-16T21:44:13","date_gmt":"2008-12-16T21:44:13","guid":{"rendered":"http:\/\/diariodominicano.ddns.net\/?p=92105"},"modified":"2008-12-16T21:44:13","modified_gmt":"2008-12-16T21:44:13","slug":"plan-social-ofrece-aguinaldos-a-sus-empleados","status":"publish","type":"post","link":"https:\/\/diariodominicano.com\/?p=92105","title":{"rendered":"Plan Social ofrece aguinaldos a sus empleados"},"content":{"rendered":"<p><body><\/p>\n<p class=\"titulogrande1\"><strong>Plan Social ofrece aguinaldos a sus empleados<\/strong><\/p>\n<p>&#13;<\/p>\n<p align=\"justify\" class=\"text1noticias\"><img loading=\"lazy\" decoding=\"async\" src=\"http:\/\/localhost:8080\/gente\/img\/aguna.jpg\" width=\"375\" height=\"254\" hspace=\"4\" align=\"left\" \/>El Plan de Asistencia Social de la Presidencia agasaj\u00f3 a  sus empleados con dos aguinaldos celebrados en la sede de la instituci\u00f3n, situada  en la avenida Espa\u00f1a n\u00famero 2, sector Villa Duarte, en el municipio Santo  Domingo Este.<\/p>\n<p>&#13;<\/p>\n<p align=\"justify\" class=\"text1noticias\">El encuentro cont\u00f3 con la  presencia del director general del Plan Social, licenciado Emigdio Sosa, as\u00ed  como de los principales ejecutivos, licenciados Delf\u00edn Bencosme y Mercedes  Espinal, Directores Administrativo y Financiero, respectivamente, y empleados  de la entidad.<\/p>\n<p>&#13;<\/p>\n<p align=\"justify\" class=\"text1noticias\">La fiesta fue amenizada por un  perico ripiao y organizada por la   Encargada de Asuntos Culturales de la instituci\u00f3n, Milagros  Hern\u00e1ndez, mejor conocida en el mundo art\u00edstico dominicano como \u201cLa Loba\u201d.<\/p>\n<p>&#13;<\/p>\n<p align=\"justify\" class=\"text1noticias\">La actividad se realiz\u00f3 en el \u00e1rea de producci\u00f3n del Plan  Social y forma parte de las jornadas que tradicionalmente organiza el Gobierno  para alegrar a sus empleados durante los festejos de Navidad y A\u00f1o Nuevo.<\/p>\n<p>&#13;<\/p>\n<h6> 2008-12-16 21:44:13 <\/h6>\n<p><!--\n<link rel=\"stylesheet\" href=\"css\/bootstrap.min.css\">\n\n\n<ul class=\"pagination\">\n\t    \n\t\n\n<li >\n\t<a href='?page_no=20726'>Previous<\/a>\n\t<\/li>\n\n\n       \n    \n\n<li><a href='?page_no=1'>1<\/a><\/li>\n\n\n\n<li><a href='?page_no=2'>2<\/a><\/li>\n\n\n\n<li><a>...<\/a><\/li>\n\n\n\n<li><a href='?page_no=20725'>20725<\/a><\/li>\n\n\n\n<li><a href='?page_no=20726'>20726<\/a><\/li>\n\n\n\n<li class='active'><a>20727<\/a><\/li>\n\n\n\n<li><a href='?page_no=20728'>20728<\/a><\/li>\n\n\n\n<li><a href='?page_no=20729'>20729<\/a><\/li>\n\n\n\n<li><a>...<\/a><\/li>\n\n\n\n<li><a href='?page_no=22522'>22522<\/a><\/li>\n\n\n\n<li><a href='?page_no=22523'>22523<\/a><\/li>\n\n    \n\t\n\n<li >\n\t<a href='?page_no=20728'>Next<\/a>\n\t<\/li>\n\n\n    \n\n<li><a href='?page_no=22523'>Last &rsaquo;&rsaquo;<\/a><\/li>\n\n<\/ul>\n\n\n--><br \/>\n<\/body><\/p>\n","protected":false},"excerpt":{"rendered":"<p>Plan Social ofrece aguinaldos a sus empleados &#13; El Plan de Asistencia Social de la Presidencia agasaj\u00f3 a sus empleados con dos aguinaldos celebrados en la sede de la instituci\u00f3n, situada en la avenida Espa\u00f1a n\u00famero 2, sector Villa Duarte, en el municipio Santo Domingo Este. &#13; El encuentro cont\u00f3 con la presencia del director [&hellip;]<\/p>\n","protected":false},"author":3,"featured_media":0,"comment_status":"open","ping_status":"open","sticky":false,"template":"","format":"standard","meta":{"footnotes":""},"categories":[25],"tags":[],"class_list":["post-92105","post","type-post","status-publish","format-standard","hentry","category-gente"],"_links":{"self":[{"href":"https:\/\/diariodominicano.com\/index.php?rest_route=\/wp\/v2\/posts\/92105","targetHints":{"allow":["GET"]}}],"collection":[{"href":"https:\/\/diariodominicano.com\/index.php?rest_route=\/wp\/v2\/posts"}],"about":[{"href":"https:\/\/diariodominicano.com\/index.php?rest_route=\/wp\/v2\/types\/post"}],"author":[{"embeddable":true,"href":"https:\/\/diariodominicano.com\/index.php?rest_route=\/wp\/v2\/users\/3"}],"replies":[{"embeddable":true,"href":"https:\/\/diariodominicano.com\/index.php?rest_route=%2Fwp%2Fv2%2Fcomments&post=92105"}],"version-history":[{"count":0,"href":"https:\/\/diariodominicano.com\/index.php?rest_route=\/wp\/v2\/posts\/92105\/revisions"}],"wp:attachment":[{"href":"https:\/\/diariodominicano.com\/index.php?rest_route=%2Fwp%2Fv2%2Fmedia&parent=92105"}],"wp:term":[{"taxonomy":"category","embeddable":true,"href":"https:\/\/diariodominicano.com\/index.php?rest_route=%2Fwp%2Fv2%2Fcategories&post=92105"},{"taxonomy":"post_tag","embeddable":true,"href":"https:\/\/diariodominicano.com\/index.php?rest_route=%2Fwp%2Fv2%2Ftags&post=92105"}],"curies":[{"name":"wp","href":"https:\/\/api.w.org\/{rel}","templated":true}]}}