{"id":92104,"date":"2008-12-16T21:51:34","date_gmt":"2008-12-16T21:51:34","guid":{"rendered":"http:\/\/diariodominicano.ddns.net\/?p=92104"},"modified":"2008-12-16T21:51:34","modified_gmt":"2008-12-16T21:51:34","slug":"evangelicos-celebran-el-domingo-su-jubileo-anual","status":"publish","type":"post","link":"https:\/\/diariodominicano.com\/?p=92104","title":{"rendered":"Evang\u00e9licos celebran el domingo su jubileo anual"},"content":{"rendered":"<p><body><\/p>\n<p class=\"titulogrande1\"><strong>Evang\u00e9licos  celebran el domingo su jubileo anual<\/strong><\/p>\n<p>&#13;<\/p>\n<p align=\"justify\" class=\"text1noticias\"><strong>SANTO  DOMINGO<\/strong>.-Miles de  cristianos de iglesias evang\u00e9licas de todo el pa\u00eds celebrar\u00e1n este domingo 21  de diciembre su jubileo anual en el Centro de Conferencias del Concilio  Evang\u00e9lico Pentecostal Arca de Salvaci\u00f3n (CEPAS), ubicado en el Cabreto de  Guerra, en donde analizar\u00e1n junto a decenas de pastores de la congregaci\u00f3n la  problem\u00e1tica delincuencial, el tema de las drogas y la desintegraci\u00f3n de la  familia dominicana, entre otros importantes t\u00f3picos doctrinales. <br \/>&#13;<br \/>\n  <br \/>&#13;<br \/>\n  La informaci\u00f3n la ofreci\u00f3 el presidente del Concilio, pastor Luis Marino  Gonz\u00e1lez. <br \/>&#13;<br \/>\n  <br \/>&#13;<br \/>\n\u00abHemos analizado la desintegraci\u00f3n de la familia, la familia dominicana  est\u00e1 desintegrada y es necesario ir en rescate de esos valores, y solamente  uni\u00e9ndonos como familia y colocando primero a Dios como nuestro consejero  dentro del pueblo cristiano evang\u00e9lico, podemos lograr que la familia vuelva a  buscar esos principios que se han ido del hogar. <br \/>&#13;<br \/>\n<br \/>&#13;<br \/>\nEsto es  para poner en alto el nombre de Dios y honrarlo en esp\u00edritu y verdad\u00bb,  explic\u00f3 Luis Marino Gonz\u00e1lez.<br \/>&#13;<br \/>\n  <br \/>&#13;<br \/>\n  Este es el tercer evento de esta magnitud que celebra el Concilio, el cual  re\u00fane a 82 iglesias evang\u00e9licas de toda la naci\u00f3n dominicana, invitados  extranjeros y artistas cristianos.<br \/>&#13;<br \/>\n  <br \/>&#13;<br \/>\n  El centro de adoraci\u00f3n del CEPAS, ubicado un poco m\u00e1s all\u00e1 de la Base A\u00e9rea de San  Isidro, es un agradable lugar en contacto con la naturaleza al que acuden cada  a\u00f1o evang\u00e9licos de los m\u00e1s rec\u00f3nditos pueblos y ciudades del territorio  nacional con motivo de esta celebraci\u00f3n.<br \/>&#13;<br \/>\n  <br \/>&#13;<br \/>\n\u00abNosotros estamos en contra de la violencia, del narcotr\u00e1fico y todo vicio  malo; debemos guardar la pureza, la honestidad y apreciar el valor de la vida,  a fin de ser una naci\u00f3n m\u00e1s civilizada, organizada y pr\u00f3spera\u00bb, agreg\u00f3  Luis Marino, pastor de la   Iglesia Evang\u00e9lica Pentecost\u00e9s Arca de Salvaci\u00f3n Inc.  \u00abEl Amor del Calvario I\u00bb, situada en la calle B, n\u00famero 3, La Francia Nueva, Villa  Duarte, provincia Santo Domingo Este.<br \/>&#13;<br \/>\n  <br \/>&#13;<br \/>\n  La celebraci\u00f3n se extender\u00e1 de 9:00 a.m y terminar\u00e1 pasadas las 6:00 p.m. En el  lugar se dan cita m\u00e1s de cinco mil siervos de Cristo, amigos y familiares para  alabar al Rey de reyes y creador de toda existencia.<\/p>\n<p>&#13;<\/p>\n<h6> 2008-12-16 21:51:34 <\/h6>\n<p><!--\n<link rel=\"stylesheet\" href=\"css\/bootstrap.min.css\">\n\n\n<ul class=\"pagination\">\n\t    \n\t\n\n<li >\n\t<a href='?page_no=20725'>Previous<\/a>\n\t<\/li>\n\n\n       \n    \n\n<li><a href='?page_no=1'>1<\/a><\/li>\n\n\n\n<li><a href='?page_no=2'>2<\/a><\/li>\n\n\n\n<li><a>...<\/a><\/li>\n\n\n\n<li><a href='?page_no=20724'>20724<\/a><\/li>\n\n\n\n<li><a href='?page_no=20725'>20725<\/a><\/li>\n\n\n\n<li class='active'><a>20726<\/a><\/li>\n\n\n\n<li><a href='?page_no=20727'>20727<\/a><\/li>\n\n\n\n<li><a href='?page_no=20728'>20728<\/a><\/li>\n\n\n\n<li><a>...<\/a><\/li>\n\n\n\n<li><a href='?page_no=22522'>22522<\/a><\/li>\n\n\n\n<li><a href='?page_no=22523'>22523<\/a><\/li>\n\n    \n\t\n\n<li >\n\t<a href='?page_no=20727'>Next<\/a>\n\t<\/li>\n\n\n    \n\n<li><a href='?page_no=22523'>Last &rsaquo;&rsaquo;<\/a><\/li>\n\n<\/ul>\n\n\n--><br \/>\n<\/body><\/p>\n","protected":false},"excerpt":{"rendered":"<p>Evang\u00e9licos celebran el domingo su jubileo anual &#13; SANTO DOMINGO.-Miles de cristianos de iglesias evang\u00e9licas de todo el pa\u00eds celebrar\u00e1n este domingo 21 de diciembre su jubileo anual en el Centro de Conferencias del Concilio Evang\u00e9lico Pentecostal Arca de Salvaci\u00f3n (CEPAS), ubicado en el Cabreto de Guerra, en donde analizar\u00e1n junto a decenas de pastores [&hellip;]<\/p>\n","protected":false},"author":3,"featured_media":0,"comment_status":"open","ping_status":"open","sticky":false,"template":"","format":"standard","meta":{"footnotes":""},"categories":[25],"tags":[],"class_list":["post-92104","post","type-post","status-publish","format-standard","hentry","category-gente"],"_links":{"self":[{"href":"https:\/\/diariodominicano.com\/index.php?rest_route=\/wp\/v2\/posts\/92104","targetHints":{"allow":["GET"]}}],"collection":[{"href":"https:\/\/diariodominicano.com\/index.php?rest_route=\/wp\/v2\/posts"}],"about":[{"href":"https:\/\/diariodominicano.com\/index.php?rest_route=\/wp\/v2\/types\/post"}],"author":[{"embeddable":true,"href":"https:\/\/diariodominicano.com\/index.php?rest_route=\/wp\/v2\/users\/3"}],"replies":[{"embeddable":true,"href":"https:\/\/diariodominicano.com\/index.php?rest_route=%2Fwp%2Fv2%2Fcomments&post=92104"}],"version-history":[{"count":0,"href":"https:\/\/diariodominicano.com\/index.php?rest_route=\/wp\/v2\/posts\/92104\/revisions"}],"wp:attachment":[{"href":"https:\/\/diariodominicano.com\/index.php?rest_route=%2Fwp%2Fv2%2Fmedia&parent=92104"}],"wp:term":[{"taxonomy":"category","embeddable":true,"href":"https:\/\/diariodominicano.com\/index.php?rest_route=%2Fwp%2Fv2%2Fcategories&post=92104"},{"taxonomy":"post_tag","embeddable":true,"href":"https:\/\/diariodominicano.com\/index.php?rest_route=%2Fwp%2Fv2%2Ftags&post=92104"}],"curies":[{"name":"wp","href":"https:\/\/api.w.org\/{rel}","templated":true}]}}