{"id":92103,"date":"2008-12-17T16:22:24","date_gmt":"2008-12-17T16:22:24","guid":{"rendered":"http:\/\/diariodominicano.ddns.net\/?p=92103"},"modified":"2008-12-17T16:22:24","modified_gmt":"2008-12-17T16:22:24","slug":"espectaculo-de-alan-brito-y-el-parque-intrepido-gratis-en-megacentro-y-carrefour","status":"publish","type":"post","link":"https:\/\/diariodominicano.com\/?p=92103","title":{"rendered":"Espect\u00e1culo de Alan Brito y el Parque Intr\u00e9pido, gratis en Megacentro y Carrefour"},"content":{"rendered":"<p><body><\/p>\n<p class=\"titulogrande1\"><strong>Espect\u00e1culo de Alan Brito y el Parque Intr\u00e9pido,  gratis en Megacentro y Carrefour<\/strong> <\/p>\n<p>&#13;<\/p>\n<p>\u00a0 <\/p>\n<p>&#13;<\/p>\n<p align=\"justify\" class=\"text1noticias\"><strong><img loading=\"lazy\" decoding=\"async\" src=\"http:\/\/localhost:8080\/gente\/img\/alan do.jpg\" width=\"375\" height=\"500\" hspace=\"4\" align=\"left\" \/>Santo  Domingo, Rep\u00fablica Dominicana<\/strong>.-  La marca de refrescos Kola Real presenta este fin de semana a Alan Brito y su  Parque Intr\u00e9pido, en el parqueo de \u00a0Megacentro en la Zona Oriental y  Carrefour de la autopista Duarte. <\/p>\n<p>&#13;<\/p>\n<p align=\"justify\" class=\"text1noticias\">El  s\u00e1bado a las cuatro de la tarde, Brito y su cofrad\u00eda llegan al amplio parqueo  de la plaza comercial m\u00e1s grande del pa\u00eds, para ofrecer un show con todas las  de la ley y hacer que pasen un rato agradable todas las familias que se  congreguen all\u00ed. <\/p>\n<p>&#13;<\/p>\n<p align=\"justify\" class=\"text1noticias\">Al  d\u00eda siguiente y a la misma hora, los intr\u00e9pidos aterrizan en la plaza Carrefour  llevando toda la alegr\u00eda caracter\u00edstica de su programa, transmitido los s\u00e1bados  de diez a doce del medio d\u00eda, por Antena Latina, canal 7. <\/p>\n<p>&#13;<\/p>\n<p align=\"justify\" class=\"text1noticias\"> Es  un evento dise\u00f1ado para la familia, especialmente los ni\u00f1os, que tendr\u00e1n el  mejor contenido infantil de estas navidades completamente gratis y bajo el  mejor de los ambientes. <\/p>\n<p>&#13;<\/p>\n<p align=\"justify\" class=\"text1noticias\">Con  m\u00fasica, juegos, concursos y mucha magia ser\u00e1 desarrollado el espect\u00e1culo que ya  mostr\u00f3 gran acogida en una primera funci\u00f3n en el Boulevard de la 27 de Febrero,  el pasado domingo 7 de los corrientes y que a juzgar por la misma, recibir\u00e1 un  apoyo masivo. <\/p>\n<p>&#13;<\/p>\n<p align=\"justify\" class=\"text1noticias\"> Con  tan s\u00f3lo llevar una tapita de cualquiera de las presentaciones de los refrescos  Kola Real, entras autom\u00e1ticamente a los conciertos y disfrutas de un evento  m\u00e1gico. <\/p>\n<p>&#13;<\/p>\n<p align=\"justify\" class=\"text1noticias\">\u00abEs  un esfuerzo que hacemos para llevar diversi\u00f3n sana a toda la familia, en  especial a los ni\u00f1os que son mi p\u00fablico y por quienes trabajo con dedicaci\u00f3n\u00bb,  expresa Alan Brito, protagonista de los referidos montajes y responsable de su  contenido. <\/p>\n<p>&#13;<\/p>\n<p align=\"justify\" class=\"text1noticias\">De  su lado el gerente de marca de Kola Real, Gino Mestanza Villacorta, expres\u00f3 que  como forma de retribuir el apoyo recibido, se hace este esfuerzo de sano  entretenimiento y diversi\u00f3n que une la familia en momentos ideales para  compartir. <\/p>\n<p>&#13;<\/p>\n<h6> 2008-12-17 16:22:24 <\/h6>\n<p><!--\n<link rel=\"stylesheet\" href=\"css\/bootstrap.min.css\">\n\n\n<ul class=\"pagination\">\n\t    \n\t\n\n<li >\n\t<a href='?page_no=20724'>Previous<\/a>\n\t<\/li>\n\n\n       \n    \n\n<li><a href='?page_no=1'>1<\/a><\/li>\n\n\n\n<li><a href='?page_no=2'>2<\/a><\/li>\n\n\n\n<li><a>...<\/a><\/li>\n\n\n\n<li><a href='?page_no=20723'>20723<\/a><\/li>\n\n\n\n<li><a href='?page_no=20724'>20724<\/a><\/li>\n\n\n\n<li class='active'><a>20725<\/a><\/li>\n\n\n\n<li><a href='?page_no=20726'>20726<\/a><\/li>\n\n\n\n<li><a href='?page_no=20727'>20727<\/a><\/li>\n\n\n\n<li><a>...<\/a><\/li>\n\n\n\n<li><a href='?page_no=22522'>22522<\/a><\/li>\n\n\n\n<li><a href='?page_no=22523'>22523<\/a><\/li>\n\n    \n\t\n\n<li >\n\t<a href='?page_no=20726'>Next<\/a>\n\t<\/li>\n\n\n    \n\n<li><a href='?page_no=22523'>Last &rsaquo;&rsaquo;<\/a><\/li>\n\n<\/ul>\n\n\n--><br \/>\n<\/body><\/p>\n","protected":false},"excerpt":{"rendered":"<p>Espect\u00e1culo de Alan Brito y el Parque Intr\u00e9pido, gratis en Megacentro y Carrefour &#13; \u00a0 &#13; Santo Domingo, Rep\u00fablica Dominicana.- La marca de refrescos Kola Real presenta este fin de semana a Alan Brito y su Parque Intr\u00e9pido, en el parqueo de \u00a0Megacentro en la Zona Oriental y Carrefour de la autopista Duarte. &#13; El [&hellip;]<\/p>\n","protected":false},"author":3,"featured_media":0,"comment_status":"open","ping_status":"open","sticky":false,"template":"","format":"standard","meta":{"footnotes":""},"categories":[25],"tags":[],"class_list":["post-92103","post","type-post","status-publish","format-standard","hentry","category-gente"],"_links":{"self":[{"href":"https:\/\/diariodominicano.com\/index.php?rest_route=\/wp\/v2\/posts\/92103","targetHints":{"allow":["GET"]}}],"collection":[{"href":"https:\/\/diariodominicano.com\/index.php?rest_route=\/wp\/v2\/posts"}],"about":[{"href":"https:\/\/diariodominicano.com\/index.php?rest_route=\/wp\/v2\/types\/post"}],"author":[{"embeddable":true,"href":"https:\/\/diariodominicano.com\/index.php?rest_route=\/wp\/v2\/users\/3"}],"replies":[{"embeddable":true,"href":"https:\/\/diariodominicano.com\/index.php?rest_route=%2Fwp%2Fv2%2Fcomments&post=92103"}],"version-history":[{"count":0,"href":"https:\/\/diariodominicano.com\/index.php?rest_route=\/wp\/v2\/posts\/92103\/revisions"}],"wp:attachment":[{"href":"https:\/\/diariodominicano.com\/index.php?rest_route=%2Fwp%2Fv2%2Fmedia&parent=92103"}],"wp:term":[{"taxonomy":"category","embeddable":true,"href":"https:\/\/diariodominicano.com\/index.php?rest_route=%2Fwp%2Fv2%2Fcategories&post=92103"},{"taxonomy":"post_tag","embeddable":true,"href":"https:\/\/diariodominicano.com\/index.php?rest_route=%2Fwp%2Fv2%2Ftags&post=92103"}],"curies":[{"name":"wp","href":"https:\/\/api.w.org\/{rel}","templated":true}]}}