{"id":92102,"date":"2008-12-22T14:51:16","date_gmt":"2008-12-22T14:51:16","guid":{"rendered":"http:\/\/diariodominicano.ddns.net\/?p=92102"},"modified":"2008-12-22T14:51:16","modified_gmt":"2008-12-22T14:51:16","slug":"espectaculo-infantil-de-kola-real-recibe-apoyo-masivo","status":"publish","type":"post","link":"https:\/\/diariodominicano.com\/?p=92102","title":{"rendered":"Espect\u00e1culo infantil de Kola Real, recibe apoyo masivo"},"content":{"rendered":"<p><body><\/p>\n<p class=\"titulogrande1\"><strong>Espect\u00e1culo infantil de Kola Real, recibe apoyo  masivo<\/strong> <\/p>\n<p>&#13;<\/p>\n<p align=\"center\">\u00a0 <\/p>\n<p>&#13;<\/p>\n<p align=\"justify\" class=\"text1noticias\"><strong><img loading=\"lazy\" decoding=\"async\" src=\"http:\/\/localhost:8080\/gente\/img\/alanbrito.jpg\" width=\"375\" height=\"238\" hspace=\"4\" align=\"left\" \/>Santo  Domingo, Rep\u00fablica Dominicana.-<\/strong> La marca de refrescos Kola Real present\u00f3 el espect\u00e1culo \u00abNavidad en  Grande\u00bb con Alan Brito y su Parque Intr\u00e9pido, en dos funciones masivas  durante el fin de semana. <\/p>\n<p>&#13;<\/p>\n<p align=\"justify\" class=\"text1noticias\">El  s\u00e1bado se present\u00f3 en Jumbo de la carretera Mella en la Zona Oriental y en el  parqueo de Carrefour de la autopista Duarte el domingo, ambas a las cuatro de  la tarde y a casa llena. <\/p>\n<p>&#13;<\/p>\n<p align=\"justify\" class=\"text1noticias\">La  jornada tuvo adem\u00e1s la participaci\u00f3n de la joven cantante Jatna, quien con sus  canciones infantiles de contenido social, logr\u00f3 conectar con los m\u00e1s de cuatrocientos  ni\u00f1os que en cada entrega se dieron cita a los show. <\/p>\n<p>&#13;<\/p>\n<p align=\"justify\" class=\"text1noticias\">De  su lado Brito, quien se ha convertido en la principal figura infantil del  momento como resultado de la pegada lograda por su programa \u00abEl Parque  Intr\u00e9pido\u00bb, transmitido por Antena Latina todos los s\u00e1bados de 10:00 a  12:00 del medio d\u00eda, mostr\u00f3 su gran poder de convocatoria llenando a capacidad  las carpas de sus presentaciones, a pesar de que ambas tardes estuvieron  lluviosas. <\/p>\n<p>&#13;<\/p>\n<p align=\"justify\" class=\"text1noticias\">Haciendo  uso de la efervescencia causada por el actual campeonato local de pelota, Brito  supo rejugar con la muchedumbre preguntando cu\u00e1l era el equipo preferido de los  presentes y luego de poner los \u00e1nimos bien arriba, enton\u00f3 una de sus  composiciones, \u00abLos Deli\u00bb, en referencia a los seguidores del equipo capitalino  Los Tigres del Liceo, recibiendo el coro de todos los ni\u00f1os presentes. <\/p>\n<p>&#13;<\/p>\n<p align=\"justify\" class=\"text1noticias\">M\u00fasica,  juegos, concursos y rifas, fueron las bases de las presentaciones, matizadas  por algunos invitados sorpresas que supieron acoplarse sin mayores  contratiempos a la propuesta llevadas a escena. <\/p>\n<p>&#13;<\/p>\n<p align=\"justify\" class=\"text1noticias\">Fue  notoria la presencia de ni\u00f1os de todas las edades que iban de infantes hasta  adolescentes, quienes no eran inmunes a las motivaciones y bailes hechos por el  personaje desde la tarima, siendo reverenciado como la figura infantil m\u00e1s querida  de la televisi\u00f3n. <\/p>\n<p>&#13;<\/p>\n<p align=\"justify\" class=\"text1noticias\">Uno  de los momentos emocionantes fue cuando Alan convoc\u00f3 a la muchedumbre para ver  si recordaban el cl\u00e1sico infantil del mejicano Pedrito Fern\u00e1ndez \u00abLa de la  Mochila Azul\u00bb, que para su sorpresa fue coreado de inmediato por los ni\u00f1os,  dejando boquiabierto al \u00abIntr\u00e9pido\u00bb, ya que no esperaba que una  canci\u00f3n de tantos a\u00f1os, fuera tan popular en la actual generaci\u00f3n. <\/p>\n<p>&#13;<\/p>\n<p align=\"justify\" class=\"text1noticias\">Y  lo que no pod\u00eda faltar en una fiesta infantil navide\u00f1a es Santa Claus y Los  Reyes Magos, quienes fueron recibidos con una estruendosa algarab\u00eda tras  aparecer en escena. <\/p>\n<p>&#13;<\/p>\n<p align=\"justify\" class=\"text1noticias\">\u00abMe  siento muy satisfecho con la acogida que han tenido los shows navide\u00f1os de Kola  Real y ser elegido su figura principal para llevarlos a cabo es  maravilloso\u00bb, comenta Alan Brito. <\/p>\n<p>&#13;<\/p>\n<p align=\"justify\" class=\"text1noticias\">Agrega,  \u00abme encanta compartir con los infantes y al verlos disfrutar un show que  hago con tanto amor me produce la mayor satisfacci\u00f3n como artista\u00bb. <\/p>\n<p>&#13;<\/p>\n<p align=\"justify\" class=\"text1noticias\">\u00abNavidad  en Grande de Kola Real\u00bb se present\u00f3 en el Boulevard de la 27 de Febrero a  principios de mes y el pasado fin de semana, en Jumbo de La Mella en Santo  Domingo Este y Carrefour de la autopista Duarte, recibiendo un respaldo masivo  de los ni\u00f1os residentes en dichas localidades. <\/p>\n<p>&#13;<\/p>\n<h6> 2008-12-22 14:51:16 <\/h6>\n<p><!--\n<link rel=\"stylesheet\" href=\"css\/bootstrap.min.css\">\n\n\n<ul class=\"pagination\">\n\t    \n\t\n\n<li >\n\t<a href='?page_no=20723'>Previous<\/a>\n\t<\/li>\n\n\n       \n    \n\n<li><a href='?page_no=1'>1<\/a><\/li>\n\n\n\n<li><a href='?page_no=2'>2<\/a><\/li>\n\n\n\n<li><a>...<\/a><\/li>\n\n\n\n<li><a href='?page_no=20722'>20722<\/a><\/li>\n\n\n\n<li><a href='?page_no=20723'>20723<\/a><\/li>\n\n\n\n<li class='active'><a>20724<\/a><\/li>\n\n\n\n<li><a href='?page_no=20725'>20725<\/a><\/li>\n\n\n\n<li><a href='?page_no=20726'>20726<\/a><\/li>\n\n\n\n<li><a>...<\/a><\/li>\n\n\n\n<li><a href='?page_no=22522'>22522<\/a><\/li>\n\n\n\n<li><a href='?page_no=22523'>22523<\/a><\/li>\n\n    \n\t\n\n<li >\n\t<a href='?page_no=20725'>Next<\/a>\n\t<\/li>\n\n\n    \n\n<li><a href='?page_no=22523'>Last &rsaquo;&rsaquo;<\/a><\/li>\n\n<\/ul>\n\n\n--><br \/>\n<\/body><\/p>\n","protected":false},"excerpt":{"rendered":"<p>Espect\u00e1culo infantil de Kola Real, recibe apoyo masivo &#13; \u00a0 &#13; Santo Domingo, Rep\u00fablica Dominicana.- La marca de refrescos Kola Real present\u00f3 el espect\u00e1culo \u00abNavidad en Grande\u00bb con Alan Brito y su Parque Intr\u00e9pido, en dos funciones masivas durante el fin de semana. &#13; El s\u00e1bado se present\u00f3 en Jumbo de la carretera Mella en [&hellip;]<\/p>\n","protected":false},"author":3,"featured_media":0,"comment_status":"open","ping_status":"open","sticky":false,"template":"","format":"standard","meta":{"footnotes":""},"categories":[25],"tags":[],"class_list":["post-92102","post","type-post","status-publish","format-standard","hentry","category-gente"],"_links":{"self":[{"href":"https:\/\/diariodominicano.com\/index.php?rest_route=\/wp\/v2\/posts\/92102","targetHints":{"allow":["GET"]}}],"collection":[{"href":"https:\/\/diariodominicano.com\/index.php?rest_route=\/wp\/v2\/posts"}],"about":[{"href":"https:\/\/diariodominicano.com\/index.php?rest_route=\/wp\/v2\/types\/post"}],"author":[{"embeddable":true,"href":"https:\/\/diariodominicano.com\/index.php?rest_route=\/wp\/v2\/users\/3"}],"replies":[{"embeddable":true,"href":"https:\/\/diariodominicano.com\/index.php?rest_route=%2Fwp%2Fv2%2Fcomments&post=92102"}],"version-history":[{"count":0,"href":"https:\/\/diariodominicano.com\/index.php?rest_route=\/wp\/v2\/posts\/92102\/revisions"}],"wp:attachment":[{"href":"https:\/\/diariodominicano.com\/index.php?rest_route=%2Fwp%2Fv2%2Fmedia&parent=92102"}],"wp:term":[{"taxonomy":"category","embeddable":true,"href":"https:\/\/diariodominicano.com\/index.php?rest_route=%2Fwp%2Fv2%2Fcategories&post=92102"},{"taxonomy":"post_tag","embeddable":true,"href":"https:\/\/diariodominicano.com\/index.php?rest_route=%2Fwp%2Fv2%2Ftags&post=92102"}],"curies":[{"name":"wp","href":"https:\/\/api.w.org\/{rel}","templated":true}]}}