{"id":92101,"date":"2008-12-22T15:00:09","date_gmt":"2008-12-22T15:00:09","guid":{"rendered":"http:\/\/diariodominicano.ddns.net\/?p=92101"},"modified":"2008-12-22T15:00:09","modified_gmt":"2008-12-22T15:00:09","slug":"jhonny-y-el-grupo-evidenc-debuta-con-buen-pie","status":"publish","type":"post","link":"https:\/\/diariodominicano.com\/?p=92101","title":{"rendered":"Jhonny y el grupo Evidenc debuta con buen pie"},"content":{"rendered":"<p><body><\/p>\n<p class=\"titulogrande1\"><strong>Jhonny y el grupo Evidenc debuta con buen pie<\/strong> <\/p>\n<p>&#13;<\/p>\n<p align=\"justify\" class=\"text1noticias\"><img loading=\"lazy\" decoding=\"async\" src=\"http:\/\/localhost:8080\/gente\/img\/jonis.jpg\" width=\"375\" height=\"525\" hspace=\"4\" align=\"left\" \/>SANTODOMINGO.- La nueva agrupaci\u00f3n de bachata Jhonny y el grupo  Evidenc, logr\u00f3 buena impresi\u00f3n durante su presentaci\u00f3n como contraparte de  Daddy Yankee en el Gran Arena del Cibao de Santiago. <\/p>\n<p>&#13;<\/p>\n<p align=\"justify\" class=\"text1noticias\">El grupo debut\u00f3 el 12 de este mes en el Gran Teatro Regional de  Santiago, junto a Raymond y Miguel y de inmediato el p\u00fablico lo acogi\u00f3,  cantando sus canciones y aplaudiendo su actuaci\u00f3n. <\/p>\n<p>&#13;<\/p>\n<p align=\"justify\" class=\"text1noticias\">El pasado s\u00e1bado cantaron junto a Daddy Yankee y el respaldo que  recibi\u00f3 de los espectadores sorprendi\u00f3 hasta a sus manejadores, seg\u00fan un  comunicado de prensa. <\/p>\n<p>&#13;<\/p>\n<p align=\"justify\" class=\"text1noticias\">Jhonny, int\u00e9rprete de Evidenc, se dio a conocer con la bachata  \u201cSoy un pobre diablo\u201d, de Teodoro Reyes, la cual muchos creyeron se trataba del  grupo Aventura. <\/p>\n<p>&#13;<\/p>\n<p align=\"justify\" class=\"text1noticias\"> Adem\u00e1s promocion\u00f3 las canciones \u201cAdi\u00f3s hermano\u201d y \u201cCobarde\u201d, en  un homenaje a la cantante Selena. <\/p>\n<p>&#13;<\/p>\n<p align=\"justify\" class=\"text1noticias\">\u201cEstamos muy contentos con el respaldo que hemos recibido de la  gente en tan poco tiempo. Las canciones que hemos promocionado le han llegado a  la gente y estamos trabajando para continuar fortaleciendo esta agrupaci\u00f3n\u201d,  dijo Jhonny, int\u00e9rprete del grupo. <\/p>\n<p>&#13;<\/p>\n<p align=\"justify\" class=\"text1noticias\">Jhonny y el grupo Evidenc es representado en New York por M\u00fasica  Latina del empresario Roberto Alamonte. <\/p>\n<p>&#13;<\/p>\n<h6> 2008-12-22 15:00:09 <\/h6>\n<p><!--\n<link rel=\"stylesheet\" href=\"css\/bootstrap.min.css\">\n\n\n<ul class=\"pagination\">\n\t    \n\t\n\n<li >\n\t<a href='?page_no=20722'>Previous<\/a>\n\t<\/li>\n\n\n       \n    \n\n<li><a href='?page_no=1'>1<\/a><\/li>\n\n\n\n<li><a href='?page_no=2'>2<\/a><\/li>\n\n\n\n<li><a>...<\/a><\/li>\n\n\n\n<li><a href='?page_no=20721'>20721<\/a><\/li>\n\n\n\n<li><a href='?page_no=20722'>20722<\/a><\/li>\n\n\n\n<li class='active'><a>20723<\/a><\/li>\n\n\n\n<li><a href='?page_no=20724'>20724<\/a><\/li>\n\n\n\n<li><a href='?page_no=20725'>20725<\/a><\/li>\n\n\n\n<li><a>...<\/a><\/li>\n\n\n\n<li><a href='?page_no=22522'>22522<\/a><\/li>\n\n\n\n<li><a href='?page_no=22523'>22523<\/a><\/li>\n\n    \n\t\n\n<li >\n\t<a href='?page_no=20724'>Next<\/a>\n\t<\/li>\n\n\n    \n\n<li><a href='?page_no=22523'>Last &rsaquo;&rsaquo;<\/a><\/li>\n\n<\/ul>\n\n\n--><br \/>\n<\/body><\/p>\n","protected":false},"excerpt":{"rendered":"<p>Jhonny y el grupo Evidenc debuta con buen pie &#13; SANTODOMINGO.- La nueva agrupaci\u00f3n de bachata Jhonny y el grupo Evidenc, logr\u00f3 buena impresi\u00f3n durante su presentaci\u00f3n como contraparte de Daddy Yankee en el Gran Arena del Cibao de Santiago. &#13; El grupo debut\u00f3 el 12 de este mes en el Gran Teatro Regional de [&hellip;]<\/p>\n","protected":false},"author":3,"featured_media":0,"comment_status":"open","ping_status":"open","sticky":false,"template":"","format":"standard","meta":{"footnotes":""},"categories":[25],"tags":[],"class_list":["post-92101","post","type-post","status-publish","format-standard","hentry","category-gente"],"_links":{"self":[{"href":"https:\/\/diariodominicano.com\/index.php?rest_route=\/wp\/v2\/posts\/92101","targetHints":{"allow":["GET"]}}],"collection":[{"href":"https:\/\/diariodominicano.com\/index.php?rest_route=\/wp\/v2\/posts"}],"about":[{"href":"https:\/\/diariodominicano.com\/index.php?rest_route=\/wp\/v2\/types\/post"}],"author":[{"embeddable":true,"href":"https:\/\/diariodominicano.com\/index.php?rest_route=\/wp\/v2\/users\/3"}],"replies":[{"embeddable":true,"href":"https:\/\/diariodominicano.com\/index.php?rest_route=%2Fwp%2Fv2%2Fcomments&post=92101"}],"version-history":[{"count":0,"href":"https:\/\/diariodominicano.com\/index.php?rest_route=\/wp\/v2\/posts\/92101\/revisions"}],"wp:attachment":[{"href":"https:\/\/diariodominicano.com\/index.php?rest_route=%2Fwp%2Fv2%2Fmedia&parent=92101"}],"wp:term":[{"taxonomy":"category","embeddable":true,"href":"https:\/\/diariodominicano.com\/index.php?rest_route=%2Fwp%2Fv2%2Fcategories&post=92101"},{"taxonomy":"post_tag","embeddable":true,"href":"https:\/\/diariodominicano.com\/index.php?rest_route=%2Fwp%2Fv2%2Ftags&post=92101"}],"curies":[{"name":"wp","href":"https:\/\/api.w.org\/{rel}","templated":true}]}}