{"id":92097,"date":"2008-12-23T22:32:29","date_gmt":"2008-12-23T22:32:29","guid":{"rendered":"http:\/\/diariodominicano.ddns.net\/?p=92097"},"modified":"2008-12-23T22:32:29","modified_gmt":"2008-12-23T22:32:29","slug":"la-quinta-estacion-comienza-con-un-nuevo-material-el-2009","status":"publish","type":"post","link":"https:\/\/diariodominicano.com\/?p=92097","title":{"rendered":"La Quinta Estaci\u00f3n, comienza con un nuevo material el 2009"},"content":{"rendered":"<p><body><\/p>\n<p class=\"titulogrande1\">La    Quinta   Estaci\u00f3n, comienza con un nuevo material el 2009<\/p>\n<p>&#13;<\/p>\n<p>\u00a0<\/p>\n<p>&#13;<\/p>\n<p align=\"justify\" class=\"text1noticias\">Miami, FL.- Tras una muy  exitosa gira en Espa\u00f1a por m\u00e1s de 30 ciudades con la que concluyeron el trabajo  y promoci\u00f3n de su disco \u201cEl Mundo se Equivoca\u201d, editado a finales de 2006, La Quinta Estaci\u00f3n  comienza el 2009 con un nuevo y muy esperado material.<br \/>&#13;<br \/>\n  \u00a0<br \/>&#13;<br \/>\n  \u00a0\u201cQue te quer\u00eda\u201d, composici\u00f3n de \u00c1ngel Reyero y  Armando \u00c1vila, es el t\u00edtulo del primer sencillo de su nueva producci\u00f3n que se  titular\u00e1 \u201cSin Frenos\u201d y que saldr\u00e1 a la venta el 3 de marzo marcando as\u00ed el  regreso de uno de los grupos de pop-rock m\u00e1s importantes de la escena musical  en Latinoam\u00e9rica, Estados Unidos, Puerto Rico y Espa\u00f1a.<br \/>&#13;<br \/>\n  \u00a0<br \/>&#13;<br \/>\n  \u00a0\u201cQue te quer\u00eda\u201d se estrenar\u00e1 en la radio el 5  de enero a nivel internacional. Se trata de un tema muy potente que mantiene el  muy caracter\u00edstico sello y sonido de La Quinta Estaci\u00f3n, y  que sin duda refrendar\u00e1 entre sus fans y el p\u00fablico en general el enorme  talento y calidad musical del grupo de origen espa\u00f1ol conformado por Natalia  Jim\u00e9nez y \u00c1ngel Reyero.<br \/>&#13;<br \/>\n  \u00a0<br \/>&#13;<br \/>\n  \u00a0El \u00e1lbum \u201cSin Frenos\u201d est\u00e1 lleno de sonidos,  grandes temas r\u00edtmicos y melodiosos, intensas baladas as\u00ed como de sorprendentes  fusiones instrumentales que ser\u00e1n una delicia para sus seguidores.<br \/>&#13;<br \/>\n  \u00a0<br \/>&#13;<br \/>\n  \u00a0A partir de hoy se escucha un avance del  sencillo en su p\u00e1gina oficial de Youtube contando ya con excelentes comentarios  por parte de los fans.<\/p>\n<p>&#13;<\/p>\n<h6> 2008-12-23 22:32:29 <\/h6>\n<p><!--\n<link rel=\"stylesheet\" href=\"css\/bootstrap.min.css\">\n\n\n<ul class=\"pagination\">\n\t    \n\t\n\n<li >\n\t<a href='?page_no=20718'>Previous<\/a>\n\t<\/li>\n\n\n       \n    \n\n<li><a href='?page_no=1'>1<\/a><\/li>\n\n\n\n<li><a href='?page_no=2'>2<\/a><\/li>\n\n\n\n<li><a>...<\/a><\/li>\n\n\n\n<li><a href='?page_no=20717'>20717<\/a><\/li>\n\n\n\n<li><a href='?page_no=20718'>20718<\/a><\/li>\n\n\n\n<li class='active'><a>20719<\/a><\/li>\n\n\n\n<li><a href='?page_no=20720'>20720<\/a><\/li>\n\n\n\n<li><a href='?page_no=20721'>20721<\/a><\/li>\n\n\n\n<li><a>...<\/a><\/li>\n\n\n\n<li><a href='?page_no=22522'>22522<\/a><\/li>\n\n\n\n<li><a href='?page_no=22523'>22523<\/a><\/li>\n\n    \n\t\n\n<li >\n\t<a href='?page_no=20720'>Next<\/a>\n\t<\/li>\n\n\n    \n\n<li><a href='?page_no=22523'>Last &rsaquo;&rsaquo;<\/a><\/li>\n\n<\/ul>\n\n\n--><br \/>\n<\/body><\/p>\n","protected":false},"excerpt":{"rendered":"<p>La Quinta Estaci\u00f3n, comienza con un nuevo material el 2009 &#13; \u00a0 &#13; Miami, FL.- Tras una muy exitosa gira en Espa\u00f1a por m\u00e1s de 30 ciudades con la que concluyeron el trabajo y promoci\u00f3n de su disco \u201cEl Mundo se Equivoca\u201d, editado a finales de 2006, La Quinta Estaci\u00f3n comienza el 2009 con un [&hellip;]<\/p>\n","protected":false},"author":3,"featured_media":0,"comment_status":"open","ping_status":"open","sticky":false,"template":"","format":"standard","meta":{"footnotes":""},"categories":[25],"tags":[],"class_list":["post-92097","post","type-post","status-publish","format-standard","hentry","category-gente"],"_links":{"self":[{"href":"https:\/\/diariodominicano.com\/index.php?rest_route=\/wp\/v2\/posts\/92097","targetHints":{"allow":["GET"]}}],"collection":[{"href":"https:\/\/diariodominicano.com\/index.php?rest_route=\/wp\/v2\/posts"}],"about":[{"href":"https:\/\/diariodominicano.com\/index.php?rest_route=\/wp\/v2\/types\/post"}],"author":[{"embeddable":true,"href":"https:\/\/diariodominicano.com\/index.php?rest_route=\/wp\/v2\/users\/3"}],"replies":[{"embeddable":true,"href":"https:\/\/diariodominicano.com\/index.php?rest_route=%2Fwp%2Fv2%2Fcomments&post=92097"}],"version-history":[{"count":0,"href":"https:\/\/diariodominicano.com\/index.php?rest_route=\/wp\/v2\/posts\/92097\/revisions"}],"wp:attachment":[{"href":"https:\/\/diariodominicano.com\/index.php?rest_route=%2Fwp%2Fv2%2Fmedia&parent=92097"}],"wp:term":[{"taxonomy":"category","embeddable":true,"href":"https:\/\/diariodominicano.com\/index.php?rest_route=%2Fwp%2Fv2%2Fcategories&post=92097"},{"taxonomy":"post_tag","embeddable":true,"href":"https:\/\/diariodominicano.com\/index.php?rest_route=%2Fwp%2Fv2%2Ftags&post=92097"}],"curies":[{"name":"wp","href":"https:\/\/api.w.org\/{rel}","templated":true}]}}