{"id":92095,"date":"2008-12-23T22:47:07","date_gmt":"2008-12-23T22:47:07","guid":{"rendered":"http:\/\/diariodominicano.ddns.net\/?p=92095"},"modified":"2008-12-23T22:47:07","modified_gmt":"2008-12-23T22:47:07","slug":"primera-dama-entrega-juguetes-a-ninos-de-las-calles","status":"publish","type":"post","link":"https:\/\/diariodominicano.com\/?p=92095","title":{"rendered":"Primera Dama entrega juguetes a ni\u00f1os de las calles"},"content":{"rendered":"<p><body><\/p>\n<p align=\"justify\"><span class=\"titulogrande1\">Primera  Dama entrega juguetes a ni\u00f1os de las calles\u00a0 <\/span><br \/>&#13;<br \/>\n  <br \/>&#13;<br \/>\n    <span class=\"text1noticias\">Env\u00eda  un mensaje de navidad a todo el pueblo <br \/>&#13;<br \/>\n  \u00a0&#13;<br \/>\n  <!--  D([\"mb\",\"u003c\/fontu003eu003c\/pu003ennu003cp styleu003d\"text-align:justify\"u003eu003cbu003eu003cfont sizeu003d\"5\" faceu003d\"Times New Roman\"u003eu003cspan langu003d\"ES\" styleu003d\"font-size:18.0pt;font-weight:bold\"u003eAlnencabezar el acto de entrega de juguetes a ni&ntilde;os de la calle, exhort&oacute; a lanpoblaci&oacute;n a recibir el pr&oacute;ximo a&ntilde;o con optimismo y llam&oacute; a los que m&aacute;s tienen anser m&aacute;s solidario con los d&eacute;biles y los que menos tienen.&nbsp;&nbsp; u003c\/spanu003eu003c\/fontu003eu003c\/bu003eu003c\/pu003ennu003cp styleu003d\"text-align:justify\"u003eu003cfont sizeu003d\"5\" faceu003d\"Times New Roman\"u003eu003cspan langu003d\"ES\" styleu003d\"font-size:18.0pt\"u003e&nbsp;u003c\/spanu003eu003c\/fontu003eu003c\/pu003ennu003cp styleu003d\"text-align:justify\"u003eu003cfont sizeu003d\"5\" faceu003d\"Times New Roman\"u003eu003cspan langu003d\"ES\" styleu003d\"font-size:18.0pt\"u003eLa Primera Damanentiende que los ciudadanos no se pueden quedar &uacute;nicamente como testigos de lancrisis, sino que se conviertan en actos y gestores de este cambio que se est&aacute;nproduciendo porque &ldquo;crisis es cambio que se est&aacute; produciendo&rdquo;.u003c\/spanu003eu003c\/fontu003eu003c\/pu003ennu003cp styleu003d\"text-align:justify\"u003eu003cfont sizeu003d\"5\" faceu003d\"Times New Roman\"u003eu003cspan langu003d\"ES\" styleu003d\"font-size:18.0pt\"u003eTiene lanesperanza de que surja un nuevo modelo de equidad y sensibilidad y que la metande los dominicanos es que los cambios sean positivos para los m&aacute;s pobres u003c\/spanu003eu003c\/fontu003eu003c\/pu003ennu003cp styleu003d\"text-align:justify\"u003eu003cfont sizeu003d\"5\" faceu003d\"Times New Roman\"u003eu003cspan langu003d\"ES\" styleu003d\"font-size:18.0pt\"u003e&nbsp;&nbsp;&nbsp;&nbsp;nu003c\/spanu003eu003c\/fontu003eu003c\/pu003ennu003cp styleu003d\"text-align:justify\"u003eu003cfont sizeu003d\"5\" faceu003d\"Times New Roman\"u003eu003cspan langu003d\"ES\" styleu003d\"font-size:18.0pt\"u003e&ldquo;El a&ntilde;on2009 debe ser un a&ntilde;o de bienestar de progreso, de prosperidad y armon&iacute;a, peronpara eso debemos contar con la uni&oacute;n y solidaridad, todos y todas juntasnpodemos hacer la diferencia&rdquo;, a&ntilde;adi&oacute;.u003c\/spanu003eu003c\/fontu003eu003c\/pu003ennu003cp styleu003d\"text-align:justify\"u003eu003cfont sizeu003d\"5\" faceu003d\"Times New Roman\"u003eu003cspan langu003d\"ES\" styleu003d\"font-size:18.0pt\"u003e&nbsp;Est&aacute;nconvencida que con la uni&oacute;n de la familia dominicana y la solidaridad de todosn&ldquo;tendremos un mejor pa&iacute;s&rdquo;.u003c\/spanu003eu003c\/fontu003eu003c\/pu003ennu003cp styleu003d\"text-align:justify\"u003eu003cfont sizeu003d\"5\" faceu003d\"Times New Roman\"u003eu003cspan langu003d\"ES\" styleu003d\"font-size:18.0pt\"u003eLa primera damanhabl&oacute; con la prensa en el acto en el club del Banco de Reservas en la entregande juguetes a ni&ntilde;os de la calle pertenecientes al proyecto &ldquo;Amigos de lanPrimera Dama&rdquo;. En el encuentro-almuerzo particip&oacute; el Coordinador de lanPastoral Juvenil, sacerdote Luis Rosario, quien le correspondi&oacute; la bendici&oacute;n denlos alimentos.&nbsp; Los ni&ntilde;os y sus padres recibieron bicicletas, licuadoras,nestufas, planchas y otrosnregalos.&nbsp;&nbsp;&nbsp;&nbsp;&nbsp;&nbsp;&nbsp;&nbsp;&nbsp;&nbsp;&nbsp;&nbsp;&nbsp;&nbsp;&nbsp;&nbsp;&nbsp;&nbsp;&nbsp;&nbsp;&nbsp;&nbsp;\",1]  );    \/\/-->&#13;<br \/>\n  <br \/>&#13;<br \/>\nSanto Domingo.-Al encabezar el acto de entrega de juguetes a ni\u00f1os de la  calle, exhort\u00f3 a la poblaci\u00f3n a recibir el pr\u00f3ximo a\u00f1o con optimismo y llam\u00f3 a los  que m\u00e1s tienen a ser m\u00e1s solidario con los d\u00e9biles y los que menos  tienen.\u00a0\u00a0 <\/span><\/p>\n<p>&#13;<\/p>\n<p align=\"justify\" class=\"text1noticias\">La Primera Dama entiende que los ciudadanos no se pueden quedar  \u00fanicamente como testigos de la crisis, sino que se conviertan en actos y  gestores de este cambio que se est\u00e1 produciendo porque \u201ccrisis es cambio que se  est\u00e1 produciendo\u201d. <br \/>&#13;<br \/>\n  <br \/>&#13;<br \/>\n  Tiene la esperanza  de que surja un nuevo modelo de equidad y sensibilidad y que la meta de los  dominicanos es que los cambios sean positivos para los m\u00e1s pobres <br \/>&#13;<br \/>\n\u00a0\u00a0\u00a0\u00a0 <br \/>&#13;<br \/>\n\u201cEl a\u00f1o 2009 debe  ser un a\u00f1o de bienestar de progreso, de prosperidad y armon\u00eda, pero para eso  debemos contar con la uni\u00f3n y solidaridad, todos y todas juntas podemos hacer  la diferencia\u201d, a\u00f1adi\u00f3. <br \/>&#13;<br \/>\n<br \/>&#13;<br \/>\n\u00a0Est\u00e1  convencida que con la uni\u00f3n de la familia dominicana y la solidaridad de todos  \u201ctendremos un mejor pa\u00eds\u201d. <br \/>&#13;<br \/>\n<br \/>&#13;<br \/>\nLa primera dama  habl\u00f3 con la prensa en el acto en el club del Banco de Reservas en la entrega  de juguetes a ni\u00f1os de la calle pertenecientes al proyecto \u201cAmigos de la Primera Dama\u201d. En el  encuentro-almuerzo particip\u00f3 el Coordinador de la Pastoral Juvenil,  sacerdote Luis Rosario, quien le correspondi\u00f3 la bendici\u00f3n de los  alimentos.\u00a0 Los ni\u00f1os y sus padres recibieron bicicletas, licuadoras,  estufas, planchas y otros  regalos.\u00a0\u00a0\u00a0\u00a0\u00a0<br \/>&#13;<br \/>\n\u00a0\u00a0\u00a0\u00a0\u00a0\u00a0\u00a0\u00a0\u00a0\u00a0\u00a0\u00a0\u00a0\u00a0\u00a0\u00a0\u00a0&#13;<br \/>\n  <!--  D([\"mb\",\"u003cWBRu003e&nbsp;&nbsp;nu003c\/spanu003eu003c\/fontu003eu003c\/pu003ennu003cp styleu003d\"text-align:justify\"u003eu003cfont sizeu003d\"5\" faceu003d\"Times New Roman\"u003eu003cspan langu003d\"ES\" styleu003d\"font-size:18.0pt\"u003eLa Primera Damanexplic&oacute; que en el programa participan m&aacute;s de 300 ni&ntilde;os y hace varios meses senrecogieron en las calles y se ha iniciado un proceso de integraci&oacute;n a lanfamilia, alfabetizaci&oacute;n y socializaci&oacute;n con los dem&aacute;s infantes.&nbsp; u003c\/spanu003eu003c\/fontu003eu003c\/pu003ennu003cp styleu003d\"text-align:justify\"u003eu003cfont sizeu003d\"5\" faceu003d\"Times New Roman\"u003eu003cspan langu003d\"ES\" styleu003d\"font-size:18.0pt\"u003e&ldquo;Ya estosnni&ntilde;os se ven diferente, se nota la diferencia, no queremos decir que no sonnni&ntilde;os de la calle, a veces yo creo que hay intereses que se oponen a que losnni&ntilde;os salgan de las calles&rdquo;, dijo la Primera Dama. u003c\/spanu003eu003c\/fontu003eu003c\/pu003ennu003cp styleu003d\"text-align:justify\"u003eu003cfont sizeu003d\"5\" faceu003d\"Times New Roman\"u003eu003cspan langu003d\"ES\" styleu003d\"font-size:18.0pt\"u003eEntiende que eln&eacute;xito de la recuperaci&oacute;n de los ni&ntilde;os de la calle ha sido que se ha involucradona su padres, madres y tutores en los programas que realiza el Despacho de lanPrimera Dama. Indic&oacute; que uno de los problemas que enfrentan es que ni actas dennacimiento, pero que ese documento se le ha ido entregando. u003c\/spanu003eu003c\/fontu003eu003c\/pu003ennu003cp styleu003d\"text-align:justify\"u003eu003cfont sizeu003d\"5\" faceu003d\"Times New Roman\"u003eu003cspan langu003d\"ES\" styleu003d\"font-size:18.0pt\"u003e&nbsp;u003c\/spanu003eu003c\/fontu003eu003c\/pu003ennu003cp styleu003d\"text-align:justify\"u003eu003cfont sizeu003d\"5\" faceu003d\"Times New Roman\"u003eu003cspan langu003d\"ES\" styleu003d\"font-size:18.0pt\"u003e[Roberto Valenzuela]u003c\/spanu003eu003c\/fontu003eu003c\/pu003ennu003cpu003eu003cfont sizeu003d\"2\" faceu003d\"Arial\"u003eu003cspan langu003d\"ES\" styleu003d\"font-size:10.0pt;font-family:Arial\"u003e&nbsp;u003c\/spanu003eu003c\/fontu003eu003c\/pu003ennu003c\/divu003ennu003c\/divu003ennn\",0]  );    \/\/-->&#13;<br \/>\n\u00a0\u00a0 <br \/>&#13;<br \/>\nLa Primera Dama explic\u00f3 que en el programa participan m\u00e1s de 300  ni\u00f1os y hace varios meses se recogieron en las calles y se ha iniciado un  proceso de integraci\u00f3n a la familia, alfabetizaci\u00f3n y socializaci\u00f3n con los  dem\u00e1s infantes.\u00a0 <br \/>&#13;<br \/>\n<br \/>&#13;<br \/>\n\u201cYa estos ni\u00f1os se  ven diferente, se nota la diferencia, no queremos decir que no son ni\u00f1os de la  calle, a veces yo creo que hay intereses que se oponen a que los ni\u00f1os salgan  de las calles\u201d, dijo la   Primera Dama. <br \/>&#13;<br \/>\n<br \/>&#13;<br \/>\nEntiende que el  \u00e9xito de la recuperaci\u00f3n de los ni\u00f1os de la calle ha sido que se ha involucrado  a su padres, madres y tutores en los programas que realiza el Despacho de la Primera Dama. Indic\u00f3  que uno de los problemas que enfrentan es que ni actas de nacimiento, pero que  ese documento se le ha ido entregando. <\/p>\n<p>&#13;<\/p>\n<h6> 2008-12-23 22:47:07 <\/h6>\n<p><!--\n<link rel=\"stylesheet\" href=\"css\/bootstrap.min.css\">\n\n\n<ul class=\"pagination\">\n\t    \n\t\n\n<li >\n\t<a href='?page_no=20716'>Previous<\/a>\n\t<\/li>\n\n\n       \n    \n\n<li><a href='?page_no=1'>1<\/a><\/li>\n\n\n\n<li><a href='?page_no=2'>2<\/a><\/li>\n\n\n\n<li><a>...<\/a><\/li>\n\n\n\n<li><a href='?page_no=20715'>20715<\/a><\/li>\n\n\n\n<li><a href='?page_no=20716'>20716<\/a><\/li>\n\n\n\n<li class='active'><a>20717<\/a><\/li>\n\n\n\n<li><a href='?page_no=20718'>20718<\/a><\/li>\n\n\n\n<li><a href='?page_no=20719'>20719<\/a><\/li>\n\n\n\n<li><a>...<\/a><\/li>\n\n\n\n<li><a href='?page_no=22522'>22522<\/a><\/li>\n\n\n\n<li><a href='?page_no=22523'>22523<\/a><\/li>\n\n    \n\t\n\n<li >\n\t<a href='?page_no=20718'>Next<\/a>\n\t<\/li>\n\n\n    \n\n<li><a href='?page_no=22523'>Last &rsaquo;&rsaquo;<\/a><\/li>\n\n<\/ul>\n\n\n--><br \/>\n<\/body><\/p>\n","protected":false},"excerpt":{"rendered":"<p>Primera Dama entrega juguetes a ni\u00f1os de las calles\u00a0 &#13; &#13; Env\u00eda un mensaje de navidad a todo el pueblo &#13; \u00a0&#13; &#13; &#13; Santo Domingo.-Al encabezar el acto de entrega de juguetes a ni\u00f1os de la calle, exhort\u00f3 a la poblaci\u00f3n a recibir el pr\u00f3ximo a\u00f1o con optimismo y llam\u00f3 a los que m\u00e1s [&hellip;]<\/p>\n","protected":false},"author":3,"featured_media":0,"comment_status":"open","ping_status":"open","sticky":false,"template":"","format":"standard","meta":{"footnotes":""},"categories":[25],"tags":[],"class_list":["post-92095","post","type-post","status-publish","format-standard","hentry","category-gente"],"_links":{"self":[{"href":"https:\/\/diariodominicano.com\/index.php?rest_route=\/wp\/v2\/posts\/92095","targetHints":{"allow":["GET"]}}],"collection":[{"href":"https:\/\/diariodominicano.com\/index.php?rest_route=\/wp\/v2\/posts"}],"about":[{"href":"https:\/\/diariodominicano.com\/index.php?rest_route=\/wp\/v2\/types\/post"}],"author":[{"embeddable":true,"href":"https:\/\/diariodominicano.com\/index.php?rest_route=\/wp\/v2\/users\/3"}],"replies":[{"embeddable":true,"href":"https:\/\/diariodominicano.com\/index.php?rest_route=%2Fwp%2Fv2%2Fcomments&post=92095"}],"version-history":[{"count":0,"href":"https:\/\/diariodominicano.com\/index.php?rest_route=\/wp\/v2\/posts\/92095\/revisions"}],"wp:attachment":[{"href":"https:\/\/diariodominicano.com\/index.php?rest_route=%2Fwp%2Fv2%2Fmedia&parent=92095"}],"wp:term":[{"taxonomy":"category","embeddable":true,"href":"https:\/\/diariodominicano.com\/index.php?rest_route=%2Fwp%2Fv2%2Fcategories&post=92095"},{"taxonomy":"post_tag","embeddable":true,"href":"https:\/\/diariodominicano.com\/index.php?rest_route=%2Fwp%2Fv2%2Ftags&post=92095"}],"curies":[{"name":"wp","href":"https:\/\/api.w.org\/{rel}","templated":true}]}}