{"id":92092,"date":"2008-12-27T17:04:55","date_gmt":"2008-12-27T17:04:55","guid":{"rendered":"http:\/\/diariodominicano.ddns.net\/?p=92092"},"modified":"2008-12-27T17:04:55","modified_gmt":"2008-12-27T17:04:55","slug":"jardin-infantil-tia-teresa-realiza-cena-navidena-para-ninos-y-ninas-del-sector-camboya-de-barahona","status":"publish","type":"post","link":"https:\/\/diariodominicano.com\/?p=92092","title":{"rendered":"Jard\u00edn Infantil T\u00eda Teresa realiza cena navide\u00f1a para ni\u00f1os y ni\u00f1as del sector Camboya de Barahona."},"content":{"rendered":"<p><body><\/p>\n<p align=\"justify\"><strong class=\"titulogrande1\">Jard\u00edn  Infantil T\u00eda Teresa realiza cena navide\u00f1a para ni\u00f1os y ni\u00f1as del sector Camboya  de Barahona.<\/strong><br \/>&#13;<br \/>\n  <br \/>&#13;<br \/>\n    <strong>Por:  Jorge Abreu y Olmedo Pineda,<\/strong><br \/>&#13;<br \/>\n    <br \/>&#13;<br \/>\n    <span class=\"text1noticias\"><strong><img loading=\"lazy\" decoding=\"async\" src=\"http:\/\/localhost:8080\/gente\/img\/garden.jpg\" width=\"375\" height=\"288\" hspace=\"4\" align=\"left\" \/>Barahona.<\/strong>&#8211; La Licenciada Teresa Pineda Feliz, directora del  \u00abJard\u00edn Infantil T\u00eda Teresa\u00bb, realiz\u00f3 una Cena-Encuentro donde  asistieron m\u00e1s de 170 ni\u00f1os y ni\u00f1as de entre tres a nueve a\u00f1os de edad, quienes  disfrutaron de un evento con payasos, platos suculentos, adem\u00e1s de recibir  juguetes y golosinas. Dicha actividad de realiz\u00f3 en la Escuela Parroquial Don  Bosco del sector Camboya de esta ciudad.<br \/>&#13;<br \/>\n    <br \/>&#13;<br \/>\n    La  Directora Teresa Pineda expres\u00f3 que para el Jard\u00edn Infantil T\u00eda Teresa es  de\u00a0 gran satisfacci\u00f3n realizar\u00a0 este\u00a0 tipo de\u00a0 encuentros a  favor de los ni\u00f1os y ni\u00f1as de los sectores Barahoneros.\u00a0 <br \/>&#13;<br \/>\n    <br \/>&#13;<br \/>\n    El  evento fue realizado en el Sector de Camboya con los ni\u00f1os y ni\u00f1as fue  coordinado, realizado y promovido por la Lic. Teresa Pineda, directora y  propietaria del Colegio Inicial \u00abJard\u00edn Infantil T\u00eda Teresa, quien viene  realizando una serie de eventos de car\u00e1cter social, con una base cristiana y  que se apega al fortalecimiento de los valores que deben estar presentes en la  familia, y la misma viene siendo apoyada por personas que intervienen en el  soporte econ\u00f3mico de la regi\u00f3n y del pa\u00eds.<br \/>&#13;<br \/>\n    <br \/>&#13;<br \/>\n    Para  la Licenciada Pineda los ni\u00f1os y ni\u00f1as tienen un significado muy especial, pues  para ella representan el futuro de la patria, a quienes han de forjarse y  apoyarle para que se desarrollen con aptitud. <br \/>&#13;<br \/>\n    <br \/>&#13;<br \/>\n\u00abHe  trabajo en el Sector por m\u00e1s de veinte a\u00f1os en la Escuela Primaria Cristo Rey,  por cuyas manos pasaron un cantidad inmensa de ni\u00f1os y ni\u00f1as, brind\u00e1ndole el  pan de la ense\u00f1anza y a\u00fan contin\u00faa con el mismo amor y entusiasmo en el Colegio  T\u00eda Teresa\u00bb, puntualiz\u00f3 la Licenciada Teresa Pineda.<br \/>&#13;<br \/>\n<br \/>&#13;<br \/>\nEsta  actividad cont\u00f3 con la colaboraci\u00f3n de la Diputada Licenciada Rudy M\u00e9ndez  (\u00d1i\u00f1\u00edn), la Subdirectora de Migraci\u00f3n Licenciada Noris Medina, del Subdirector  General de Pasaportes Licenciado Dar\u00edo Vel\u00e1squez, Licenciado Rafael M\u00e9ndez, de  los padres y madres del Colegio T\u00eda Teresa, Tienda Jacobo, el Licenciado Carlos  Garc\u00eda y la Gobernaci\u00f3n Provincial de Barahona<br \/>&#13;<br \/>\n<br \/>&#13;<br \/>\nLa  Directora Pineda invit\u00f3 a todos los sectores pol\u00edticos que tienen sensibilidad  social a que imiten, apadrinen y realicen estos tipos de eventos a favor de la  ni\u00f1ez y la adolescencia.<\/span><\/p>\n<p>&#13;<\/p>\n<h6> 2008-12-27 17:04:55 <\/h6>\n<p><!--\n<link rel=\"stylesheet\" href=\"css\/bootstrap.min.css\">\n\n\n<ul class=\"pagination\">\n\t    \n\t\n\n<li >\n\t<a href='?page_no=20713'>Previous<\/a>\n\t<\/li>\n\n\n       \n    \n\n<li><a href='?page_no=1'>1<\/a><\/li>\n\n\n\n<li><a href='?page_no=2'>2<\/a><\/li>\n\n\n\n<li><a>...<\/a><\/li>\n\n\n\n<li><a href='?page_no=20712'>20712<\/a><\/li>\n\n\n\n<li><a href='?page_no=20713'>20713<\/a><\/li>\n\n\n\n<li class='active'><a>20714<\/a><\/li>\n\n\n\n<li><a href='?page_no=20715'>20715<\/a><\/li>\n\n\n\n<li><a href='?page_no=20716'>20716<\/a><\/li>\n\n\n\n<li><a>...<\/a><\/li>\n\n\n\n<li><a href='?page_no=22522'>22522<\/a><\/li>\n\n\n\n<li><a href='?page_no=22523'>22523<\/a><\/li>\n\n    \n\t\n\n<li >\n\t<a href='?page_no=20715'>Next<\/a>\n\t<\/li>\n\n\n    \n\n<li><a href='?page_no=22523'>Last &rsaquo;&rsaquo;<\/a><\/li>\n\n<\/ul>\n\n\n--><br \/>\n<\/body><\/p>\n","protected":false},"excerpt":{"rendered":"<p>Jard\u00edn Infantil T\u00eda Teresa realiza cena navide\u00f1a para ni\u00f1os y ni\u00f1as del sector Camboya de Barahona.&#13; &#13; Por: Jorge Abreu y Olmedo Pineda,&#13; &#13; Barahona.&#8211; La Licenciada Teresa Pineda Feliz, directora del \u00abJard\u00edn Infantil T\u00eda Teresa\u00bb, realiz\u00f3 una Cena-Encuentro donde asistieron m\u00e1s de 170 ni\u00f1os y ni\u00f1as de entre tres a nueve a\u00f1os de edad, [&hellip;]<\/p>\n","protected":false},"author":3,"featured_media":0,"comment_status":"open","ping_status":"open","sticky":false,"template":"","format":"standard","meta":{"footnotes":""},"categories":[25],"tags":[],"class_list":["post-92092","post","type-post","status-publish","format-standard","hentry","category-gente"],"_links":{"self":[{"href":"https:\/\/diariodominicano.com\/index.php?rest_route=\/wp\/v2\/posts\/92092","targetHints":{"allow":["GET"]}}],"collection":[{"href":"https:\/\/diariodominicano.com\/index.php?rest_route=\/wp\/v2\/posts"}],"about":[{"href":"https:\/\/diariodominicano.com\/index.php?rest_route=\/wp\/v2\/types\/post"}],"author":[{"embeddable":true,"href":"https:\/\/diariodominicano.com\/index.php?rest_route=\/wp\/v2\/users\/3"}],"replies":[{"embeddable":true,"href":"https:\/\/diariodominicano.com\/index.php?rest_route=%2Fwp%2Fv2%2Fcomments&post=92092"}],"version-history":[{"count":0,"href":"https:\/\/diariodominicano.com\/index.php?rest_route=\/wp\/v2\/posts\/92092\/revisions"}],"wp:attachment":[{"href":"https:\/\/diariodominicano.com\/index.php?rest_route=%2Fwp%2Fv2%2Fmedia&parent=92092"}],"wp:term":[{"taxonomy":"category","embeddable":true,"href":"https:\/\/diariodominicano.com\/index.php?rest_route=%2Fwp%2Fv2%2Fcategories&post=92092"},{"taxonomy":"post_tag","embeddable":true,"href":"https:\/\/diariodominicano.com\/index.php?rest_route=%2Fwp%2Fv2%2Ftags&post=92092"}],"curies":[{"name":"wp","href":"https:\/\/api.w.org\/{rel}","templated":true}]}}