{"id":92088,"date":"2008-12-31T19:00:09","date_gmt":"2008-12-31T19:00:09","guid":{"rendered":"http:\/\/diariodominicano.ddns.net\/?p=92088"},"modified":"2008-12-31T19:00:09","modified_gmt":"2008-12-31T19:00:09","slug":"tono-se-gasto-una-fortuna-en-su-ajuar-para-este-fin-de-ano","status":"publish","type":"post","link":"https:\/\/diariodominicano.com\/?p=92088","title":{"rendered":"To\u00f1o se gast\u00f3 una fortuna en su ajuar para este fin de a\u00f1o"},"content":{"rendered":"<p><body><\/p>\n<p align=\"center\" class=\"titulogrande1\">To\u00f1o se gast\u00f3  una fortuna en su ajuar para este fin de a\u00f1o<\/p>\n<p>&#13;<\/p>\n<p align=\"justify\" class=\"text1noticias\"><img loading=\"lazy\" decoding=\"async\" src=\"http:\/\/localhost:8080\/gente\/img\/tono new.jpg\" width=\"375\" height=\"563\" hspace=\"4\" align=\"left\" \/>To\u00f1o Rosario, quien  no come cuentos con eso de la imagen, se gast\u00f3 una fortuna en el ajuar que  exhibir\u00e1 en los bailes y conciertos de fin de a\u00f1o que amenizara esta noche en  Santo Domingo. <br \/>&#13;<br \/>\n  <br \/>&#13;<br \/>\n  El merenguero  afirma que eso es un sello de distinci\u00f3n en su presentaciones, el de andar bien  puesto y con la indumentaria que revele siempre su glamour y buen gusto. <br \/>&#13;<br \/>\n  <br \/>&#13;<br \/>\n  Por eso sostiene  que mientras Carlos Batista se mofa en se\u00f1alar que es el hombre m\u00e1s caro de la televisi\u00f3n  por sus finos trajes y corbatas \u201cyo soy el m\u00e1s caro de los artistas  dominicanos\u201d.<br \/>&#13;<br \/>\n  <br \/>&#13;<br \/>\n  As\u00ed que confi\u00f3 a la  \u201cs\u00faper exclusiva\u201d marca Hugo Boss, el que lo vistiera con varios cambios, para  este 31 de diciembre. <br \/>&#13;<br \/>\n  <br \/>&#13;<br \/>\n  \u201cAdem\u00e1s de cantante  soy un artista y es un complemento en que muchos no reparan porque prefieren  vestir como ejecutivos de empresa y no como lo que son, artistas\u201d, proclama \u201cEl  Kuko\u201d, quien no deja de darle cr\u00e9dito a su esposa Yary, la responsable de su  imagen \u201cLight\u201d.<br \/>&#13;<br \/>\n  <br \/>&#13;<br \/>\n  <a href=\"http:\/\/www.fuegoalalata.net\/\">www.fuegoalalata.net<\/a> <\/p>\n<p>&#13;<\/p>\n<h6> 2008-12-31 19:00:09 <\/h6>\n<p><!--\n<link rel=\"stylesheet\" href=\"css\/bootstrap.min.css\">\n\n\n<ul class=\"pagination\">\n\t    \n\t\n\n<li >\n\t<a href='?page_no=20709'>Previous<\/a>\n\t<\/li>\n\n\n       \n    \n\n<li><a href='?page_no=1'>1<\/a><\/li>\n\n\n\n<li><a href='?page_no=2'>2<\/a><\/li>\n\n\n\n<li><a>...<\/a><\/li>\n\n\n\n<li><a href='?page_no=20708'>20708<\/a><\/li>\n\n\n\n<li><a href='?page_no=20709'>20709<\/a><\/li>\n\n\n\n<li class='active'><a>20710<\/a><\/li>\n\n\n\n<li><a href='?page_no=20711'>20711<\/a><\/li>\n\n\n\n<li><a href='?page_no=20712'>20712<\/a><\/li>\n\n\n\n<li><a>...<\/a><\/li>\n\n\n\n<li><a href='?page_no=22522'>22522<\/a><\/li>\n\n\n\n<li><a href='?page_no=22523'>22523<\/a><\/li>\n\n    \n\t\n\n<li >\n\t<a href='?page_no=20711'>Next<\/a>\n\t<\/li>\n\n\n    \n\n<li><a href='?page_no=22523'>Last &rsaquo;&rsaquo;<\/a><\/li>\n\n<\/ul>\n\n\n--><br \/>\n<\/body><\/p>\n","protected":false},"excerpt":{"rendered":"<p>To\u00f1o se gast\u00f3 una fortuna en su ajuar para este fin de a\u00f1o &#13; To\u00f1o Rosario, quien no come cuentos con eso de la imagen, se gast\u00f3 una fortuna en el ajuar que exhibir\u00e1 en los bailes y conciertos de fin de a\u00f1o que amenizara esta noche en Santo Domingo. &#13; &#13; El merenguero afirma [&hellip;]<\/p>\n","protected":false},"author":3,"featured_media":0,"comment_status":"open","ping_status":"open","sticky":false,"template":"","format":"standard","meta":{"footnotes":""},"categories":[25],"tags":[],"class_list":["post-92088","post","type-post","status-publish","format-standard","hentry","category-gente"],"_links":{"self":[{"href":"https:\/\/diariodominicano.com\/index.php?rest_route=\/wp\/v2\/posts\/92088","targetHints":{"allow":["GET"]}}],"collection":[{"href":"https:\/\/diariodominicano.com\/index.php?rest_route=\/wp\/v2\/posts"}],"about":[{"href":"https:\/\/diariodominicano.com\/index.php?rest_route=\/wp\/v2\/types\/post"}],"author":[{"embeddable":true,"href":"https:\/\/diariodominicano.com\/index.php?rest_route=\/wp\/v2\/users\/3"}],"replies":[{"embeddable":true,"href":"https:\/\/diariodominicano.com\/index.php?rest_route=%2Fwp%2Fv2%2Fcomments&post=92088"}],"version-history":[{"count":0,"href":"https:\/\/diariodominicano.com\/index.php?rest_route=\/wp\/v2\/posts\/92088\/revisions"}],"wp:attachment":[{"href":"https:\/\/diariodominicano.com\/index.php?rest_route=%2Fwp%2Fv2%2Fmedia&parent=92088"}],"wp:term":[{"taxonomy":"category","embeddable":true,"href":"https:\/\/diariodominicano.com\/index.php?rest_route=%2Fwp%2Fv2%2Fcategories&post=92088"},{"taxonomy":"post_tag","embeddable":true,"href":"https:\/\/diariodominicano.com\/index.php?rest_route=%2Fwp%2Fv2%2Ftags&post=92088"}],"curies":[{"name":"wp","href":"https:\/\/api.w.org\/{rel}","templated":true}]}}