{"id":92085,"date":"2009-01-01T19:22:57","date_gmt":"2009-01-01T19:22:57","guid":{"rendered":"http:\/\/diariodominicano.ddns.net\/?p=92085"},"modified":"2009-01-01T19:22:57","modified_gmt":"2009-01-01T19:22:57","slug":"el-publico-hace-suyo-otra-vez-el-concierto-brugal","status":"publish","type":"post","link":"https:\/\/diariodominicano.com\/?p=92085","title":{"rendered":"El p\u00fablico hace suyo otra vez el Concierto Brugal"},"content":{"rendered":"<p><body><\/p>\n<p align=\"justify\"><strong class=\"titulogrande1\">El p\u00fablico hace suyo otra vez  el Roncierto Brugal<\/strong><br \/>&#13;<br \/>\n  <br \/>&#13;<br \/>\n    <span class=\"text1noticias\"><img loading=\"lazy\" decoding=\"async\" src=\"http:\/\/localhost:8080\/gente\/img\/fiestes.jpg\" width=\"375\" height=\"507\" hspace=\"4\" align=\"left\" \/>Un gran derroche musical de  distintos g\u00e9neros \u00a0desfil\u00f3 por la tarima del ya tradicional Roncierto  Brugal, \u00a0protagonizada por los ritmos salsa, bachata y merengue.<br \/>&#13;<br \/>\n    <br \/>&#13;<br \/>\n    Desde las 10:00 de la noche hasta  las 6:45 de la ma\u00f1ana el p\u00fablico bail\u00f3 con siete de los grupos m\u00e1s populares  del momento de estos g\u00e9neros musicales, donde le dieron la bienvenida al 2009,  destac\u00e1ndose la organizaci\u00f3n con que fue preparado el show.<br \/>&#13;<br \/>\n    <br \/>&#13;<br \/>\n    All\u00ed actuaron Jos\u00e9 Pe\u00f1a Suazo, seguido por To\u00f1o Rosario, Frank  reyes, Jos\u00e9 Alberto \u00abEl Canario\u00bb, El Chaval de la Bachata, y Rubby  P\u00e9rez y un cierre de bachata y merengue con\u00a0 H\u00e9ctor Acosta\u00a0 (El  Torito).<br \/>&#13;<br \/>\n    <br \/>&#13;<br \/>\n    El primero en subir a escena fue Jos\u00e9 Pe\u00f1a Suazo, quien a las  10:10 minutos de la noche encendi\u00f3 el lugar con sus contagiosos merengues de  mambo, atrayendo de inmediato la atenci\u00f3n de los asistentes.<br \/>&#13;<br \/>\n    <br \/>&#13;<br \/>\n    Su repertorio fue uno de los m\u00e1s extensos, interpretando temas  como \u00abSubido en el palo\u00bb, \u00abD\u00e9jeme dar ese gusto\u00bb,  \u00abDejen esos perros\u00bb, \u00abUna cosa que amarra\u00bb, \u00abLa  cura\u00bb, \u00abAh\u00ed controlo yo\u00bb y su m\u00e1s reciente \u00abYo no guardo  luto, entre otros.<br \/>&#13;<br \/>\n    <br \/>&#13;<br \/>\n    To\u00f1o Rosario fue el segundo en subir a tarima. A este le toc\u00f3  recibir en escena el 2009, quien vestido formal y de traje blanco, salud\u00f3 hasta  a sus hermanos, mencion\u00e1ndolos uno por uno, dese\u00e1ndole un mejor a\u00f1o.<br \/>&#13;<br \/>\n    <br \/>&#13;<br \/>\n    Al poco tiempo de estar en escena llam\u00f3 a M\u00ednimo, a quien lo subi\u00f3  a interpretar el tema Jenny y el finalizar este merengue, su hijo baj\u00f3 de  tarima tan deprisa como entr\u00f3.<br \/>&#13;<br \/>\n    <br \/>&#13;<br \/>\n    All\u00ed no faltaron sus \u00e9xitos \u00abAlegr\u00eda\u00bb, \u00abKuliky takat\u00ed\u00bb,  \u00abQuiero volver a empezar\u00bb, \u00abLa gozadera\u00bb y  \u00abResistir\u00e9\u00bb .<br \/>&#13;<br \/>\n    <br \/>&#13;<br \/>\n    A la 1:15 minutos de la madrigada lleg\u00f3 el turno de Frank Reyes. A  esta hora la cantidad de p\u00fablico era mucho mayor que el inicio y este fue bien  ovacionado por los asistentes desde que fue anunciado por los presentadores  Brenda S\u00e1nchez, Frankie Arias, Jary Ram\u00edrez y Michael Miguel Olgu\u00edn.<br \/>&#13;<br \/>\n    <br \/>&#13;<br \/>\n    Sus \u00e9xitos \u00abVine a decirte adi\u00f3s\u00bb, \u00abNada de  nada\u00bb, \u00abTe regalo el mar\u00bb, \u00abAmor desperdiciado\u00bb,  \u00abC\u00f3mo llora mi alma\u00bb y \u00abPrincesa\u00bb, fueron coreados por el  p\u00fablico.<br \/>&#13;<br \/>\n    <br \/>&#13;<br \/>\n    Como todo un pr\u00edncipe el bachatero hasta se march\u00f3 por un momento  y confi\u00f3 una canci\u00f3n casi completa al p\u00fablico y este no defraud\u00f3 el artista,  pues le cumpli\u00f3.<br \/>&#13;<br \/>\n    <br \/>&#13;<br \/>\n    La salsa lleg\u00f3 de la mano de Jos\u00e9 Alberto (El Canario) al  Concierto Brugal. Eugenio P\u00e9rez fue a quien se le encomend\u00f3 presentarlo. En  breves palabras dijo lo que ten\u00eda que decir y apareci\u00f3 este cantante  dominicano, acompa\u00f1ado de una s\u00faper banda musical.<br \/>&#13;<br \/>\n    <br \/>&#13;<br \/>\n    Su orquesta estuvo bien acoplada y su voz sigue siendo la misma.  Esos \u00e9xitos que la gente disfrut\u00f3 desde finales de los 80 como \u00abBailemos  otra vez\u00bb, \u00abSe\u00f1ora\u00bb, \u00a0\u00abA d\u00f3nde vas amor\u00bb,  \u00abSue\u00f1o contigo\u00bb \u00abHoy quiero confesarte\u00bb, entre otras,  lograron la aceptaci\u00f3n.<br \/>&#13;<br \/>\n    <br \/>&#13;<br \/>\n    El Chaval de la Bachata fue el quinto artista en llegar al  concierto. Fue otro de los que el p\u00fablico recibi\u00f3 con cari\u00f1o y algarab\u00eda. Era  el momento que m\u00e1s p\u00fablico ten\u00eda el lugar, (4:00 de la ma\u00f1ana). Este hizo un  homenaje Luis Segura interpretando algunas de sus bachatas. <br \/>&#13;<br \/>\n    <br \/>&#13;<br \/>\n    Finaliz\u00f3 con su mayor \u00e9xito \u00abD\u00f3nde est\u00e1n esos amigos\u00bb,  el cual fue coreado desde principio a fin.<br \/>&#13;<br \/>\n    <br \/>&#13;<br \/>\n    Rubb\u00fd P\u00e9rez lleg\u00f3 cuando cuando ya se acercaba el amanecer. A las  5:00 de la ma\u00f1ana este logr\u00f3 hacer que la gente se moviera y bailara a ritmo de  sus contagiosos merengues \u00abHipocres\u00eda\u00bb, \u00abEl perro ajeno\u00bb,  \u00abTonto coraz\u00f3n\u00bb, \u00abVali\u00f3 la pena\u00bb y su hito del momento  \u00abExtra\u00f1\u00e1ndote\u00bb, que hizo versi\u00f3n salsa y merengue.<br \/>&#13;<br \/>\n    <br \/>&#13;<br \/>\n    Eran las 5:55 de la ma\u00f1a cuando H\u00e9ctor Acosta fue llamado por los  animadores de la activiadad y a esa hora muy pocos se hab\u00edan movido de sus  respectivos lugares, pues esperaban disfrutar de sus merengues, pero tambi\u00e9n de  sus bachatas.<br \/>&#13;<br \/>\n    <br \/>&#13;<br \/>\n    Y as\u00ed fue. En tan solo unos 40 minutos Acosta conquist\u00f3 a un  p\u00fablico que ten\u00eda m\u00e1s de ocho horas de pies, pues algunos llegaron cuando  oscurec\u00eda del d\u00eda anterior para lograr un lugar m\u00e1s visible.<br \/>&#13;<br \/>\n    <br \/>&#13;<br \/>\n\u00abC\u00f3mo me curo\u00bb, \u00abLa quiero ver\u00bb, \u00abEl  anillo\u00bb, \u00abSin perd\u00f3n\u00bb, \u00abSi tu estuvieras\u00bb y otras  canciones, llenaron de entusiasmo al p\u00fablico, que lo esper\u00f3 hasta que bajara  del escenario.<br \/>&#13;<br \/>\n<br \/>&#13;<br \/>\nEn esta actividad se puede destacar la organizaci\u00f3n con que se  desarroll\u00f3. El p\u00fablico se sent\u00eda seguro, ya que se revisaba a todo el que  llegara al lugar, para evitar armas de cualquier tipo, as\u00ed como botellas de  vidrios.<br \/>&#13;<br \/>\n<br \/>&#13;<br \/>\nLa tarima ten\u00eda un juego de luces que hizo ver con mayor esplendor  la presentaci\u00f3n de los artistas, as\u00ed como un sonido que permit\u00eda una mejor  nitidez al escuchar cualquiera de los grupos<br \/>&#13;<br \/>\n<br \/>&#13;<br \/>\nEl evento fue coordinado por \u00c1ngel  Duverg\u00e9, gerente de promoci\u00f3n de Brugal y producido por Amable Valenzuela, con  iluminaci\u00f3n de Juan Tejera, producci\u00f3n de televisi\u00f3n de Rafael Taveras, sonido  de Junior Rent Sound y audiovisuales de Salvador Espinal.<\/span><\/p>\n<p>&#13;<\/p>\n<h6> 2009-01-01 19:22:57 <\/h6>\n<p><!--\n<link rel=\"stylesheet\" href=\"css\/bootstrap.min.css\">\n\n\n<ul class=\"pagination\">\n\t    \n\t\n\n<li >\n\t<a href='?page_no=20706'>Previous<\/a>\n\t<\/li>\n\n\n       \n    \n\n<li><a href='?page_no=1'>1<\/a><\/li>\n\n\n\n<li><a href='?page_no=2'>2<\/a><\/li>\n\n\n\n<li><a>...<\/a><\/li>\n\n\n\n<li><a href='?page_no=20705'>20705<\/a><\/li>\n\n\n\n<li><a href='?page_no=20706'>20706<\/a><\/li>\n\n\n\n<li class='active'><a>20707<\/a><\/li>\n\n\n\n<li><a href='?page_no=20708'>20708<\/a><\/li>\n\n\n\n<li><a href='?page_no=20709'>20709<\/a><\/li>\n\n\n\n<li><a>...<\/a><\/li>\n\n\n\n<li><a href='?page_no=22522'>22522<\/a><\/li>\n\n\n\n<li><a href='?page_no=22523'>22523<\/a><\/li>\n\n    \n\t\n\n<li >\n\t<a href='?page_no=20708'>Next<\/a>\n\t<\/li>\n\n\n    \n\n<li><a href='?page_no=22523'>Last &rsaquo;&rsaquo;<\/a><\/li>\n\n<\/ul>\n\n\n--><br \/>\n<\/body><\/p>\n","protected":false},"excerpt":{"rendered":"<p>El p\u00fablico hace suyo otra vez el Roncierto Brugal&#13; &#13; Un gran derroche musical de distintos g\u00e9neros \u00a0desfil\u00f3 por la tarima del ya tradicional Roncierto Brugal, \u00a0protagonizada por los ritmos salsa, bachata y merengue.&#13; &#13; Desde las 10:00 de la noche hasta las 6:45 de la ma\u00f1ana el p\u00fablico bail\u00f3 con siete de los grupos [&hellip;]<\/p>\n","protected":false},"author":3,"featured_media":0,"comment_status":"open","ping_status":"open","sticky":false,"template":"","format":"standard","meta":{"footnotes":""},"categories":[25],"tags":[],"class_list":["post-92085","post","type-post","status-publish","format-standard","hentry","category-gente"],"_links":{"self":[{"href":"https:\/\/diariodominicano.com\/index.php?rest_route=\/wp\/v2\/posts\/92085","targetHints":{"allow":["GET"]}}],"collection":[{"href":"https:\/\/diariodominicano.com\/index.php?rest_route=\/wp\/v2\/posts"}],"about":[{"href":"https:\/\/diariodominicano.com\/index.php?rest_route=\/wp\/v2\/types\/post"}],"author":[{"embeddable":true,"href":"https:\/\/diariodominicano.com\/index.php?rest_route=\/wp\/v2\/users\/3"}],"replies":[{"embeddable":true,"href":"https:\/\/diariodominicano.com\/index.php?rest_route=%2Fwp%2Fv2%2Fcomments&post=92085"}],"version-history":[{"count":0,"href":"https:\/\/diariodominicano.com\/index.php?rest_route=\/wp\/v2\/posts\/92085\/revisions"}],"wp:attachment":[{"href":"https:\/\/diariodominicano.com\/index.php?rest_route=%2Fwp%2Fv2%2Fmedia&parent=92085"}],"wp:term":[{"taxonomy":"category","embeddable":true,"href":"https:\/\/diariodominicano.com\/index.php?rest_route=%2Fwp%2Fv2%2Fcategories&post=92085"},{"taxonomy":"post_tag","embeddable":true,"href":"https:\/\/diariodominicano.com\/index.php?rest_route=%2Fwp%2Fv2%2Ftags&post=92085"}],"curies":[{"name":"wp","href":"https:\/\/api.w.org\/{rel}","templated":true}]}}