{"id":92084,"date":"2009-01-02T14:50:04","date_gmt":"2009-01-02T14:50:04","guid":{"rendered":"http:\/\/diariodominicano.ddns.net\/?p=92084"},"modified":"2009-01-02T14:50:04","modified_gmt":"2009-01-02T14:50:04","slug":"miles-asisten-espectaculo-fuegos-artificiales","status":"publish","type":"post","link":"https:\/\/diariodominicano.com\/?p=92084","title":{"rendered":"Miles asisten espect\u00e1culo fuegos artificiales"},"content":{"rendered":"<p><body><\/p>\n<p class=\"titulogrande1\"><strong>Miles asisten espect\u00e1culo fuegos  artificiales<\/strong><\/p>\n<p>&#13;<\/p>\n<p align=\"justify\" class=\"text1noticias\"><strong><img loading=\"lazy\" decoding=\"async\" src=\"http:\/\/localhost:8080\/gente\/img\/fuegos.jpg\" width=\"375\" height=\"269\" hspace=\"4\" align=\"left\" \/>SANTIAGO.- <\/strong>Con un espectacular show  pirot\u00e9cnico de 30 minutos de duraci\u00f3n, el Ayuntamiento de Santiago despidi\u00f3 el  2008 y ofreci\u00f3\u00a0 una alegre e  inolvidable\u00a0 bienvenida al 2009, que  reci\u00e9n acaba de iniciarse.<\/p>\n<p>&#13;<\/p>\n<p align=\"justify\" class=\"text1noticias\">Una  multitud heterog\u00e9nea integrada por\u00a0  ni\u00f1os, j\u00f3venes y adultos,\u00a0 acudi\u00f3  al Monumento a los H\u00e9roes de la   Restauraci\u00f3n de la Rep\u00fablica para\u00a0  seguir de cerca el espect\u00e1culo de fuegos artificiales auspiciado por el  cabildo. <\/p>\n<p>&#13;<\/p>\n<p align=\"justify\" class=\"text1noticias\">Un  estricto dispositivo de seguridad, en el que participaron miembros de la Defensa Civil y los bomberos,  se mont\u00f3 en todos los alrededores del \u00e1rea monumental para evitar percances.  Este dispositivo incluyo equipos de primeros auxilios y unidades m\u00f3viles, como  ambulancias y camiones cisternas.<\/p>\n<p>&#13;<\/p>\n<p align=\"justify\" class=\"text1noticias\">El  coronel Alexis Moscat, jefe del Cuerpo de Bomberos, y Francisco Arias, director  regional de la DC,  se encargaron con los voluntarios de ambas instituciones, de mantener \u201ca raya\u201d  a los asistentes.<\/p>\n<p>&#13;<\/p>\n<p align=\"justify\" class=\"text1noticias\">Durante  media hora, aproximadamente, el p\u00fablico disfrut\u00f3 de todo un espect\u00e1culo de  luces multicolores el cual fue preparado\u00a0  por\u00a0 Fuegos Artificiales Metralla,  una compa\u00f1\u00eda con sede en Santo Domingo.<\/p>\n<p>&#13;<\/p>\n<p align=\"justify\" class=\"text1noticias\">Esta  exhibici\u00f3n, que concluy\u00f3 sin ning\u00fan tipo de problemas, fue ampliamente  disfrutada por grandes y chicos que acudieron al Monumento para participar de  las celebraciones por el A\u00f1o Nuevo que acaba de llegar.<\/p>\n<p>&#13;<\/p>\n<p align=\"justify\">\u00a0<\/p>\n<p>&#13;<\/p>\n<p align=\"justify\">\u00a0<\/p>\n<p>&#13;<\/p>\n<p align=\"justify\">\u00a0<\/p>\n<p>&#13;<\/p>\n<p align=\"justify\" class=\"text1noticias\">MILES DE PERSONAS<br \/>&#13;<br \/>\n  El tradicional festejo congrega cada a\u00f1o, para este  \u00e9poca, a miles de personas provenientes de todos los sectores de Santiago y aun  de comunidades aleda\u00f1as que se concentran en las inmediaciones del Monumento.<\/p>\n<p>&#13;<\/p>\n<p align=\"justify\" class=\"text1noticias\">Toda la ciudad coraz\u00f3n se ve iluminada durante este  espect\u00e1culo el cual es disfrutado aun por lo que se quedan en sus hogares y que  se hace aun m\u00e1s llamativo en tiempos de apagones.<br \/>&#13;<br \/>\n  <br \/>&#13;<br \/>\n  En esta oportunidad  se utilizaron varios cientos de libras de fuegos artificiales, que incluyeron  m\u00e1s de 2 mil\u00a0 disparos y cerca de 3 mil  efectos, entre ellos flores y mariposas, mientras que hubo una secuencia en  aumento de luces, truenos y rel\u00e1mpagos. <\/p>\n<p>&#13;<\/p>\n<p align=\"justify\" class=\"text1noticias\">LA SEGURIDAD <\/p>\n<p>&#13;<\/p>\n<p align=\"justify\" class=\"text1noticias\">Desde temprano en el d\u00eda el coronel Alexis Moscat fue el  responsable de organizar el montaje de los fuegos y establecer un dispositivo  de seguridad que se cumpli\u00f3 hasta que el espect\u00e1culo hubo finalizado, a las 12  y 30 del 2009.<\/p>\n<p>&#13;<\/p>\n<p align=\"justify\" class=\"text1noticias\">Una valla separ\u00f3 al p\u00fablico del lugar donde fueron  colocados los fuegos en tanto que, en los alrededores, agentes de la Polic\u00eda Nacional  y de la Autoridad Metropolitana  del Transporte (AMET) se encargaban de controlar el tr\u00e1nsito.<\/p>\n<p>&#13;<\/p>\n<p align=\"justify\" class=\"text1noticias\">Todo un\u00a0 batall\u00f3n  de voluntarios de la Defensa Civil  y miembros del Cuerpo de Bomberos fueron apostados por toda el \u00e1rea para evitar  inconvenientes. Estos manten\u00edan \u201ca raya\u201d a los m\u00e1s inquietos.<\/p>\n<p>&#13;<\/p>\n<p align=\"justify\" class=\"text1noticias\">Tambi\u00e9n Moscat se encarg\u00f3 de mantener, en los  alrededores, unidades m\u00f3viles para asistir a cualquier persona que lo  requiriera aunque, afortunadamente, todo pas\u00f3 en absoluta calma y en medio de  abrazos y felicitaciones.<\/p>\n<p>&#13;<\/p>\n<p align=\"justify\" class=\"text1noticias\">Funcionarios del Ayuntamiento, entre ellos directores y  directoras \u00a0de distintos departamentos,  as\u00ed como empleados y empleadas, acudieron al Monumento para integrarse a las  celebraciones por la llegada del Nuevo A\u00f1o.<\/p>\n<p>&#13;<\/p>\n<p align=\"justify\" class=\"text1noticias\">Pero tambi\u00e9n lo hicieron cientos de familias, incluso  acompa\u00f1adas de sus peque\u00f1os, que se desplazaron desde el centro de la ciudad,  barrios perif\u00e9ricos y aun de comunidades aleda\u00f1as a Santiago, como Villa  Gonz\u00e1lez, Tamboril, Licey al Medio, Pu\u00f1al y otras.<\/p>\n<p>&#13;<\/p>\n<p align=\"justify\" class=\"text1noticias\">HEMOS CUMPLIDO<br \/>&#13;<br \/>\n  Al final, el sindico Jos\u00e9 Enrique Sued Sem se mostr\u00f3  satisfecho porque el Ayuntamiento cumpli\u00f3 una vez m\u00e1s con su pueblo al celebrar  junto a sus habitantes, sin importar rango social o condici\u00f3n econ\u00f3mica, este  importante acontecimiento.<\/p>\n<p>&#13;<\/p>\n<p align=\"justify\" class=\"text1noticias\">\u201cMientras nosotros estemos al frente de la administraci\u00f3n  municipal, nos empe\u00f1aremos de mantener viva esta tradici\u00f3n\u201d, dijo el sindico  Sued despu\u00e9s de finalizar el espect\u00e1culo pirot\u00e9cnico preparado por Metralla.<\/p>\n<p>&#13;<\/p>\n<p align=\"justify\" class=\"text1noticias\">Con esta actividad Santiago de los Caballeros, que fue el  primero de Am\u00e9rica, se suma a otras importantes ciudades del mundo donde se  recibe la llegada de un nuevo a\u00f1o con fuegos artificiales en lugares  emblematicos.<\/p>\n<p>&#13;<\/p>\n<h6> 2009-01-02 14:50:04 <\/h6>\n<p><!--\n<link rel=\"stylesheet\" href=\"css\/bootstrap.min.css\">\n\n\n<ul class=\"pagination\">\n\t    \n\t\n\n<li >\n\t<a href='?page_no=20705'>Previous<\/a>\n\t<\/li>\n\n\n       \n    \n\n<li><a href='?page_no=1'>1<\/a><\/li>\n\n\n\n<li><a href='?page_no=2'>2<\/a><\/li>\n\n\n\n<li><a>...<\/a><\/li>\n\n\n\n<li><a href='?page_no=20704'>20704<\/a><\/li>\n\n\n\n<li><a href='?page_no=20705'>20705<\/a><\/li>\n\n\n\n<li class='active'><a>20706<\/a><\/li>\n\n\n\n<li><a href='?page_no=20707'>20707<\/a><\/li>\n\n\n\n<li><a href='?page_no=20708'>20708<\/a><\/li>\n\n\n\n<li><a>...<\/a><\/li>\n\n\n\n<li><a href='?page_no=22522'>22522<\/a><\/li>\n\n\n\n<li><a href='?page_no=22523'>22523<\/a><\/li>\n\n    \n\t\n\n<li >\n\t<a href='?page_no=20707'>Next<\/a>\n\t<\/li>\n\n\n    \n\n<li><a href='?page_no=22523'>Last &rsaquo;&rsaquo;<\/a><\/li>\n\n<\/ul>\n\n\n--><br \/>\n<\/body><\/p>\n","protected":false},"excerpt":{"rendered":"<p>Miles asisten espect\u00e1culo fuegos artificiales &#13; SANTIAGO.- Con un espectacular show pirot\u00e9cnico de 30 minutos de duraci\u00f3n, el Ayuntamiento de Santiago despidi\u00f3 el 2008 y ofreci\u00f3\u00a0 una alegre e inolvidable\u00a0 bienvenida al 2009, que reci\u00e9n acaba de iniciarse. &#13; Una multitud heterog\u00e9nea integrada por\u00a0 ni\u00f1os, j\u00f3venes y adultos,\u00a0 acudi\u00f3 al Monumento a los H\u00e9roes de [&hellip;]<\/p>\n","protected":false},"author":3,"featured_media":0,"comment_status":"open","ping_status":"open","sticky":false,"template":"","format":"standard","meta":{"footnotes":""},"categories":[25],"tags":[],"class_list":["post-92084","post","type-post","status-publish","format-standard","hentry","category-gente"],"_links":{"self":[{"href":"https:\/\/diariodominicano.com\/index.php?rest_route=\/wp\/v2\/posts\/92084","targetHints":{"allow":["GET"]}}],"collection":[{"href":"https:\/\/diariodominicano.com\/index.php?rest_route=\/wp\/v2\/posts"}],"about":[{"href":"https:\/\/diariodominicano.com\/index.php?rest_route=\/wp\/v2\/types\/post"}],"author":[{"embeddable":true,"href":"https:\/\/diariodominicano.com\/index.php?rest_route=\/wp\/v2\/users\/3"}],"replies":[{"embeddable":true,"href":"https:\/\/diariodominicano.com\/index.php?rest_route=%2Fwp%2Fv2%2Fcomments&post=92084"}],"version-history":[{"count":0,"href":"https:\/\/diariodominicano.com\/index.php?rest_route=\/wp\/v2\/posts\/92084\/revisions"}],"wp:attachment":[{"href":"https:\/\/diariodominicano.com\/index.php?rest_route=%2Fwp%2Fv2%2Fmedia&parent=92084"}],"wp:term":[{"taxonomy":"category","embeddable":true,"href":"https:\/\/diariodominicano.com\/index.php?rest_route=%2Fwp%2Fv2%2Fcategories&post=92084"},{"taxonomy":"post_tag","embeddable":true,"href":"https:\/\/diariodominicano.com\/index.php?rest_route=%2Fwp%2Fv2%2Ftags&post=92084"}],"curies":[{"name":"wp","href":"https:\/\/api.w.org\/{rel}","templated":true}]}}