{"id":92083,"date":"2009-01-02T18:53:44","date_gmt":"2009-01-02T18:53:44","guid":{"rendered":"http:\/\/diariodominicano.ddns.net\/?p=92083"},"modified":"2009-01-02T18:53:44","modified_gmt":"2009-01-02T18:53:44","slug":"abren-en-los-proceres-centro-de-belleza","status":"publish","type":"post","link":"https:\/\/diariodominicano.com\/?p=92083","title":{"rendered":"Abren en Los Pr\u00f3ceres centro de belleza"},"content":{"rendered":"<p><body><\/p>\n<p class=\"titulogrande1\"><strong>Abren en Los Pr\u00f3ceres<\/strong> <strong>centro de belleza \u00abLivre Spa\u00bb<\/strong><\/p>\n<p>&#13;<\/p>\n<p>\u00a0<\/p>\n<p>&#13;<\/p>\n<p align=\"justify\"><img loading=\"lazy\" decoding=\"async\" src=\"http:\/\/localhost:8080\/gente\/img\/belles.jpg\" width=\"375\" height=\"250\" hspace=\"4\" align=\"left\" \/><span class=\"text1noticias\">Fue inaugurado este mi\u00e9rcoles en la avenida Los Pr\u00f3ceres  esquina Luper\u00f3n el centro Livre Spa, con un nuevo concepto donde se ofrecer\u00e1n  tratamientos faciales, corporales, masajes, depilaciones, u\u00f1as acr\u00edlicas y  otros servicios dirigidos a resaltar la salud y la belleza de la mujer  vanguardista.<\/span><\/p>\n<p>&#13;<\/p>\n<p align=\"justify\" class=\"text1noticias\"> El centro abri\u00f3 sus puertas en el marco de un c\u00f3ctel que  ofreci\u00f3 a clientes, amigos y relacionados. Su propietaria Dilegny Pujols,\u00a0 resalt\u00f3 que el mismo dispone de un equipo de  profesionales, modernas\u00a0 instalaciones y  l\u00edneas de\u00a0 cosm\u00e9ticos de primera calidad.<\/p>\n<p>&#13;<\/p>\n<p align=\"justify\" class=\"text1noticias\"> Explic\u00f3 que dentro de este nuevo concepto, el centro de  belleza\u00a0 Livre Spa ofrece\u00a0 los servicios de limpieza facial profunda,  hidrataci\u00f3n y peeling facial, microdermabaci\u00f3n, belleza inmediata, nutrici\u00f3n  facial, velo de col\u00e1geno, hidrataci\u00f3n profunda con hydrasoin y tratamiento  antiojeras.<\/p>\n<p>&#13;<\/p>\n<p align=\"justify\" class=\"text1noticias\"> Asimismo, efoliaci\u00f3n, hidrataci\u00f3n de parafango,  tratamiento anticelul\u00edtico, tratamiento hidratante de algas marinas, piernas  cansadas y limpieza profunda de la espalda.<\/p>\n<p>&#13;<\/p>\n<p align=\"justify\" class=\"text1noticias\"> Adem\u00e1s, masajes relajantes y\u00a0 reductores, depilaciones de cejas, labio  superior, ascilas, piernas, \u00e1rea de bikinis, gl\u00fateos, abdomen, brazos y vello  facial, as\u00ed como colocaci\u00f3n de u\u00f1as francesas, de gel, cristal y acr\u00edlica.<\/p>\n<p>&#13;<\/p>\n<p align=\"justify\" class=\"text1noticias\"> La se\u00f1ora Pujols indic\u00f3 que el concepto de este nuevo  centro busca impregnar en el cliente un estilo libre donde tenga la facilidad  de relajarse y botar el estr\u00e9s.<\/p>\n<p>&#13;<\/p>\n<p align=\"justify\" class=\"text1noticias\"> El equipo de trabajo est\u00e1 dirigido por profesionales con  vasta experiencia, integrado por Dilegny Pujols, propietaria, con experiencia  de varios a\u00f1os en faciales y est\u00e9ticas;\u00a0  Elsa Pay\u00e1n, sub-encargada, con\u00a0 15  a\u00f1os de experiencia; Yasmer Gonz\u00e1lez, coordinadora de servicios, con 5 a\u00f1os en  el \u00e1rea y Glenys\u00a0 Pujols, gerente.<\/p>\n<p>&#13;<\/p>\n<h6> 2009-01-02 18:53:44 <\/h6>\n<p><!--\n<link rel=\"stylesheet\" href=\"css\/bootstrap.min.css\">\n\n\n<ul class=\"pagination\">\n\t    \n\t\n\n<li >\n\t<a href='?page_no=20704'>Previous<\/a>\n\t<\/li>\n\n\n       \n    \n\n<li><a href='?page_no=1'>1<\/a><\/li>\n\n\n\n<li><a href='?page_no=2'>2<\/a><\/li>\n\n\n\n<li><a>...<\/a><\/li>\n\n\n\n<li><a href='?page_no=20703'>20703<\/a><\/li>\n\n\n\n<li><a href='?page_no=20704'>20704<\/a><\/li>\n\n\n\n<li class='active'><a>20705<\/a><\/li>\n\n\n\n<li><a href='?page_no=20706'>20706<\/a><\/li>\n\n\n\n<li><a href='?page_no=20707'>20707<\/a><\/li>\n\n\n\n<li><a>...<\/a><\/li>\n\n\n\n<li><a href='?page_no=22522'>22522<\/a><\/li>\n\n\n\n<li><a href='?page_no=22523'>22523<\/a><\/li>\n\n    \n\t\n\n<li >\n\t<a href='?page_no=20706'>Next<\/a>\n\t<\/li>\n\n\n    \n\n<li><a href='?page_no=22523'>Last &rsaquo;&rsaquo;<\/a><\/li>\n\n<\/ul>\n\n\n--><br \/>\n<\/body><\/p>\n","protected":false},"excerpt":{"rendered":"<p>Abren en Los Pr\u00f3ceres centro de belleza \u00abLivre Spa\u00bb &#13; \u00a0 &#13; Fue inaugurado este mi\u00e9rcoles en la avenida Los Pr\u00f3ceres esquina Luper\u00f3n el centro Livre Spa, con un nuevo concepto donde se ofrecer\u00e1n tratamientos faciales, corporales, masajes, depilaciones, u\u00f1as acr\u00edlicas y otros servicios dirigidos a resaltar la salud y la belleza de la mujer [&hellip;]<\/p>\n","protected":false},"author":3,"featured_media":0,"comment_status":"open","ping_status":"open","sticky":false,"template":"","format":"standard","meta":{"footnotes":""},"categories":[25],"tags":[],"class_list":["post-92083","post","type-post","status-publish","format-standard","hentry","category-gente"],"_links":{"self":[{"href":"https:\/\/diariodominicano.com\/index.php?rest_route=\/wp\/v2\/posts\/92083","targetHints":{"allow":["GET"]}}],"collection":[{"href":"https:\/\/diariodominicano.com\/index.php?rest_route=\/wp\/v2\/posts"}],"about":[{"href":"https:\/\/diariodominicano.com\/index.php?rest_route=\/wp\/v2\/types\/post"}],"author":[{"embeddable":true,"href":"https:\/\/diariodominicano.com\/index.php?rest_route=\/wp\/v2\/users\/3"}],"replies":[{"embeddable":true,"href":"https:\/\/diariodominicano.com\/index.php?rest_route=%2Fwp%2Fv2%2Fcomments&post=92083"}],"version-history":[{"count":0,"href":"https:\/\/diariodominicano.com\/index.php?rest_route=\/wp\/v2\/posts\/92083\/revisions"}],"wp:attachment":[{"href":"https:\/\/diariodominicano.com\/index.php?rest_route=%2Fwp%2Fv2%2Fmedia&parent=92083"}],"wp:term":[{"taxonomy":"category","embeddable":true,"href":"https:\/\/diariodominicano.com\/index.php?rest_route=%2Fwp%2Fv2%2Fcategories&post=92083"},{"taxonomy":"post_tag","embeddable":true,"href":"https:\/\/diariodominicano.com\/index.php?rest_route=%2Fwp%2Fv2%2Ftags&post=92083"}],"curies":[{"name":"wp","href":"https:\/\/api.w.org\/{rel}","templated":true}]}}