{"id":92081,"date":"2009-01-06T14:28:37","date_gmt":"2009-01-06T14:28:37","guid":{"rendered":"http:\/\/diariodominicano.ddns.net\/?p=92081"},"modified":"2009-01-06T14:28:37","modified_gmt":"2009-01-06T14:28:37","slug":"amaia-montero-anticipa-su-disco-con-el-tema-quiero-ser","status":"publish","type":"post","link":"https:\/\/diariodominicano.com\/?p=92081","title":{"rendered":"Amaia Montero anticipa su disco con el tema \u201cquiero ser\u201d"},"content":{"rendered":"<p><body><\/p>\n<p class=\"titulogrande1\">Amaia Montero  anticipa su disco con el tema \u201cquiero ser\u201d<\/p>\n<p>&#13;<\/p>\n<p align=\"justify\" class=\"text1noticias\"><img loading=\"lazy\" decoding=\"async\" src=\"http:\/\/localhost:8080\/gente\/img\/amais.jpg\" width=\"375\" height=\"375\" hspace=\"4\" align=\"left\" \/>Miami, FL, 5 de  enero del 2009.- <a href=\"http:\/\/www.amaiaweb.es\/\"><strong>Amaia Montero<\/strong><\/a> est\u00e1 emocionada e inquieta. Y no es para  menos. Su decisi\u00f3n de darse\u00a0a conocer como solista, luego de sus  extraordinarios \u00e9xitos con la agrupaci\u00f3n \u201c<strong>La  Oreja de Van Gogh<\/strong>\u201d, la puso en un camino de un a\u00f1o de trabajo que hoy rinde  su primer fruto. El pr\u00f3ximo 6 de enero estrena en Estados Unidos  el\u00a0sencillo titulado \u201c<a href=\"http:\/\/www.ffmediacorp.com\/ecards\/353\"><strong>Quiero ser<\/strong><\/a>\u201d disponible en iTunes.<br \/>&#13;<br \/>\n  <br \/>&#13;<br \/>\n  El tema parece  hablar de su intenci\u00f3n personal seguir brillando en el pop espa\u00f1ol, esta vez  con luz propia, la misma con que ha hecho brillar cada tema de su disco debut  que estar\u00e1 a la venta el 10 de febrero venidero.<br \/>&#13;<br \/>\n  \u201cNunca olvidar\u00e9 este  primer disco\u00bb, afirma la cantante, ya que \u201cha sido como madurar de golpe,  un aprendizaje tanto profesional como personal\u00bb.<br \/>&#13;<br \/>\n  <br \/>&#13;<br \/>\n  La cantautora  llegar\u00e1 a Estados Unidos en febrero pr\u00f3ximo para promocionar el lanzamiento.<br \/>&#13;<br \/>\n  <br \/>&#13;<br \/>\n  Producido por el  italiano <strong>Claudio Guidetti<\/strong>,  responsable de varios trabajos de <strong>Eros  Ramazzotti<\/strong> y <strong>Laura Pausini<\/strong>, el  nuevo disco lleva su nombre. \u00abAmaia Montero\u00bb contiene once canciones  compuestas por ella misma, elaboradas, grabadas y mezcladas en Ir\u00fan, G\u00e9nova,  Madrid, Mil\u00e1n y Los Angeles. Tres de estos temas van dedicados a su madre, a  sus padres y a sus antiguos compa\u00f1eros del grupo con el que pas\u00f3 diez a\u00f1os.<br \/>&#13;<br \/>\n  <br \/>&#13;<br \/>\n  \u201cAmaia Montero\u201d es  otro lanzamiento de Sony Music.<\/p>\n<p>&#13;<\/p>\n<h6> 2009-01-06 14:28:37 <\/h6>\n<p><!--\n<link rel=\"stylesheet\" href=\"css\/bootstrap.min.css\">\n\n\n<ul class=\"pagination\">\n\t    \n\t\n\n<li >\n\t<a href='?page_no=20702'>Previous<\/a>\n\t<\/li>\n\n\n       \n    \n\n<li><a href='?page_no=1'>1<\/a><\/li>\n\n\n\n<li><a href='?page_no=2'>2<\/a><\/li>\n\n\n\n<li><a>...<\/a><\/li>\n\n\n\n<li><a href='?page_no=20701'>20701<\/a><\/li>\n\n\n\n<li><a href='?page_no=20702'>20702<\/a><\/li>\n\n\n\n<li class='active'><a>20703<\/a><\/li>\n\n\n\n<li><a href='?page_no=20704'>20704<\/a><\/li>\n\n\n\n<li><a href='?page_no=20705'>20705<\/a><\/li>\n\n\n\n<li><a>...<\/a><\/li>\n\n\n\n<li><a href='?page_no=22522'>22522<\/a><\/li>\n\n\n\n<li><a href='?page_no=22523'>22523<\/a><\/li>\n\n    \n\t\n\n<li >\n\t<a href='?page_no=20704'>Next<\/a>\n\t<\/li>\n\n\n    \n\n<li><a href='?page_no=22523'>Last &rsaquo;&rsaquo;<\/a><\/li>\n\n<\/ul>\n\n\n--><br \/>\n<\/body><\/p>\n","protected":false},"excerpt":{"rendered":"<p>Amaia Montero anticipa su disco con el tema \u201cquiero ser\u201d &#13; Miami, FL, 5 de enero del 2009.- Amaia Montero est\u00e1 emocionada e inquieta. Y no es para menos. Su decisi\u00f3n de darse\u00a0a conocer como solista, luego de sus extraordinarios \u00e9xitos con la agrupaci\u00f3n \u201cLa Oreja de Van Gogh\u201d, la puso en un camino de [&hellip;]<\/p>\n","protected":false},"author":3,"featured_media":0,"comment_status":"open","ping_status":"open","sticky":false,"template":"","format":"standard","meta":{"footnotes":""},"categories":[25],"tags":[],"class_list":["post-92081","post","type-post","status-publish","format-standard","hentry","category-gente"],"_links":{"self":[{"href":"https:\/\/diariodominicano.com\/index.php?rest_route=\/wp\/v2\/posts\/92081","targetHints":{"allow":["GET"]}}],"collection":[{"href":"https:\/\/diariodominicano.com\/index.php?rest_route=\/wp\/v2\/posts"}],"about":[{"href":"https:\/\/diariodominicano.com\/index.php?rest_route=\/wp\/v2\/types\/post"}],"author":[{"embeddable":true,"href":"https:\/\/diariodominicano.com\/index.php?rest_route=\/wp\/v2\/users\/3"}],"replies":[{"embeddable":true,"href":"https:\/\/diariodominicano.com\/index.php?rest_route=%2Fwp%2Fv2%2Fcomments&post=92081"}],"version-history":[{"count":0,"href":"https:\/\/diariodominicano.com\/index.php?rest_route=\/wp\/v2\/posts\/92081\/revisions"}],"wp:attachment":[{"href":"https:\/\/diariodominicano.com\/index.php?rest_route=%2Fwp%2Fv2%2Fmedia&parent=92081"}],"wp:term":[{"taxonomy":"category","embeddable":true,"href":"https:\/\/diariodominicano.com\/index.php?rest_route=%2Fwp%2Fv2%2Fcategories&post=92081"},{"taxonomy":"post_tag","embeddable":true,"href":"https:\/\/diariodominicano.com\/index.php?rest_route=%2Fwp%2Fv2%2Ftags&post=92081"}],"curies":[{"name":"wp","href":"https:\/\/api.w.org\/{rel}","templated":true}]}}