{"id":92080,"date":"2009-01-06T14:30:48","date_gmt":"2009-01-06T14:30:48","guid":{"rendered":"http:\/\/diariodominicano.ddns.net\/?p=92080"},"modified":"2009-01-06T14:30:48","modified_gmt":"2009-01-06T14:30:48","slug":"reik-comienza-el-ano-con-segundo-sencillo-de-su-disco-un-dia-mas","status":"publish","type":"post","link":"https:\/\/diariodominicano.com\/?p=92080","title":{"rendered":"Reik comienza el a\u00f1o con segundo sencillo de su disco \u201cUn d\u00eda m\u00e1s\u201d"},"content":{"rendered":"<p><body><\/p>\n<p class=\"titulogrande1\">Reik  comienza el a\u00f1o con segundo sencillo de su disco \u201cUn d\u00eda m\u00e1s\u201d<\/p>\n<p>&#13;<\/p>\n<p>\u00a0<\/p>\n<p>&#13;<\/p>\n<p align=\"justify\" class=\"text1noticias\"><img loading=\"lazy\" decoding=\"async\" src=\"http:\/\/localhost:8080\/gente\/img\/reiki.jpg\" width=\"375\" height=\"285\" hspace=\"4\" align=\"left\" \/>Miami, FL, 5 de  enero del 2009.- <a href=\"http:\/\/www.youtube.com\/reik\"><strong>Reik<\/strong><\/a>, la banda de m\u00fasica pop que ha logrado  cautivar a miles de fan\u00e1ticos por toda Latinoam\u00e9rica y Estados Unidos, estrena  su segundo corte promocional titulado \u201c<a href=\"http:\/\/www.ffmediacorp.com\/ecards\/351\"><strong>Fui<\/strong><\/a>\u201d, tema que forma parte de su m\u00e1s reciente  producci\u00f3n discogr\u00e1fica, \u201cUn D\u00eda M\u00e1s\u201d.<br \/>&#13;<br \/>\n  <br \/>&#13;<br \/>\n  Esta interpretaci\u00f3n  muestra el lado m\u00e1s rom\u00e1ntico y melanc\u00f3lico de <strong>Jes\u00fas<\/strong>, <strong>Julio<\/strong> y <strong>Bibi<\/strong>, integrantes de esta popular  agrupaci\u00f3n de origen mexicana y autores de todas las composiciones que  conforman este \u00e1lbum.<br \/>&#13;<br \/>\n  <br \/>&#13;<br \/>\n  Esta canci\u00f3n  iniciar\u00e1 a difundirse a partir de hoy, a trav\u00e9s las principales estaciones  radiales hispanas de los Estados Unidos, como tambi\u00e9n de M\u00e9xico y el resto de  Am\u00e9rica Latina.<br \/>&#13;<br \/>\n  <br \/>&#13;<br \/>\n  Las filmaciones del  video clip de este tema se iniciar\u00e1n la pr\u00f3xima semana en la ciudad de M\u00e9xico,  y se estrenar\u00e1 en los principales canales de m\u00fasica e Internet, a finales de  este mes.<br \/>&#13;<br \/>\n  <br \/>&#13;<br \/>\n  \u201cInolvidable\u201d, el  primer sencillo del disco, logr\u00f3 alcanzar los primeros lugares de las listas de  popularidad en M\u00e9xico, Argentina, Chile, Colombia, Costa Rica y Estados Unidos.<br \/>&#13;<br \/>\n  <br \/>&#13;<br \/>\n  \u201cUn D\u00eda M\u00e1s\u201d es otro  gran lanzamiento de Sony Music.<\/p>\n<p>&#13;<\/p>\n<h6> 2009-01-06 14:30:48 <\/h6>\n<p><!--\n<link rel=\"stylesheet\" href=\"css\/bootstrap.min.css\">\n\n\n<ul class=\"pagination\">\n\t    \n\t\n\n<li >\n\t<a href='?page_no=20701'>Previous<\/a>\n\t<\/li>\n\n\n       \n    \n\n<li><a href='?page_no=1'>1<\/a><\/li>\n\n\n\n<li><a href='?page_no=2'>2<\/a><\/li>\n\n\n\n<li><a>...<\/a><\/li>\n\n\n\n<li><a href='?page_no=20700'>20700<\/a><\/li>\n\n\n\n<li><a href='?page_no=20701'>20701<\/a><\/li>\n\n\n\n<li class='active'><a>20702<\/a><\/li>\n\n\n\n<li><a href='?page_no=20703'>20703<\/a><\/li>\n\n\n\n<li><a href='?page_no=20704'>20704<\/a><\/li>\n\n\n\n<li><a>...<\/a><\/li>\n\n\n\n<li><a href='?page_no=22522'>22522<\/a><\/li>\n\n\n\n<li><a href='?page_no=22523'>22523<\/a><\/li>\n\n    \n\t\n\n<li >\n\t<a href='?page_no=20703'>Next<\/a>\n\t<\/li>\n\n\n    \n\n<li><a href='?page_no=22523'>Last &rsaquo;&rsaquo;<\/a><\/li>\n\n<\/ul>\n\n\n--><br \/>\n<\/body><\/p>\n","protected":false},"excerpt":{"rendered":"<p>Reik comienza el a\u00f1o con segundo sencillo de su disco \u201cUn d\u00eda m\u00e1s\u201d &#13; \u00a0 &#13; Miami, FL, 5 de enero del 2009.- Reik, la banda de m\u00fasica pop que ha logrado cautivar a miles de fan\u00e1ticos por toda Latinoam\u00e9rica y Estados Unidos, estrena su segundo corte promocional titulado \u201cFui\u201d, tema que forma parte de [&hellip;]<\/p>\n","protected":false},"author":3,"featured_media":0,"comment_status":"open","ping_status":"open","sticky":false,"template":"","format":"standard","meta":{"footnotes":""},"categories":[25],"tags":[],"class_list":["post-92080","post","type-post","status-publish","format-standard","hentry","category-gente"],"_links":{"self":[{"href":"https:\/\/diariodominicano.com\/index.php?rest_route=\/wp\/v2\/posts\/92080","targetHints":{"allow":["GET"]}}],"collection":[{"href":"https:\/\/diariodominicano.com\/index.php?rest_route=\/wp\/v2\/posts"}],"about":[{"href":"https:\/\/diariodominicano.com\/index.php?rest_route=\/wp\/v2\/types\/post"}],"author":[{"embeddable":true,"href":"https:\/\/diariodominicano.com\/index.php?rest_route=\/wp\/v2\/users\/3"}],"replies":[{"embeddable":true,"href":"https:\/\/diariodominicano.com\/index.php?rest_route=%2Fwp%2Fv2%2Fcomments&post=92080"}],"version-history":[{"count":0,"href":"https:\/\/diariodominicano.com\/index.php?rest_route=\/wp\/v2\/posts\/92080\/revisions"}],"wp:attachment":[{"href":"https:\/\/diariodominicano.com\/index.php?rest_route=%2Fwp%2Fv2%2Fmedia&parent=92080"}],"wp:term":[{"taxonomy":"category","embeddable":true,"href":"https:\/\/diariodominicano.com\/index.php?rest_route=%2Fwp%2Fv2%2Fcategories&post=92080"},{"taxonomy":"post_tag","embeddable":true,"href":"https:\/\/diariodominicano.com\/index.php?rest_route=%2Fwp%2Fv2%2Ftags&post=92080"}],"curies":[{"name":"wp","href":"https:\/\/api.w.org\/{rel}","templated":true}]}}